{"id":5050,"date":"2015-12-14T22:06:09","date_gmt":"2015-12-14T20:06:09","guid":{"rendered":"http:\/\/www.kaldkriips.ee\/?p=5050"},"modified":"2015-12-14T22:06:09","modified_gmt":"2015-12-14T20:06:09","slug":"palju-muusikat","status":"publish","type":"post","link":"https:\/\/www.kaldkriips.ee\/?p=5050","title":{"rendered":"Palju muusikat"},"content":{"rendered":"<p>Aasta hakkab l\u00f5ppema ja tahtmatult p\u00f6\u00f6rad pilgu tagasi, et m\u00f5elda m\u00f5nedele asjadele, mis olnud. Ette v\u00e4ga ei vaataks, sest arukamaks pean t\u00e4nases p\u00e4evas elamist. Lihtsalt&#8230;me keegi ei tea, mis seal ees ootab. Unistada ju v\u00f5ib, aga me ei tea. Nii m\u00f5tlengi, et m\u00f5istlikum on keskenduda k\u00e4esolevale. Luubi alla v\u00f5taks muusika meie elus.<br \/>\nEi saa salata, et muusika meie koju t\u00f5i \u00fcle aastate tagasi Kirke ja mul on siiralt hea meel, et sellest on saanud tema s\u00fcdameasi  ja r\u00f5\u00f5m. Mina r\u00f5\u00f5mustan temaga koos.<br \/>\nAasta sisse on mahtunud hulgaliselt kontserte ja konkursse, niisama esinemisi ja loomulikult tihedalt \u00f5pinguid. K\u00f5igele lisaks oleme ka ise k\u00e4inud kuulamas ilusaid kontserte ja vaatamas etendusi. Mitte k\u00fcll liiga palju, aga niipalju, kui rahakott on lubanud. Tore, et ka muusikakool korraldab oma \u00f5pilastele kontserditel k\u00e4imisi v\u00f5i jagab tasuta pileteid. Sellegi n\u00e4dala l\u00f5pus korjatakse kokku bussit\u00e4is muusikahuvilisi lapsi ja s\u00f5idutatakse nad Estonia kontserdisaali kontserdile.<br \/>\n\u00dches\u00f5naga, meie v\u00f5ime oma muusika &#8211; aastaga olla v\u00e4gagi rahul ja aasta esinemised l\u00f5petasid meil kaks toredat kontserti. Muusikakooli j\u00f5ulukontsert ning Laulustuudio j\u00f5ulukontsert. M\u00f5lemad v\u00e4ga ilusad ja rahva poolt oodatud.<\/p>\n<p>Muusikakooli j\u00f5ulukontsert oli etteastete poolest kirju ja huvitav. Alates sellest aastast on muusikakoolis v\u00f5imalik \u00f5ppida ka laulu erialal ja see t\u00f5i kontserdile uut vaheldust, ehk siis etteasteid, kus k\u00f5las laul. Laul k\u00f5las nii solisti esituses kui ka ansambli esituses ning isegi koos fl\u00f6\u00f6diansambliga. Hubases saalis oli palju kuulajaid ning \u00f5dus \u00f5hkkond. K\u00f5las viiul, fl\u00f6\u00f6t, akordion, klaver, t\u0161ello, erinevad l\u00f6\u00f6kpillid(vibrafon, ks\u00fcllofon&#8230;), saksofon, klarnet, trompet, metsasarv&#8230; ja l\u00f5petas kontserdi muusikakooli s\u00fcmfonjettorkester oma v\u00e4ga kauni ja v\u00f5imsa etteastega. H\u00e4sti palju andekaid ja toredaid lapsi.<\/p>\n<p><center><a href=\"\/pildid\/1258\/IMG_9499-2.jpg\"><img decoding=\"async\" src=\"\/pildid\/1258\/IMG_9499-2.jpg\" alt=\"kontsert\" \/><\/a><\/center><\/p>\n<p><center><a href=\"\/pildid\/1258\/IMG_9507-2.jpg\"><img decoding=\"async\" src=\"\/pildid\/1258\/IMG_9507-2.jpg\" alt=\"kontsert\" \/><\/a><\/center><\/p>\n<p>Kirke l\u00f5petab sel aastal siis oma klaveri\u00f5pingute 2. klassi teise veerandi sellise palaga:<\/p>\n<p><iframe loading=\"lazy\" title=\"Muusikakooli j\u00f5ulukontsert 2015\" width=\"640\" height=\"360\" src=\"https:\/\/www.youtube.com\/embed\/ymWSKkUwq0g?feature=oembed\" frameborder=\"0\" allow=\"accelerometer; autoplay; clipboard-write; encrypted-media; gyroscope; picture-in-picture; web-share\" referrerpolicy=\"strict-origin-when-cross-origin\" allowfullscreen><\/iframe><\/p>\n<p><center><a href=\"\/pildid\/1258\/IMG_9516-2.jpg\"><img decoding=\"async\" src=\"\/pildid\/1258\/IMG_9516-2.jpg\" alt=\"kontsert\" \/><\/a><\/center><\/p>\n<p><center><a href=\"\/pildid\/1258\/IMG_9528-3.jpg\"><img decoding=\"async\" src=\"\/pildid\/1258\/IMG_9528-3.jpg\" alt=\"kontsert\" \/><\/a><\/center><\/p>\n<p><center><a href=\"\/pildid\/1258\/IMG_9531-2.jpg\"><img decoding=\"async\" src=\"\/pildid\/1258\/IMG_9531-2.jpg\" alt=\"kontsert\" \/><\/a><\/center><\/p>\n<p>Eile, ehk siis p\u00fchap\u00e4eval, toimus kultuurikeskuses laulustuudio j\u00f5ulukontsert. Stuudio kontserdite ajal t\u00f5deme ikka ja j\u00e4lle, et see saal on j\u00e4\u00e4nud v\u00e4ikeseks, mis v\u00e4ikeseks. Kell \u00fcks see kontsert hakkas peale ja poole neljaks  sai l\u00e4bi. Esineda said k\u00f5ik stuudio koorid, ansamblid ja solistid. Puudu olid vaid need, keda haigus suutis murda. Oli eelkoor, mudilaskoor, lastekoor ja neidude koor. Laulsid poistekoor ja noorte meeste koor. K\u00f5las noormeeste ansambli lugu ja saime kuulda ka Valgre projektis osalenud segaansamblit. R\u00e4\u00e4kimata arvukatest solistidest.<br \/>\n2,5 tundi l\u00e4ksid lennates ning laste etteasted l\u00f5petas traditsioonilselt laul &#8221; Taas talv on tulnud&#8230;.&#8221;, kus laval olid k\u00f5ik, k\u00f5ik kontserdil osalenud lapsed. Puudu polnud ka lahedad p\u00e4kapikud, kes ilmusid v\u00e4lja perioodiliselt k\u00fcll siit, k\u00fcll sealt, silkasid omameelest salaja \u00fcle lava, tantsisid Valgre  laulu saatel valssi, jagasid lastele kingitusi ja k\u00f5ige l\u00f5puks t\u00f5id osalejatele suure k\u00fclmakastit\u00e4ie <a href=\"https:\/\/www.facebook.com\/J%C3%A4%C3%A4mari-k%C3%A4sit%C3%B6%C3%B6-pulgaj%C3%A4%C3%A4tis-625828347554206\/timeline\">J\u00e4\u00e4marja<\/a> j\u00e4\u00e4tist. J\u00e4tsi oli nii palju, et vanemadki said mekkida. Oli t\u00f5esti h\u00e4\u00e4 &#8211; puhta naturaalne ja s\u00e4ilitusaineteta, p\u00e4ris marjadest ja puuviljadest. Meie oma, Raplamaine.<\/p>\n<p><center><a href=\"\/pildid\/1258\/IMG_9567-2.jpg\"><img decoding=\"async\" src=\"\/pildid\/1258\/IMG_9567-2.jpg\" alt=\"kontsert\" \/><\/a><\/center> <\/p>\n<p>Eelkoori ees on nende enda noor dirigent :)<\/p>\n<p><center><a href=\"\/pildid\/1258\/IMG_9577-2.jpg\"><img decoding=\"async\" src=\"\/pildid\/1258\/IMG_9577-2.jpg\" alt=\"kontsert\" \/><\/a><\/center><\/p>\n<p>Meie mutad, ehk mudilaskoor. Mitmed mudilaskoori k\u00f5ige vanemad lapsed on t\u00e4navu kolinud lastekoori, kuna proovide kellaajad ei sobinud enam h\u00e4sti muusikakooliga.<\/p>\n<p><center><a href=\"\/pildid\/1258\/IMG_9589-2.jpg\"><img decoding=\"async\" src=\"\/pildid\/1258\/IMG_9589-2.jpg\" alt=\"kontsert\" \/><\/a><\/center><\/p>\n<p>Mudilaskoor ja lastekoor esitasid kaks laulu koos &#8211; kokku polnud kunagi harjutanud, aga v\u00e4lja tuli v\u00e4ga kaunilt.<\/p>\n<p><center><a href=\"\/pildid\/1258\/IMG_9636-2.jpg\"><img decoding=\"async\" src=\"\/pildid\/1258\/IMG_9636-2.jpg\" alt=\"kontsert\" \/><\/a><\/center><\/p>\n<p>Noorte meeste koor<\/p>\n<p><center><a href=\"\/pildid\/1258\/IMG_9581-2.jpg\"><img decoding=\"async\" src=\"\/pildid\/1258\/IMG_9581-2.jpg\" alt=\"kontsert\" \/><\/a><\/center><\/p>\n<p>Kirke hakkab kohe soleerima <\/p>\n<p><center><a href=\"\/pildid\/1258\/IMG_9665.jpg\"><img decoding=\"async\" src=\"\/pildid\/1258\/IMG_9665.jpg\" alt=\"kontsert\" \/><\/a><\/center><\/p>\n<p>J\u00e4ts k\u00e4es &#8211; banaani\/karamelli<\/p>\n<p><center><a href=\"\/pildid\/1258\/IMG_9667.jpg\"><img decoding=\"async\" src=\"\/pildid\/1258\/IMG_9667.jpg\" alt=\"kontsert\" \/><\/a><\/center><\/p>\n<p>K\u00f5igil j\u00e4\u00e4tis k\u00e4es, aeg kast kinni panna.<\/p>\n<p><center><a href=\"\/pildid\/1258\/IMG_9558.jpg\"><img decoding=\"async\" src=\"\/pildid\/1258\/IMG_9558.jpg\" alt=\"kontsert\" \/><\/a><\/center><\/p>\n<p>Meie kultuurikeskuses on selline huvitav j\u00f5ulutaies traditsioonilise kuuse asemel.  Au ja Kiitus Maarikale!<\/p>\n<p>Mis siis veel j\u00e4\u00e4nud on enne suurt j\u00f5ulurahu? \u00dclehomme on kirikus traditsiooniline suur Rapla valla noorte kooride kirikukontsert. V\u00e4ga populaarne kontsert, mis toob alati kiriku puup\u00fcsti rahvast t\u00e4is. Peale seda on lastele kultuurikeskuses tavaks saanud j\u00f5ulutrall. Kirke laulab seal kontserdil, ma arvan juba neljas v\u00f5i viies aasta. Esimest korda eelkoori ajal. Kirikus pole kunagi eriti soe, aga kaunis laul ajab alati k\u00fclma \u00e4ra.<br \/>\nSellega saab muusikaaasta 2015 l\u00e4bi, pisut puhkust ja uuel aastal uue hooga &#8211; ikka hinge paitavat muusikat kuulama ja looma. <\/p>\n","protected":false},"excerpt":{"rendered":"<p>Aasta hakkab l\u00f5ppema ja tahtmatult p\u00f6\u00f6rad pilgu tagasi, et m\u00f5elda m\u00f5nedele asjadele, mis olnud. Ette v\u00e4ga ei vaataks, sest arukamaks pean t\u00e4nases p\u00e4evas elamist. Lihtsalt&#8230;me keegi ei tea, mis seal ees ootab. Unistada ju v\u00f5ib, aga me ei tea. Nii &hellip; <a href=\"https:\/\/www.kaldkriips.ee\/?p=5050\">J\u00e4tka lugemist <span class=\"meta-nav\">&rarr;<\/span><\/a><\/p>\n","protected":false},"author":1,"featured_media":0,"comment_status":"open","ping_status":"open","sticky":false,"template":"","format":"standard","meta":{"footnotes":""},"categories":[5],"tags":[],"class_list":["post-5050","post","type-post","status-publish","format-standard","hentry","category-mina-ise-ja-muud-loomad"],"_links":{"self":[{"href":"https:\/\/www.kaldkriips.ee\/index.php?rest_route=\/wp\/v2\/posts\/5050"}],"collection":[{"href":"https:\/\/www.kaldkriips.ee\/index.php?rest_route=\/wp\/v2\/posts"}],"about":[{"href":"https:\/\/www.kaldkriips.ee\/index.php?rest_route=\/wp\/v2\/types\/post"}],"author":[{"embeddable":true,"href":"https:\/\/www.kaldkriips.ee\/index.php?rest_route=\/wp\/v2\/users\/1"}],"replies":[{"embeddable":true,"href":"https:\/\/www.kaldkriips.ee\/index.php?rest_route=%2Fwp%2Fv2%2Fcomments&post=5050"}],"version-history":[{"count":12,"href":"https:\/\/www.kaldkriips.ee\/index.php?rest_route=\/wp\/v2\/posts\/5050\/revisions"}],"predecessor-version":[{"id":5063,"href":"https:\/\/www.kaldkriips.ee\/index.php?rest_route=\/wp\/v2\/posts\/5050\/revisions\/5063"}],"wp:attachment":[{"href":"https:\/\/www.kaldkriips.ee\/index.php?rest_route=%2Fwp%2Fv2%2Fmedia&parent=5050"}],"wp:term":[{"taxonomy":"category","embeddable":true,"href":"https:\/\/www.kaldkriips.ee\/index.php?rest_route=%2Fwp%2Fv2%2Fcategories&post=5050"},{"taxonomy":"post_tag","embeddable":true,"href":"https:\/\/www.kaldkriips.ee\/index.php?rest_route=%2Fwp%2Fv2%2Ftags&post=5050"}],"curies":[{"name":"wp","href":"https:\/\/api.w.org\/{rel}","templated":true}]}}