{"id":5019,"date":"2015-12-01T09:05:39","date_gmt":"2015-12-01T07:05:39","guid":{"rendered":"http:\/\/www.kaldkriips.ee\/?p=5019"},"modified":"2015-12-01T09:05:39","modified_gmt":"2015-12-01T07:05:39","slug":"austusavaldus-meie-koerale-ehk-kirke-uus-kleit","status":"publish","type":"post","link":"https:\/\/www.kaldkriips.ee\/?p=5019","title":{"rendered":"Austusavaldus meie koerale &#8211; ehk Kirke uus kleit"},"content":{"rendered":"<p> Peale seda, kui meie armas koer l\u00e4ks \u00fcle vikerkaare ja k\u00e4ib n\u00fc\u00fcd taevas jalutamas koos minu isaga, on Kirke jaoks olnud pidevalt oluline dalmaatslaste teema. Ta ei igatse \u00fcksk\u00f5ik millist koera, ta igatseb oma koera. Nii ongi, et meie koju uut koera ei tule, aga aeg ajalt tekivad siia mingid esemed, kus dalmaatslased peal.<br \/>\n S\u00fcnnip\u00e4evaks n\u00e4iteks sai \u00fche padja, kus t\u00e4pilised s\u00f5brad reas.<br \/>\nHiljaaegu k\u00e4isin kangapoes ja silma j\u00e4id m\u00f5ned t\u00e4pikutega kangad. Ostmata nad, nagu n\u00e4ha, ei j\u00e4\u00e4nud. \u00dchest on t\u00e4naseks saanud siis juba kleit. Pihaosa ja varrukad mustast trikotaa\u017eist. Kaelaaugu kant, varrukaotsad ja seeliku osa dalmaatslastega trikotaa\u017eist. L\u00f5ige on p\u00e4rit \u00fchest Ottobre ajakirjast, aga millisest&#8230;seda ma enam ei teagi. Laenutasin selle raamatukogust ja ajakiri tagasi viidud. Mingit erilist l\u00f5iget seal tegelikult nagu polegi. \u00dclemine osa seega klassikaliselt t\u00e4iesti tavalise l\u00f5ikega. Seelikuosa veidi alt laienev. Varrukad on otstest pisut laienevad ja kroogitud ning siis omakorda kanditud. Kaelaauk samuti kanditud. Nii varrukaotsad, kui ka kaelus on tepitud topeltn\u00f5elaga. Peal k\u00e4ib seotav v\u00f6\u00f6.<br \/>\nKapis on veel \u00fcks t\u00e4piliste kutsadega kangas, pisut teistsugune. Millalgi saab sellest samuti midagi.<\/p>\n<p><center><a href=\"\/pildid\/1256\/IMG_9294.jpg\"><img decoding=\"async\" src=\"\/pildid\/1256\/IMG_9294.jpg\" alt=\"kleit\" \/><\/a><\/center><\/p>\n<p><center><a href=\"\/pildid\/1256\/IMG_9296.jpg\"><img decoding=\"async\" src=\"\/pildid\/1256\/IMG_9296.jpg\" alt=\"kleit\" \/><\/a><\/center><\/p>\n","protected":false},"excerpt":{"rendered":"<p>Peale seda, kui meie armas koer l\u00e4ks \u00fcle vikerkaare ja k\u00e4ib n\u00fc\u00fcd taevas jalutamas koos minu isaga, on Kirke jaoks olnud pidevalt oluline dalmaatslaste teema. Ta ei igatse \u00fcksk\u00f5ik millist koera, ta igatseb oma koera. Nii ongi, et meie koju &hellip; <a href=\"https:\/\/www.kaldkriips.ee\/?p=5019\">J\u00e4tka lugemist <span class=\"meta-nav\">&rarr;<\/span><\/a><\/p>\n","protected":false},"author":1,"featured_media":0,"comment_status":"open","ping_status":"open","sticky":false,"template":"","format":"standard","meta":{"footnotes":""},"categories":[33],"tags":[],"class_list":["post-5019","post","type-post","status-publish","format-standard","hentry","category-minu-kasitoo"],"_links":{"self":[{"href":"https:\/\/www.kaldkriips.ee\/index.php?rest_route=\/wp\/v2\/posts\/5019"}],"collection":[{"href":"https:\/\/www.kaldkriips.ee\/index.php?rest_route=\/wp\/v2\/posts"}],"about":[{"href":"https:\/\/www.kaldkriips.ee\/index.php?rest_route=\/wp\/v2\/types\/post"}],"author":[{"embeddable":true,"href":"https:\/\/www.kaldkriips.ee\/index.php?rest_route=\/wp\/v2\/users\/1"}],"replies":[{"embeddable":true,"href":"https:\/\/www.kaldkriips.ee\/index.php?rest_route=%2Fwp%2Fv2%2Fcomments&post=5019"}],"version-history":[{"count":5,"href":"https:\/\/www.kaldkriips.ee\/index.php?rest_route=\/wp\/v2\/posts\/5019\/revisions"}],"predecessor-version":[{"id":5025,"href":"https:\/\/www.kaldkriips.ee\/index.php?rest_route=\/wp\/v2\/posts\/5019\/revisions\/5025"}],"wp:attachment":[{"href":"https:\/\/www.kaldkriips.ee\/index.php?rest_route=%2Fwp%2Fv2%2Fmedia&parent=5019"}],"wp:term":[{"taxonomy":"category","embeddable":true,"href":"https:\/\/www.kaldkriips.ee\/index.php?rest_route=%2Fwp%2Fv2%2Fcategories&post=5019"},{"taxonomy":"post_tag","embeddable":true,"href":"https:\/\/www.kaldkriips.ee\/index.php?rest_route=%2Fwp%2Fv2%2Ftags&post=5019"}],"curies":[{"name":"wp","href":"https:\/\/api.w.org\/{rel}","templated":true}]}}