{"id":5012,"date":"2015-11-29T21:19:17","date_gmt":"2015-11-29T19:19:17","guid":{"rendered":"http:\/\/www.kaldkriips.ee\/?p=5012"},"modified":"2015-11-29T21:19:17","modified_gmt":"2015-11-29T19:19:17","slug":"kaes-ta-ongi-esimene-advent","status":"publish","type":"post","link":"https:\/\/www.kaldkriips.ee\/?p=5012","title":{"rendered":"K\u00e4es ta ongi &#8211; esimene advent"},"content":{"rendered":"<p>Olen absoluutselt mitteoriginaalne ja \u00fctlen, et j\u00e4lle&#8230;j\u00e4lle on advendiaeg k\u00e4es nii ruttu ja nii ootamatult. Nii palju tahaks j\u00f5uda ja nii v\u00e4he on aega. T\u00fc\u00fcpiline, eks.<br \/>\n  Ma unistan sellisest ajast, et j\u00f5ulukuu oleks t\u00f6\u00f6st vaba. Just oma p\u00f5hit\u00f6\u00f6st, sest aasta jooksul olen niikuinii rohkem t\u00f6\u00f6l ja t\u00f6\u00f6kollektiiviga koos, kui n\u00e4en oma l\u00e4hedasi inimesi. Jama v\u00e4rk, aga nii kipub see olema.<br \/>\nMa ei saa \u00f6elda, et j\u00e4lle need j\u00f5ulud, sest j\u00f5ulud mulle meeldivad ja suur hulk lapsemeelsust on minus \u00f5nneks s\u00e4ilinud koos p\u00e4kapikumuinasjuttudega ja sooviga teha lihtsalt head.  Mulle meeldiks nii v\u00e4ga veeta j\u00f5ulukuud koos oma lastega ja lapselastega. Koos meisterdada, teha toredaid asju, k\u00e4ia jalutamas, r\u00e4\u00e4kida lugusid, ajada p\u00e4kapikkude j\u00e4lgi taga ning tunda elu imelisust. K\u00fcpsetada maitsvaid asju, istuda k\u00fc\u00fcnlavalgel ja nautida koosolemist. Mulle tundub, et see oleks vajalik mittesugugi ainult j\u00f5ulude p\u00e4rast, vaid suuresti selleks, et elada \u00fcle see s\u00fcgisene kaamos &#8211; v\u00e4rvitu ja pime maailma. Pime igas m\u00f5ttes. Pime, et ongi pime ja pime maailm selles m\u00f5ttes, et inimesed enam ei n\u00e4e, kui ohtlikule servale nad meie kauni maakera elu on veeretanud. Hoolimatus, julmus, viha, vaen,valelikkus, \u00e4rategemine&#8230;kuhu aga ei vaata. Validki l\u00f5puks selle tee, et l\u00fclitad ennast kogu hullusest v\u00e4lja ja tahaks olla lihtsalt kodus, omadega koos.<br \/>\n<center><a href=\"\/pildid\/1255\/IMG_9316.jpg\"><img decoding=\"async\" src=\"\/pildid\/1255\/IMG_9316.jpg\" alt=\"advent\" \/><\/a><\/center><\/p>\n<p>T\u00e4na, esimesel advendil, s\u00fc\u00fctasime kodus k\u00fc\u00fcnlad. Ei, mitte \u00fche, vaid palju ja mitte alles t\u00e4na. K\u00fc\u00fcnlad p\u00f5levad meil juba sellest ajast, kui pimedus hakkas maad katma ning koju j\u00f5udes on ikka esimene asi m\u00f5ned k\u00fc\u00fcnlad p\u00f5lema panna. Helgemaks ja valgemaks l\u00e4heb. Tassisime t\u00e4na kapist v\u00e4lja j\u00f5uludega seotud asju &#8211; p\u00e4kapikke, s\u00fcdameid, j\u00f5ulumajakesi&#8230;ja elutoa aknalaud muutus veidi muinasjutulisemaks. Kui istuda diivanil, on eriti m\u00f5nus, sest siis ei paista tuppa need \u00f5ues olevad purusinised lumehelbed laternapostide k\u00fcljes. Maitse asi, aga kuidagi nii r\u00e4igelt m\u00f5juvad, et p\u00fc\u00fcan neist m\u00f6\u00f6da vaadata.<br \/>\nS\u00f5branna k\u00e4is just k\u00fclas. Oli \u00fcle lahe siinmail k\u00e4imas. Istusime j\u00f5ime teed, s\u00f5ime \u00f5unakooki ja r\u00e4\u00e4kisime meie j\u00e4rjekordsest \u00fchisn\u00e4itusest. Aasta tagasi koos \u00fclespandud n\u00e4itus jah, r\u00e4ndab meil siiani. Kohe, kohe, aasta alguses l\u00e4heb see \u00fcles Tammelas,  taaskord siis Soomes. M\u00f5lgutasime m\u00f5tteid j\u00e4rgmisest \u00fchisprojektist. Ideed on olemas&#8230;peab veel kukalt s\u00fcgama ja m\u00f5tteid lihvima.  <\/p>\n<p><center><a href=\"\/pildid\/1255\/IMG_9319.jpg\"><img decoding=\"async\" src=\"\/pildid\/1255\/IMG_9319.jpg\" alt=\"advent\" \/><\/a><\/center><\/p>\n<p><center><a href=\"\/pildid\/1255\/IMG_9325.jpg\"><img decoding=\"async\" src=\"\/pildid\/1255\/IMG_9325.jpg\" alt=\"advent\" \/><\/a><\/center><\/p>\n<p><center><a href=\"\/pildid\/1255\/IMG_9324.jpg\"><img decoding=\"async\" src=\"\/pildid\/1255\/IMG_9324.jpg\" alt=\"advent\" \/><\/a><\/center><\/p>\n<p>Selline ta siis t\u00e4na oligi, see esimene advent. Rahulik, kodune, hubane. M\u00f5nusat vaikust segas ainult pesumasina surin :) Ok, lapse laul ka. Tema vist ei laula ainult siis, kui s\u00f6\u00f6b v\u00f5i magab, aga tema laul ei sega, liiati, et sealt tuleb vahest selliseid ooperiaariaid, et mul kerkivad teises toas kulmud kukla taha :D<\/p>\n<p>Ilusat alanud j\u00f5uluaega, armsad inimesed! <\/p>\n","protected":false},"excerpt":{"rendered":"<p>Olen absoluutselt mitteoriginaalne ja \u00fctlen, et j\u00e4lle&#8230;j\u00e4lle on advendiaeg k\u00e4es nii ruttu ja nii ootamatult. Nii palju tahaks j\u00f5uda ja nii v\u00e4he on aega. T\u00fc\u00fcpiline, eks. Ma unistan sellisest ajast, et j\u00f5ulukuu oleks t\u00f6\u00f6st vaba. Just oma p\u00f5hit\u00f6\u00f6st, sest aasta &hellip; <a href=\"https:\/\/www.kaldkriips.ee\/?p=5012\">J\u00e4tka lugemist <span class=\"meta-nav\">&rarr;<\/span><\/a><\/p>\n","protected":false},"author":1,"featured_media":0,"comment_status":"open","ping_status":"open","sticky":false,"template":"","format":"standard","meta":{"footnotes":""},"categories":[5],"tags":[],"class_list":["post-5012","post","type-post","status-publish","format-standard","hentry","category-mina-ise-ja-muud-loomad"],"_links":{"self":[{"href":"https:\/\/www.kaldkriips.ee\/index.php?rest_route=\/wp\/v2\/posts\/5012"}],"collection":[{"href":"https:\/\/www.kaldkriips.ee\/index.php?rest_route=\/wp\/v2\/posts"}],"about":[{"href":"https:\/\/www.kaldkriips.ee\/index.php?rest_route=\/wp\/v2\/types\/post"}],"author":[{"embeddable":true,"href":"https:\/\/www.kaldkriips.ee\/index.php?rest_route=\/wp\/v2\/users\/1"}],"replies":[{"embeddable":true,"href":"https:\/\/www.kaldkriips.ee\/index.php?rest_route=%2Fwp%2Fv2%2Fcomments&post=5012"}],"version-history":[{"count":6,"href":"https:\/\/www.kaldkriips.ee\/index.php?rest_route=\/wp\/v2\/posts\/5012\/revisions"}],"predecessor-version":[{"id":5018,"href":"https:\/\/www.kaldkriips.ee\/index.php?rest_route=\/wp\/v2\/posts\/5012\/revisions\/5018"}],"wp:attachment":[{"href":"https:\/\/www.kaldkriips.ee\/index.php?rest_route=%2Fwp%2Fv2%2Fmedia&parent=5012"}],"wp:term":[{"taxonomy":"category","embeddable":true,"href":"https:\/\/www.kaldkriips.ee\/index.php?rest_route=%2Fwp%2Fv2%2Fcategories&post=5012"},{"taxonomy":"post_tag","embeddable":true,"href":"https:\/\/www.kaldkriips.ee\/index.php?rest_route=%2Fwp%2Fv2%2Ftags&post=5012"}],"curies":[{"name":"wp","href":"https:\/\/api.w.org\/{rel}","templated":true}]}}