{"id":500,"date":"2009-12-07T23:56:26","date_gmt":"2009-12-07T21:56:26","guid":{"rendered":"http:\/\/blog.kaldkriips.ee\/?p=500"},"modified":"2009-12-07T23:56:26","modified_gmt":"2009-12-07T21:56:26","slug":"tosine-nadalalopp","status":"publish","type":"post","link":"https:\/\/www.kaldkriips.ee\/?p=500","title":{"rendered":"T\u00f5sine n\u00e4dalal\u00f5pp"},"content":{"rendered":"<p>Seekord oli reedest p\u00fchap\u00e4evani ainult \u00fcks suur \u00f5ppimine, eneseavastamine, arenemine&#8230;.<br \/>\nOsalesin coachingul, mis viidi l\u00e4bi Eestis koost\u00f6\u00f6s European Coach Federation-iga.<br \/>\nKui esimest korda hakati meile sellest r\u00e4\u00e4kima, siis t\u00f5tt\u00f6elda, j\u00e4in emotsioonituks ja m\u00f5tlesin, et ah, eks vaatab, kas ma ikka viitsin minna.<br \/>\nSel n\u00e4dalal\u00f5pul oli siis esimene moodul. Ma l\u00e4ksin. Ja n\u00fc\u00fcd \u00fctlen 100% kindlusega, et ma v\u00f5tan vastu absoluutselt k\u00f5ik, mis sealt veel antakse !<br \/>\nMa ei oska isegi kirjeldada, mis emotsioonidega ma sealt tulin. Polnud t\u00e4htis, et olin seal kolm pikka p\u00e4eva, v\u00e4ga sisutihedat p\u00e4eva ja s\u00f5itsin k\u00f5ik p\u00e4evad veel ka 100 km sinna ja tagasi.<br \/>\nSee oli igati seda v\u00e4\u00e4rt. Meid oli seal 20 inimest. Kui k\u00fcsiti, kes osaleb j\u00e4rmises moodulis, kerkis 20 k\u00e4tt v\u00e4lgukiirusel :D Sellest r\u00e4\u00e4kida pole isegi m\u00f5tet, seda peab ise kogema.<br \/>\nMinu jaoks oli seal aga veel \u00fcks p\u00f5nev koht. Kuna \u00fcritus oli v\u00f5\u00f5rkeelne, siis kerkis k\u00fcsimus, kuidas tuua see v\u00e4\u00e4rt kogemus keelt mittevaldavate eestlasteni. Mees, kes viis l\u00e4bi seda coach-i, on Euroopa F\u00f6deratsiooni esimees. Peale koolitust tegi ta mulle ettepaneku teha temaga koost\u00f6\u00f6d, et tuua see v\u00f5imalus meie eestlastest t\u00fcdrukuteni, kellel keeleoskus napp.<br \/>\nIgatahes on see  lahe. On piisavalt p\u00f5hjust olla endaga v\u00e4ga rahul :)<\/p>\n","protected":false},"excerpt":{"rendered":"<p>Seekord oli reedest p\u00fchap\u00e4evani ainult \u00fcks suur \u00f5ppimine, eneseavastamine, arenemine&#8230;. Osalesin coachingul, mis viidi l\u00e4bi Eestis koost\u00f6\u00f6s European Coach Federation-iga. Kui esimest korda hakati meile sellest r\u00e4\u00e4kima, siis t\u00f5tt\u00f6elda, j\u00e4in emotsioonituks ja m\u00f5tlesin, et ah, eks vaatab, kas ma ikka &hellip; <a href=\"https:\/\/www.kaldkriips.ee\/?p=500\">J\u00e4tka lugemist <span class=\"meta-nav\">&rarr;<\/span><\/a><\/p>\n","protected":false},"author":1,"featured_media":0,"comment_status":"open","ping_status":"open","sticky":false,"template":"","format":"standard","meta":{"footnotes":""},"categories":[5],"tags":[],"class_list":["post-500","post","type-post","status-publish","format-standard","hentry","category-mina-ise-ja-muud-loomad"],"_links":{"self":[{"href":"https:\/\/www.kaldkriips.ee\/index.php?rest_route=\/wp\/v2\/posts\/500"}],"collection":[{"href":"https:\/\/www.kaldkriips.ee\/index.php?rest_route=\/wp\/v2\/posts"}],"about":[{"href":"https:\/\/www.kaldkriips.ee\/index.php?rest_route=\/wp\/v2\/types\/post"}],"author":[{"embeddable":true,"href":"https:\/\/www.kaldkriips.ee\/index.php?rest_route=\/wp\/v2\/users\/1"}],"replies":[{"embeddable":true,"href":"https:\/\/www.kaldkriips.ee\/index.php?rest_route=%2Fwp%2Fv2%2Fcomments&post=500"}],"version-history":[{"count":0,"href":"https:\/\/www.kaldkriips.ee\/index.php?rest_route=\/wp\/v2\/posts\/500\/revisions"}],"wp:attachment":[{"href":"https:\/\/www.kaldkriips.ee\/index.php?rest_route=%2Fwp%2Fv2%2Fmedia&parent=500"}],"wp:term":[{"taxonomy":"category","embeddable":true,"href":"https:\/\/www.kaldkriips.ee\/index.php?rest_route=%2Fwp%2Fv2%2Fcategories&post=500"},{"taxonomy":"post_tag","embeddable":true,"href":"https:\/\/www.kaldkriips.ee\/index.php?rest_route=%2Fwp%2Fv2%2Ftags&post=500"}],"curies":[{"name":"wp","href":"https:\/\/api.w.org\/{rel}","templated":true}]}}