{"id":4995,"date":"2015-11-17T22:02:19","date_gmt":"2015-11-17T20:02:19","guid":{"rendered":"http:\/\/www.kaldkriips.ee\/?p=4995"},"modified":"2015-11-17T22:02:19","modified_gmt":"2015-11-17T20:02:19","slug":"uks-hull-periood-labi","status":"publish","type":"post","link":"https:\/\/www.kaldkriips.ee\/?p=4995","title":{"rendered":"\u00dcks &#8220;hull&#8221; periood l\u00e4bi."},"content":{"rendered":"<p>Laushull ta n\u00fc\u00fcd p\u00e4riselt muidugi ei olnud, aga selge on see, et kui \u00f5petajad planeerivad lapsele mingeid konkursse, siis sebimist ja tegemist on rohkem, kui muidu. Harjutamistest r\u00e4\u00e4kimata.<br \/>\nSel n\u00e4dalavahetusel saime siis nende asjadega \u00fchele poole, et edasi juba keskenduda j\u00f5uluperioodile ja j\u00e4rgmistele tegemistele.<br \/>\nKokkuv\u00f5tteks saan \u00f6elda seda, et k\u00f5ik l\u00e4ks v\u00e4ga h\u00e4sti. V\u00e4sitavad need p\u00e4evad olid, aga samas v\u00e4ga p\u00f5nevad ja muljeterohked. M\u00f5lemad konkursid olid lapsele esmakordsed, seega suuresti sellised kompimised, et mis ja kuidas. <\/p>\n<p>K\u00f5igepealt s\u00f5itsime reedel, 13-ndal koos Kirke ja tema \u00f5petajaga Saaremaale, Orissaarde, kus toimus esmakordselt festival &#8211; konkurss &#8221; V\u00f5luh\u00e4\u00e4l 2015&#8243;. Festival oli 2 p\u00e4evane, aga meie k\u00e4isime seal rohkem nagu tuld toomas :) Jaa, see tuletoomine k\u00e4is ka tervelt 12 tundi :D \u00dcle mere s\u00f5it v\u00f5tab ikka isegi korraks k\u00e4ies parasjagu palju aega.<br \/>\nKirke oli terve n\u00e4dala h\u00e4das oma h\u00e4\u00e4lega ja h\u00e4\u00e4lepaeltega ning vaatamata pidevatele jalavannidele ja aurudele, ikka seda p\u00e4ris korda ei saanud. Eelmisel \u00f5htul n\u00e4gin juhuslikult t\u00f6\u00f6juures meie pere\u00f5de, kurtsin muret ja tema soovitas kohe minna apteeki k\u00fcsima mingeid tablette, mis just lauluinimestele m\u00f5eldud. Ruttu \u00fcle ukse apteeki ja k\u00e4es nad olidki, puha noodid peal, 20 tk ja 10 eurot. Niipalju neist kasu oli, et enne laulmist v\u00f5tsid suurema k\u00e4rina \u00e4ra ja laulda oli parem. Aga meie tripist:<br \/>\n\u00d5petaja korjas meid kell 7 hommikul peale ja s\u00f5itsime kauneid uduseid, p\u00e4ikeselisi vaateid nautides Virtsu sadamasse. Praamiga \u00fcle ja varsti olimegi Orissaares. Registreerisime ennast \u00e4ra, saime k\u00e4epaelad ja suundusime kohvikusse hommikust s\u00f6\u00f6ma. Me pole p\u00e4ris ammu enam saiakesi s\u00f6\u00f6nud, aga sealses kohvikus salateid ei pakutud, Orissaare pisike&#8230;kus sa ikka veel varahommikul avatud maja leiad. V\u00f5tsime siis saiakesi, mis olid v\u00e4rskelt ahjust tulnud ja maitsesid loomulikult oivaliselt. Vahest harva ju v\u00f5ib. Kaminas p\u00f5les hubane tuli ja nii m\u00f5nuledes v\u00f5ib peaaegu \u00e4ra unustada, miks me saarele \u00fcldse s\u00f5itsime.<br \/>\nS\u00f6\u00f6dud &#8211; m\u00f5nuletud, l\u00e4ksime kultuurimajja tagasi, vahetasime s\u00f5iduriided esinemisriiete vastu ( Kirke vahetas, mina abistasin) ning l\u00e4ksime ootama oma prooviaega. Igale lapsele oli eraldatud tervelt 6 minutit.<\/p>\n<p><center><a href=\"\/pildid\/1254\/IMG_8829.jpg\"><img decoding=\"async\" src=\"\/pildid\/1254\/IMG_8829.jpg\" alt=\"festival\" \/><\/a><\/center><\/p>\n<p><center><a href=\"\/pildid\/1254\/IMG_8838.jpg\"><img decoding=\"async\" src=\"\/pildid\/1254\/IMG_8838.jpg\" alt=\"festival\" \/><\/a><\/center><\/p>\n<p><center><a href=\"\/pildid\/1254\/IMG_8840.jpg\"><img decoding=\"async\" src=\"\/pildid\/1254\/IMG_8840.jpg\" alt=\"festival\" \/><\/a><\/center><\/p>\n<p>Konkurss oli suunitlusega klassikah\u00e4\u00e4lele. Vanuser\u00fchmi 4 ja Kirke osales noorimas vanuser\u00fchmas, kuhu kuulusid 8 &#8211; 10 aastased lapsed. Mis klassikah\u00e4\u00e4lest me saame selles vanuses \u00fcldse r\u00e4\u00e4kida, on hoopis iseasi k\u00fcsimus :) Osalema regsitreeris \u00f5petaja meid viimasel seitsmendal tunnil, sest avastas info juhuslikult televisioonist, kui sellest konkursist r\u00e4\u00e4giti ja uurima hakates oli imekombel vabanenud just \u00fcks koht, mille ta siis kohe ka broneeris. Ega me keegi t\u00e4pselt ei teadnudki, mis meid seal ees ootab ning milliseid laule oleks sinna arukas ette valmistada. L\u00e4ksime \u00fches\u00f5naga maad uurima ja katsetama. Festival ise oli v\u00e4ga lahe, atmosf\u00e4\u00e4r tore ja kindlasti oleks tahtnud j\u00e4\u00e4da sinna kaheks p\u00e4evaks, mille v\u00e4ltel toimus lisaks v\u00f5istulaulmisele palju huvitavaid, harivaid tegevusi ja t\u00f6\u00f6tubasid. L\u00e4biviijateks  tegijad ooperimaailmas &#8211;<br \/>\n Risto Joost,<br \/>\n(dirigent, kontratenor),<br \/>\n Helen Oll<br \/>\n(sopran, vabakutseline),<br \/>\n Helen Lepalaan<br \/>\n(metsosopran, EMTA \u00f5ppej\u00f5ud).<br \/>\nNemad olid ka \u017e\u00fcriis.<\/p>\n<p><center><a href=\"\/pildid\/1254\/IMG_101010.jpg\"><img decoding=\"async\" src=\"\/pildid\/1254\/IMG_101010.jpg\" alt=\"festival\" \/><\/a><\/center><\/p>\n<p>Kogu \u00fcritust alustas kohaliku muusikakooli puhkpilliorkestrike ja Kirkest tegin ainult \u00fche h\u00e4dise esinemisv\u00f5tte, sest otsustasin hoopis filmida tema esinemist.<\/p>\n<p><center><a href=\"\/pildid\/1254\/IMG_8853.jpg\"><img decoding=\"async\" src=\"\/pildid\/1254\/IMG_8853.jpg\" alt=\"festival\" \/><\/a><\/center><\/p>\n<p><center><a href=\"\/pildid\/1254\/IMG_8860.jpg\"><img decoding=\"async\" src=\"\/pildid\/1254\/IMG_8860.jpg\" alt=\"festival\" \/><\/a><\/center><\/p>\n<p>Mida lastel siis \u00fcldse esitada tuli? Ega see p\u00e4hkel lihtne polnud. Esitada tuli 2 laulu. M\u00f5lemad ilma mikrofonita, suures, k\u00f5rges ja rahvast t\u00e4is saalis. Laulud pidid olema erineva karakteriga. \u00dcks laul tuli esitada saatega. Nagu \u00f5petaja \u00fctles, et isegi, kui klaveri klahve ainult silitada, oli saatjatel pidevalt oht lapsest \u00fcle m\u00e4ngida. Teine laul tuli esitada a &#8211; kapella. Ma usun, et v\u00e4ga v\u00e4hesed selles vanuses lastest on oma elus pidanud suures saalis laulma pikemat lugu a-kapellas. Kirkel on \u00f5nneks see tugev k\u00fclg ja helistikus p\u00fcsib ta suurep\u00e4raselt. <\/p>\n<p>Eemalt kuulates ja k\u00f5iki esimese vanuser\u00fchma 15 last j\u00e4lgides, mahtus Kirke kindlasti esimese 5 hulka. Huviga ootame \u017e\u00fcriiliikmete kirja, mis saadetakse igale osav\u00f5tjale ja kus on siis antud igale esinejale isiklik tagasiside. Meie \u00f5petajaga j\u00e4ime tema esinemisega igati rahule ja juba konkursile teel olles teatas \u00f5petaja, et&#8230;.v\u00f5ta vabalt, me ei l\u00e4he sinna v\u00f5itma vaid h\u00e4sti esinema ja asja uurima. Kogemusi saama. Kirkele oligi see p\u00e4ris esimene vabariiklik konkurss. Talle endale k\u00f5ik see v\u00e4rk v\u00e4ga meeldis ja kuigi esimese kolme hulka ta ei tulnud, k\u00fcsis \u00f5petaja juba tagasiteel, et kas j\u00e4rgmine aasta l\u00e4heme uuesti &#8211; ja Kirke oli kohe n\u00f5us. \u00dches\u00f5naga \u00fcdini positiivne kogemus ja tore reis. Ojaa, vahepeal k\u00e4isime isegi kalal&#8230;..ehk siis proovide ja kontserdi vahel leidsime aega k\u00e4ia \u00e4ra Leisis ja varustada ennast hunniku lestadega.  Kokkuv\u00f5tteks &#8211; k\u00f5ik oli v\u00e4ga h\u00e4sti ja 2016 november on plaanis olla seal tagasi.<\/p>\n<p><center><a href=\"\/pildid\/1254\/IMG_8842.jpg\"><img decoding=\"async\" src=\"\/pildid\/1254\/IMG_8842.jpg\" alt=\"festival\" \/><\/a><\/center><\/p>\n<p>Tagasiteel k\u00fclastasime Liiva poodi, et koju saaks ikka osta head saare leiba. Nisujahuta ja igasuguse muu paha kraamita. S\u00f6\u00f6me ja matsutame siiani. Nojah ja kuna laulud lauldud ja kurguga v\u00f5is juba trikke teha, \u00fcllatas \u00f5petaja meid autos j\u00e4\u00e4tistega.<\/p>\n<p>Hilis\u00f5htuks olime  v\u00e4sinud aga r\u00f5\u00f5msad &#8211;  ning kodus tagasi. Pikka pidu polud ja \u00fcsna varsti tuli magama minna, sest hommikul ootas juba ees j\u00e4rgmine konkurss. Sedakorda siis Tabasalus Loode regiooni klaverikonkurss. Selle konkursi p\u00e4rast me ei saanudki kaheks p\u00e4evaks Saaremaale j\u00e4\u00e4da, aga klaverikonkursiks oli harjutatud hoolega ning minemata j\u00e4tmine oleks olnud kurjast. Oleks siis veel, et laps ise ei taha, aga tema on alati n\u00f5us k\u00f5igest r\u00f5\u00f5muga osa v\u00f5tma.<br \/>\nLoode regioon on vabariigi suurim &#8211; 22 muusikakooli. Selle konkursi puhul v\u00f5iks \u00f6elda, et korraldus oli veidi nagu ligadi &#8211; logadi. 2 ja 3 klasside esinemised v\u00f5tsid v\u00e4ga palju aega ja need kuulati \u00e4ra j\u00e4rjest. Lisaks sellele, tegi \u017e\u00fcrii otsust tervelt tund aega. Otseloomulikult, lapsed, kes olid kodudest juba v\u00e4lja s\u00f5itnud hommikul 9 ajal muutusid t\u00fclpinuks ja n\u00e4ljaseks. Mis seal salata, suurtelgi k\u00f5hud korisesid. Veidi kummaline, et \u017e\u00fcriiliikmeid oli ainult 2. Paaritu arv v\u00f5iks neid ju ometi olla, et otsused oleks erapooletumad. See selleks. Ma pole kunagi \u00fchelgi klaverikonkursil k\u00e4inud ja t\u00f5tt\u00f6elda, mind h\u00e4mmastas v\u00e4ga k\u00f5rge tase. 2 klassi lapsi esines 16 ja nendest ehk vaid 2 kohta v\u00f5is \u00f6elda, et nad olid \u00fclej\u00e4\u00e4nutest pisut n\u00f5rgemad. Rebimine seega oli v\u00e4ga k\u00f5va. Esitamisel olid Eesti autorite palad, millest \u00fcks oli kohustuslik, teine vaba valik. 16 korda saime kuulata &#8221; Varblaste m\u00e4ngu&#8221; :) Samas, see oli v\u00e4ga huvitav &#8211; kes kuidas seda  lahendas ja kui t\u00e4pselt m\u00e4ngis. Vabalt valitud lugude tase oli aga kohe v\u00e4ga \u00fcllatavalt k\u00f5rge. Raplast oli 2 klassi esindamas Kirke ja tema vana lasteaiakaaslane, kellega nad koos r\u00f5\u00f5msalt muusikakoolis k\u00e4ivad. K\u00fcll erinevate \u00f5petajate juures. Veel olid Raplat esindamas kaks 4 klassi piigat, aga neid me enam kuulama ei j\u00e4\u00e4nud, sest lapsed olid v\u00e4sinud ja meil k\u00f5igil olid ees juba j\u00e4rgmised \u00fcritused. Kaspar ja Kirke esinesid \u00e4ra 7 ja 8 &#8211; ndana. Hullult hea, kui ei pea kaua oma esinemisj\u00e4rge ootama. <\/p>\n<p><center><a href=\"\/pildid\/1254\/IMG_8879-2.jpg\"><img decoding=\"async\" src=\"\/pildid\/1254\/IMG_8879-2.jpg\" alt=\"klaverikonkurss\" \/><\/a><\/center><\/p>\n<p>Kirke ja Kaspar \u017e\u00fcrii otsuseid ootamas<\/p>\n<p>Ja kuidas meil siis l\u00e4ks? H\u00e4sti l\u00e4ks. Piiga m\u00e4ngis suurep\u00e4raselt. Kui muidu ta ikka vahest oskab teha sisse m\u00f5ne vea v\u00f5i pl\u00e4ristada k\u00f5rvalolevat klahvi, siis sedakorda oli esitus perfektne. K\u00fcsisin peale esitust \u00f5petaja hinnangut ja \u00f5petaja \u00fctles ka, et suurep\u00e4rane. Ainsana Rapla lastest \u00f5nnestus Kirkel saada ka diplom &#8211; III koht. Minumeelest esimese konkursi kohta v\u00e4ga hea. Kirke ise urises, et mh, ma oleks pidanud veeeeel paremini m\u00e4ngima. Segane t\u00fc\u00fcp, ma \u00fctleks. Minu \u00fcllatuseks oli ka \u00f5petaja \u017e\u00fcrii otsusega pisut nagu rahulolematu. Nojah, mina v\u00f5tan asja vabalt &#8211; kunsti hindamine on \u00e4\u00e4retult subjektiivne tegevus. Nii tugevas konkurentsis oli see v\u00e4ga tubli tulemus :)<\/p>\n<p><center><a href=\"\/pildid\/1254\/IMG_8893-2.jpg\"><img decoding=\"async\" src=\"\/pildid\/1254\/IMG_8893-2.jpg\" alt=\"festival\" \/><\/a><\/center><\/p>\n<p>N\u00fc\u00fcd siis ees j\u00f5uluperiood ja koos sellega loomulikult&#8230;..ports kontserte, esinemisi ja pidusid :)<\/p>\n","protected":false},"excerpt":{"rendered":"<p>Laushull ta n\u00fc\u00fcd p\u00e4riselt muidugi ei olnud, aga selge on see, et kui \u00f5petajad planeerivad lapsele mingeid konkursse, siis sebimist ja tegemist on rohkem, kui muidu. Harjutamistest r\u00e4\u00e4kimata. Sel n\u00e4dalavahetusel saime siis nende asjadega \u00fchele poole, et edasi juba keskenduda &hellip; <a href=\"https:\/\/www.kaldkriips.ee\/?p=4995\">J\u00e4tka lugemist <span class=\"meta-nav\">&rarr;<\/span><\/a><\/p>\n","protected":false},"author":1,"featured_media":0,"comment_status":"open","ping_status":"open","sticky":false,"template":"","format":"standard","meta":{"footnotes":""},"categories":[5],"tags":[],"class_list":["post-4995","post","type-post","status-publish","format-standard","hentry","category-mina-ise-ja-muud-loomad"],"_links":{"self":[{"href":"https:\/\/www.kaldkriips.ee\/index.php?rest_route=\/wp\/v2\/posts\/4995"}],"collection":[{"href":"https:\/\/www.kaldkriips.ee\/index.php?rest_route=\/wp\/v2\/posts"}],"about":[{"href":"https:\/\/www.kaldkriips.ee\/index.php?rest_route=\/wp\/v2\/types\/post"}],"author":[{"embeddable":true,"href":"https:\/\/www.kaldkriips.ee\/index.php?rest_route=\/wp\/v2\/users\/1"}],"replies":[{"embeddable":true,"href":"https:\/\/www.kaldkriips.ee\/index.php?rest_route=%2Fwp%2Fv2%2Fcomments&post=4995"}],"version-history":[{"count":16,"href":"https:\/\/www.kaldkriips.ee\/index.php?rest_route=\/wp\/v2\/posts\/4995\/revisions"}],"predecessor-version":[{"id":5011,"href":"https:\/\/www.kaldkriips.ee\/index.php?rest_route=\/wp\/v2\/posts\/4995\/revisions\/5011"}],"wp:attachment":[{"href":"https:\/\/www.kaldkriips.ee\/index.php?rest_route=%2Fwp%2Fv2%2Fmedia&parent=4995"}],"wp:term":[{"taxonomy":"category","embeddable":true,"href":"https:\/\/www.kaldkriips.ee\/index.php?rest_route=%2Fwp%2Fv2%2Fcategories&post=4995"},{"taxonomy":"post_tag","embeddable":true,"href":"https:\/\/www.kaldkriips.ee\/index.php?rest_route=%2Fwp%2Fv2%2Ftags&post=4995"}],"curies":[{"name":"wp","href":"https:\/\/api.w.org\/{rel}","templated":true}]}}