{"id":497,"date":"2009-11-14T14:30:49","date_gmt":"2009-11-14T12:30:49","guid":{"rendered":"http:\/\/blog.kaldkriips.ee\/?p=497"},"modified":"2009-11-14T14:36:38","modified_gmt":"2009-11-14T12:36:38","slug":"laheb","status":"publish","type":"post","link":"https:\/\/www.kaldkriips.ee\/?p=497","title":{"rendered":"L\u00e4heb.."},"content":{"rendered":"<p>Kuhu see aeg pidevalt l\u00e4heb? :D Alles nagu n\u00e4dal algas ja juba ta j\u00e4lle saab l\u00e4bi.<br \/>\nPidevalt on \u00fcks jooks ja kiire ja tegemised. \u00d5htud l\u00e4hevad poolde \u00f6\u00f6sse ja nii see aeg lippab.<br \/>\nTibinal on vahepeal ridamisi k\u00fclalisi k\u00e4inud s\u00fcnnip\u00e4eva puhul.Tulevad t\u00e4nagi.<br \/>\nSebisime siin juba kiiresti oma lemmik-koogi, kus-kusi-tuunikala salati ja pirukad.<br \/>\n\u00d5ues pole kelgutada veel saanud, aga \u00fcks v\u00e4ike lumememm on tehtud.<br \/>\nElutoa aknast enam v\u00e4lja ei n\u00e4e, valgeks nagu toas ei l\u00e4hegi :S Maja fassaadi remont on j\u00f5udnud sinnamaale, et krohvitakse seda teepoolset seina ja sellep\u00e4rast meid kotipimendusse on pandudki. Sellest ma parem ei r\u00e4\u00e4gi, et ehitajad, kes siiberdavad alailma meil r\u00f5dul, on t\u00e4iega \u00e4ra t\u00fc\u00fcdanud. Hirmus l\u00f5bus on neil l\u00e4bi akna koera \u00f5rritada :S Ma siis aeg-ajalt pean neile meenutama, milleks nad palgatud on :D<br \/>\nEile oli traditsiooniline plikade-reede. Varahommikust lapsega linnas. Koos tegime t\u00f6\u00f6d, koos k\u00e4isime kohvikus&#8230;k\u00f5ike tegime koos ja \u00f5htul j\u00f5udsime veel SPA-ssegi. Siinkohal suured t\u00e4nud meie s\u00f5brale, kes neid veem\u00f5nusid meile orgunnib :)<br \/>\nKalendrisse vaadates hakkab hirmus :O Algav n\u00e4dal on ilmatuma kiire ja peaks kulmineeruma rahvusvahelise konverentsiga. Selle korraldamisega on veel hullult palju tegemist :S<br \/>\nJa siis, oh taevas, on peaaegu kohe  k\u00e4es esimene advent !!!!!<br \/>\nV\u00f5ib vist samah\u00e4sti, kui head l\u00f5ppevat aastat soovida :P<br \/>\nMinumeelest k\u00e4isime me alles jaanitulel !!!!!!!!<\/p>\n","protected":false},"excerpt":{"rendered":"<p>Kuhu see aeg pidevalt l\u00e4heb? :D Alles nagu n\u00e4dal algas ja juba ta j\u00e4lle saab l\u00e4bi. Pidevalt on \u00fcks jooks ja kiire ja tegemised. \u00d5htud l\u00e4hevad poolde \u00f6\u00f6sse ja nii see aeg lippab. Tibinal on vahepeal ridamisi k\u00fclalisi k\u00e4inud s\u00fcnnip\u00e4eva &hellip; <a href=\"https:\/\/www.kaldkriips.ee\/?p=497\">J\u00e4tka lugemist <span class=\"meta-nav\">&rarr;<\/span><\/a><\/p>\n","protected":false},"author":1,"featured_media":0,"comment_status":"open","ping_status":"open","sticky":false,"template":"","format":"standard","meta":{"footnotes":""},"categories":[5],"tags":[],"class_list":["post-497","post","type-post","status-publish","format-standard","hentry","category-mina-ise-ja-muud-loomad"],"_links":{"self":[{"href":"https:\/\/www.kaldkriips.ee\/index.php?rest_route=\/wp\/v2\/posts\/497"}],"collection":[{"href":"https:\/\/www.kaldkriips.ee\/index.php?rest_route=\/wp\/v2\/posts"}],"about":[{"href":"https:\/\/www.kaldkriips.ee\/index.php?rest_route=\/wp\/v2\/types\/post"}],"author":[{"embeddable":true,"href":"https:\/\/www.kaldkriips.ee\/index.php?rest_route=\/wp\/v2\/users\/1"}],"replies":[{"embeddable":true,"href":"https:\/\/www.kaldkriips.ee\/index.php?rest_route=%2Fwp%2Fv2%2Fcomments&post=497"}],"version-history":[{"count":0,"href":"https:\/\/www.kaldkriips.ee\/index.php?rest_route=\/wp\/v2\/posts\/497\/revisions"}],"wp:attachment":[{"href":"https:\/\/www.kaldkriips.ee\/index.php?rest_route=%2Fwp%2Fv2%2Fmedia&parent=497"}],"wp:term":[{"taxonomy":"category","embeddable":true,"href":"https:\/\/www.kaldkriips.ee\/index.php?rest_route=%2Fwp%2Fv2%2Fcategories&post=497"},{"taxonomy":"post_tag","embeddable":true,"href":"https:\/\/www.kaldkriips.ee\/index.php?rest_route=%2Fwp%2Fv2%2Ftags&post=497"}],"curies":[{"name":"wp","href":"https:\/\/api.w.org\/{rel}","templated":true}]}}