{"id":4952,"date":"2015-11-09T09:24:03","date_gmt":"2015-11-09T07:24:03","guid":{"rendered":"http:\/\/www.kaldkriips.ee\/?p=4952"},"modified":"2015-11-09T10:36:37","modified_gmt":"2015-11-09T08:36:37","slug":"9-mis-juba-9","status":"publish","type":"post","link":"https:\/\/www.kaldkriips.ee\/?p=4952","title":{"rendered":"9 !!! Mis, juba 9 ????"},"content":{"rendered":"<p>Kuidagi ootamatult tulevad need laste s\u00fcnnip\u00e4evad ja t\u00f5demised, et ongi juba NII SUUR! Oijah, see tunne tekib ka 30 aastat hiljem, sest ometi oli see ju ALLES EILE, kui see pisike pamp meie juurde tuli, silmis maailma suurim tarkus. Olemise tarkus.<br \/>\n \u00d6eldakse, et lapsed tulevad siia ilma meid \u00f5petama ja millegip\u00e4rast ma selles isegi ei kahtle. K\u00fcsimus on pigem selles, kas me siis \u00f5pime v\u00f5i mitte. Mis on aga kindel, siis see, et oma last siiralt armastav lapsevanem, tahab oma lastele alati parimat. Isegi siis, kui vahel ei jaksa ja ei taha, annad endast parima. Ikka sellep\u00e4rast, et lapsest kasvaks \u00f5nnelik inimene. Selline, kes oskab pidada lugu endast ja teistest, kes oskab armastada ennast ja teisi. Et temast saaks terve minapildiga inimene.<br \/>\n Otstarbekam ja lihtsam on kasvatada lapsest terviklik indiviid, kui et lasta tal p\u00e4rast t\u00e4iskasvanueas ennast aastaid kokku lappida. M\u00f5ni lapib ja lapib, teeb endale ja teistele haiget ja ei saagi lapitud.<br \/>\nMis ma aga siin ikka pikalt targutan. Meie pesamuna, meie Kirke, sai m\u00f5ni p\u00e4ev tagasi 9 aastaseks. Hullult kiiresti on ikka see aeg lennanud. Veidi \u00fcle 52 sentimeetrisest jupatsist on kasvanud \u00fcheksa aastaga 144 cm pikkune kena noor preili. Arukas, empaatiline, sihikindel, suure s\u00fcdamega, \u00f5pihimuline, andekas&#8230;meie perele v\u00e4ga kallis t\u00fctar, \u00f5de ja t\u00e4di.<br \/>\nTirtsul on veel selline iga, kus s\u00fcnnip\u00e4ev on hullumoodi oodatud. Planeerimine algab juba peale eelmist s\u00fcnnip\u00e4eva ja teema t\u00f5useb \u00fcles aasta jooksul kordi ja kordi. S\u00fcnnip\u00e4eva eel\u00f5htul minnakse vara magama, liblikad k\u00f5hus, \u00f5hates, et m\u00f5tle vaid, homme on minu s\u00fcnnip\u00e4ev ja ma saan 9 !!!! Issand, kui vana ma juba olen :)<br \/>\nJa siis see s\u00fcnnip\u00e4evahommik tulebki. Koos lillede ja \u00fcleslaulmisega. Patjade vahel teki all \u00f5nnest s\u00e4rav piiga. Veel unine, aga naeratus venib juba k\u00f5rvuni.<\/p>\n<p><center><a href=\"\/pildid\/1250\/IMG_8543.jpg\"><img decoding=\"async\" src=\"\/pildid\/1250\/IMG_8543.jpg\" alt=\"s\u00fcnna\" \/><\/a><\/center><\/p>\n<p> N\u00e4dalavahetuse hommik see ei olnud t\u00e4navu, seega tuli kell 7 \u00fcles t\u00f5usta ja kooli minna. Pikk p\u00e4ev l\u00f5ppes alles kella kuueks, kui l\u00e4bi oli kool, solfitund, klaver, h\u00e4\u00e4leseade ja trenn. K\u00f5ige vanem venna tuli s\u00fcnnip\u00e4eva puhul trenni autoga vastu( pidu! sest tavaliselt tullakse trennist koju 3 km jalgsi) ja meie ootasime juba koos venna perega neid kodus. K\u00e4is suur sebimine, et k\u00fclaliste saabumise ajaks k\u00f5ik valmis oleks. Laps kodus, saabusid varsti teisedki kodakondsed. \u00dches\u00f5naga s\u00fcnnip\u00e4evapidu koos l\u00e4hedastega kestis mitu tundi. Laps esitas oma klaveripalad, sest harjutada oli niikuinii vaja ja sugulased tahavad ju ometi kuulda, kuidas \u00f5pingud on edenenud. Kirkel polnud \u00f5nneks midagi selle vastu, et v\u00e4ike kontsert anda &#8211; erinevalt minust, kes ma lapsena \u00fcldse ei tahtnud sugulaste koosviibimistel pilli m\u00e4ngida. Viimastena laekusid veel vanaonu oma kaasaga ja nii kestiski meil pidu l\u00f5puks p\u00e4ris kaua. Mis seal ikka. Vahest harva v\u00f5ib koolip\u00e4eva \u00f5htul uneaega ka veidi edasi l\u00fckata. Ega see uni tahtnud siiski veel v\u00e4ga tulla, kui pisut enne kesk\u00f6\u00f6d voodisse saadi. Elevus, pidu, vennat\u00fctrega tantsu l\u00f6\u00f6mine&#8230;kes see siis ikka p\u00e4rast magada tahab ( peale t\u00e4iskasvanute, eks ).<br \/>\nIstusin \u00f5htul lapse voodiveerel ja r\u00e4\u00e4kisime m\u00f6\u00f6dunud p\u00e4evast. Tore oli teada, et kingitustest rohkem r\u00f5\u00f5mustasid last hoopis p\u00e4eva jooksul saadud kallistused ja neid oli t\u00f5esti v\u00e4ga palju. <\/p>\n<p>Laup\u00e4eva \u00f5htul oli meil kodus suur trall. Laste pidu! Oh, neid lapsi ikka oli. Oli poisse oli t\u00fcdrukuid. Enamuse ajast veeres meil kodu \u00fchest otsast teise \u00fcks suur lastepall, mille keskmes oli ka p\u00e4ris pall. Mitmeks tunniks oli tuba t\u00e4is kilkeid ja r\u00f5\u00f5mu. Meil on siiani olnud p\u00f5him\u00f5tteline s\u00fcnnip\u00e4eva pidamine kodus. Kord aastas jaksab ju vabalt seda teha. Mugavam oleks ehk jah kuskil v\u00e4ljapool kodu pidu maha pidada, kus piiritletud aeg ja pidu niks naks peetud, aga kodus on teistmoodi tore. Lapsed saavad l\u00f5butseda kuni tahavad ja jaksavad, tegevusi leiab alati ja ei pea olema keegi \u00f5nnetu, et oh, juba ongi pidu l\u00e4bi. Lisaks laste r\u00f5\u00f5mule, on ka vanematel mahti sisse astuda ja juttu ajada. \u00dches\u00f5naga \u00fcks v\u00e4ga tore \u00f5htu oli. Viimane k\u00fclaline j\u00e4i \u00f6\u00f6seks meile ja kesk\u00f6\u00f6ks oli vaikus majas. V\u00e4rske \u00fcheksane magas \u00f5iglast und.<\/p>\n<p><center><a href=\"\/pildid\/1250\/IMG_8667.jpg\"><img decoding=\"async\" src=\"\/pildid\/1250\/IMG_8667.jpg\" alt=\"s\u00fcnna\" \/><\/a><\/center><\/p>\n<p>Kui tordim\u00f6ll lahti l\u00e4ks, oli Kert esimesena platsis laua ees ja n\u00f5udis, et tema peab saama ka telefoniga pilti teha ja siis oli neid muidugi kohe teisi veel, kes oma telefoni m\u00e4lestusi salvestasid.<\/p>\n<p><center><a href=\"\/pildid\/1250\/IMG_8669-2.jpg\"><img decoding=\"async\" src=\"\/pildid\/1250\/IMG_8669-2.jpg\" alt=\"s\u00fcnna\" \/><\/a><\/center><\/p>\n<p><center><a href=\"\/pildid\/1250\/IMG_8678-2.jpg\"><img decoding=\"async\" src=\"\/pildid\/1250\/IMG_8678-2.jpg\" alt=\"s\u00fcnna\" \/><\/a><\/center><\/p>\n<p><center><a href=\"\/pildid\/1250\/IMG_8679-2.jpg\"><img decoding=\"async\" src=\"\/pildid\/1250\/IMG_8679-2.jpg\" alt=\"s\u00fcnna\" \/><\/a><\/center><\/p>\n<p><center><a href=\"\/pildid\/1250\/IMG_8680.jpg\"><img decoding=\"async\" src=\"\/pildid\/1250\/IMG_8680.jpg\" alt=\"s\u00fcnna\" \/><\/a><\/center><\/p>\n<p><center><a href=\"\/pildid\/1250\/IMG_8682-2.jpg\"><img decoding=\"async\" src=\"\/pildid\/1250\/IMG_8682-2.jpg\" alt=\"s\u00fcnna\" \/><\/a><\/center><\/p>\n","protected":false},"excerpt":{"rendered":"<p>Kuidagi ootamatult tulevad need laste s\u00fcnnip\u00e4evad ja t\u00f5demised, et ongi juba NII SUUR! Oijah, see tunne tekib ka 30 aastat hiljem, sest ometi oli see ju ALLES EILE, kui see pisike pamp meie juurde tuli, silmis maailma suurim tarkus. Olemise &hellip; <a href=\"https:\/\/www.kaldkriips.ee\/?p=4952\">J\u00e4tka lugemist <span class=\"meta-nav\">&rarr;<\/span><\/a><\/p>\n","protected":false},"author":1,"featured_media":0,"comment_status":"open","ping_status":"open","sticky":false,"template":"","format":"standard","meta":{"footnotes":""},"categories":[5],"tags":[],"class_list":["post-4952","post","type-post","status-publish","format-standard","hentry","category-mina-ise-ja-muud-loomad"],"_links":{"self":[{"href":"https:\/\/www.kaldkriips.ee\/index.php?rest_route=\/wp\/v2\/posts\/4952"}],"collection":[{"href":"https:\/\/www.kaldkriips.ee\/index.php?rest_route=\/wp\/v2\/posts"}],"about":[{"href":"https:\/\/www.kaldkriips.ee\/index.php?rest_route=\/wp\/v2\/types\/post"}],"author":[{"embeddable":true,"href":"https:\/\/www.kaldkriips.ee\/index.php?rest_route=\/wp\/v2\/users\/1"}],"replies":[{"embeddable":true,"href":"https:\/\/www.kaldkriips.ee\/index.php?rest_route=%2Fwp%2Fv2%2Fcomments&post=4952"}],"version-history":[{"count":9,"href":"https:\/\/www.kaldkriips.ee\/index.php?rest_route=\/wp\/v2\/posts\/4952\/revisions"}],"predecessor-version":[{"id":4962,"href":"https:\/\/www.kaldkriips.ee\/index.php?rest_route=\/wp\/v2\/posts\/4952\/revisions\/4962"}],"wp:attachment":[{"href":"https:\/\/www.kaldkriips.ee\/index.php?rest_route=%2Fwp%2Fv2%2Fmedia&parent=4952"}],"wp:term":[{"taxonomy":"category","embeddable":true,"href":"https:\/\/www.kaldkriips.ee\/index.php?rest_route=%2Fwp%2Fv2%2Fcategories&post=4952"},{"taxonomy":"post_tag","embeddable":true,"href":"https:\/\/www.kaldkriips.ee\/index.php?rest_route=%2Fwp%2Fv2%2Ftags&post=4952"}],"curies":[{"name":"wp","href":"https:\/\/api.w.org\/{rel}","templated":true}]}}