{"id":4917,"date":"2015-10-11T15:56:32","date_gmt":"2015-10-11T13:56:32","guid":{"rendered":"http:\/\/www.kaldkriips.ee\/?p=4917"},"modified":"2015-10-12T08:54:35","modified_gmt":"2015-10-12T06:54:35","slug":"hommikuti-hallad-on-maas","status":"publish","type":"post","link":"https:\/\/www.kaldkriips.ee\/?p=4917","title":{"rendered":"Hommikuti hallad on maas&#8230;."},"content":{"rendered":"<p>Jah, juba mitmeid hommikuid on meil olnud \u00e4rgates maa valge. Ilus.<br \/>\nTegelikult on h\u00e4sti ilus ka \u00f5htuti, kui s\u00e4time ennast magama. Need harvad korrad, kui ma l\u00e4hen magama samal ajal, kui laps. See on siis nii kuskil 23 ajal. Tips on ennast unustanud j\u00e4lle lugema ja mina olen h\u00e4mmastavalt vara magama s\u00e4ttinud. Sellistel \u00f5htutel me vaatame enne und kahekesi t\u00e4hti. Arutleme, kus mis on. Mina kinkisin \u00fcks p\u00e4ev lapsele \u00fche t\u00e4he :) Miks ei v\u00f5iks? Nii on tore ja saab alati, kui \u00f5ues t\u00e4histaevas vaadata oma t\u00e4hte ja m\u00f5elda oma m\u00f5tteid. Kirke on v\u00f5tnud p\u00e4he, et \u00fcks t\u00e4ht on absoluutselt tema koera moodi. Miks ei v\u00f5iks olla, eks. \u00dches\u00f5naga me vaatame t\u00e4hti ja praegu on olnud imelised t\u00e4histaevaga \u00f6\u00f6d. R\u00e4\u00e4gitakse siin virmalistest ka, aga selleks on meil siin vist liiga valge. Kuidagi ei n\u00e4e, v\u00f5i ei satu ma \u00f5igel ajal v\u00e4lja vaatama. \u00dcks p\u00e4ev vaatasin, aga peale selle, et \u00f5ues oli v\u00e4ga k\u00fclm, kui pea aknast v\u00e4lja pistsin, polnud seal muud midagi.<br \/>\nMa ei viitsi sellest suurt r\u00e4\u00e4kida, kui kiire kogu aeg on ja kui palju t\u00f6\u00f6d pidevalt kaelas. Nii lihtsalt on ja keegi pole selles osas ilmselgelt erand. Ma tean \u00fcpriski v\u00e4he inimesi, kel pole kohe \u00fcldse pidevalt kiire. No&#8230;.m\u00f5ned \u00fcksikud sellised jah on, aga \u00fcldiselt k\u00f5ik rabelevad, rabavad, tormavad&#8230;oh elu elukest.<br \/>\nMa p\u00fc\u00fcan siiski kuidagi vaikselt tormata. Nii, et ellu j\u00e4\u00e4ks. Laps tekitab siin k\u00f5ige rohkem selliseid &#8220;millal k\u00fcll k\u00f5ike j\u00f5uda&#8221; situatsioone, kui tuleb v\u00e4lja n\u00e4iteks, et \u00fcks konkurss on Saaremaal ja teine konkurss j\u00e4rgmisel p\u00e4eval Tabasalus. Saarema konkurss tegelikult kestab kaks p\u00e4eva, aga tuleb tulla \u00f5htuks koju, et hommikul teise suunda p\u00f5rutada. \u00dcle ei j\u00e4\u00e4 aga muud, kui konstanteerida fakti ja lasta elul voolata. K\u00fcll k\u00f5ik loksub paika.<br \/>\nIse sain \u00f5nneks essee \u00fcles laetud ja viimase koolit\u00f6\u00f6 \u00f5ppekeskkonnas \u00e4ra tehtud ning&#8230; saigi see kooli ometi kaelast \u00e4ra. Selline jessjessjesss tunne on, et keksiks natuke \u00fcmber iseenda ja viskaks hundiratast. Tehtud! Hingan vahepeal r\u00f5\u00f5must kolm korda sisse ja v\u00e4lja ja siis hakkan otsima, mida uut \u00f5ppida. Seekord ikka midagi, mis ennast intrigeerib. Praegu aga terendab kohe kohe kooli l\u00f5petamine ja see on paganama hea tunne, kui mittemidagi pole enam vaja valmis j\u00f5uda ja \u00f5igel ajal esitada. Seega, minul kool l\u00e4bi ja lapsel kohe varsti koolivaheaeg algamas. Tema vaheajaga on muidugi nii nagu on, sest l\u00e4henevad konkursid ja&#8230;\u00f5petajad tahavad temaga koolivaheajal t\u00f6\u00f6d teha. V\u00e4hemalt on lapsel tegevust, sest minul ei ole koolivaheaega &#8211; seega kuskile v\u00e4ga minna me niiehknaa ei saa.<br \/>\n Aga&#8230;..tegelikult ma tahtsin ju r\u00e4\u00e4kida hommikutest&#8230;.<br \/>\nHommikud on meil vaiksed ja rahulikud. 6.40 \u00e4ratus ilma liigse kisa ja k\u00e4rata. Varem \u00fcldiselt ei \u00e4rka, t\u00f6iste m\u00f5tetega oma pead uneajast ei vaeva, aga mingi aeg enne kella hakkan vaikselt maailma tajuma. \u00d5htuti on meil lapsega kombeks arutada l\u00e4bi enne und j\u00e4rgmise p\u00e4eva plaanid ja t\u00e4nu sellele pole hommikul kellelgi mingeid k\u00fcsimusi &#8211; kus, mis, millal jne. Nii me \u00e4rkamegi m\u00f5nusa tundega ja hea tujuga, sest puudub paanika. Mis sest et elutempo kiire ja ajakava tihe. Oma k\u00f5rge vanuse juures pole m\u00e4rkmikut seni vaja olnud. Asjad p\u00fcsivad kenasti peas. Keda millal pildistan, kus millal koolitan, millal kus lapsel kontsert v\u00f5i konkurss jne. Ainus, mida ma vaatan, on arvutis olev t\u00f6\u00f6graafik. Viskan ikka pilgu peale, millal t\u00f6\u00f6p\u00e4ev seitsmeni, millal kuueni, millal viieni, millal olen hommikupoole letis, millal \u00f5htupoole, millal on vaja m\u00f5ni laste\u00fcritus teha jne. Kuna need asjad seal vahest muutuvad, tuleb jooksvalt j\u00e4lgida. Laps teab oma asju \u00f5nneks ise, koolit\u00f6\u00f6d teeb ise ja klaverit harjutama sundima ei pea.<br \/>\nEh, ma siiski p\u00fc\u00fcan n\u00fc\u00fcd j\u00f5uda l\u00f5puks selleni, mida ma kirjutama hakkasin. Meile on saabunud \u00f6\u00f6k\u00fclmad ja t\u00e4nu sellele on meil imeliselt kaunid hommikud. Sellised, kui p\u00e4ike s\u00e4rab ja on nii, nii ilus. K\u00fclm k\u00fcll, aga ikkagi ilus. Luusisin vahest varahommikuti enne t\u00f6\u00f6d \u00fcmber maja ja teen pilti. <\/p>\n<p><center><a href=\"\/pildid\/1247\/IMG_8044.jpg\"><img decoding=\"async\" src=\"\/pildid\/1247\/IMG_8044.jpg\" alt=\"loodus\" \/><\/a><\/center><\/p>\n<p><center><a href=\"\/pildid\/1247\/IMG_8048.jpg\"><img decoding=\"async\" src=\"\/pildid\/1247\/IMG_8048.jpg\" alt=\"loodus\" \/><\/a><\/center><\/p>\n<p><center><a href=\"\/pildid\/1247\/IMG_8050-2.jpg\"><img decoding=\"async\" src=\"\/pildid\/1247\/IMG_8050-2.jpg\" alt=\"loodus\" \/><\/a><\/center><\/p>\n<p><center><a href=\"\/pildid\/1247\/IMG_8055-2.jpg\"><img decoding=\"async\" src=\"\/pildid\/1247\/IMG_8055-2.jpg\" alt=\"loodus\" \/><\/a><\/center><\/p>\n<p><center><a href=\"\/pildid\/1247\/IMG_8057-2.jpg\"><img decoding=\"async\" src=\"\/pildid\/1247\/IMG_8057-2.jpg\" alt=\"loodus\" \/><\/a><\/center><\/p>\n<p><center><a href=\"\/pildid\/1247\/IMG_8058-2.jpg\"><img decoding=\"async\" src=\"\/pildid\/1247\/IMG_8058-2.jpg\" alt=\"loodus\" \/><\/a><\/center><\/p>\n<p><center><a href=\"\/pildid\/1247\/IMG_8059.jpg\"><img decoding=\"async\" src=\"\/pildid\/1247\/IMG_8059.jpg\" alt=\"loodus\" \/><\/a><\/center><\/p>\n<p><center><a href=\"\/pildid\/1247\/IMG_8062-2.jpg\"><img decoding=\"async\" src=\"\/pildid\/1247\/IMG_8062-2.jpg\" alt=\"loodus\" \/><\/a><\/center><\/p>\n<p><center><a href=\"\/pildid\/1247\/IMG_8067-2.jpg\"><img decoding=\"async\" src=\"\/pildid\/1247\/IMG_8067-2.jpg\" alt=\"loodus\" \/><\/a><\/center><\/p>\n<p><center><a href=\"\/pildid\/1247\/IMG_8068.jpg\"><img decoding=\"async\" src=\"\/pildid\/1247\/IMG_8068.jpg\" alt=\"loodus\" \/><\/a><\/center><\/p>\n<p><center><a href=\"\/pildid\/1247\/IMG_8024.jpg\"><img decoding=\"async\" src=\"\/pildid\/1247\/IMG_8024.jpg\" alt=\"loodus\" \/><\/a><\/center><\/p>\n<p><center><a href=\"\/pildid\/1247\/IMG_8033.jpg\"><img decoding=\"async\" src=\"\/pildid\/1247\/IMG_8033.jpg\" alt=\"loodus\" \/><\/a><\/center><\/p>\n<p><center><a href=\"\/pildid\/1247\/IMG_8037.jpg\"><img decoding=\"async\" src=\"\/pildid\/1247\/IMG_8037.jpg\" alt=\"loodus\" \/><\/a><\/center><\/p>\n<p><center><a href=\"\/pildid\/1247\/IMG_8040.jpg\"><img decoding=\"async\" src=\"\/pildid\/1247\/IMG_8040.jpg\" alt=\"loodus\" \/><\/a><\/center><\/p>\n<p><center><a href=\"\/pildid\/1247\/IMG_8051-2.jpg\"><img decoding=\"async\" src=\"\/pildid\/1247\/IMG_8051-2.jpg\" alt=\"loodus\" \/><\/a><\/center><\/p>\n<p><center><a href=\"\/pildid\/1247\/IMG_8066-2.jpg\"><img decoding=\"async\" src=\"\/pildid\/1247\/IMG_8066-2.jpg\" alt=\"loodus\" \/><\/a><\/center><\/p>\n<p><center><a href=\"\/pildid\/1247\/IMG_8027.jpg\"><img decoding=\"async\" src=\"\/pildid\/1247\/IMG_8027.jpg\" alt=\"loodus\" \/><\/a><\/center><\/p>\n","protected":false},"excerpt":{"rendered":"<p>Jah, juba mitmeid hommikuid on meil olnud \u00e4rgates maa valge. Ilus. Tegelikult on h\u00e4sti ilus ka \u00f5htuti, kui s\u00e4time ennast magama. Need harvad korrad, kui ma l\u00e4hen magama samal ajal, kui laps. See on siis nii kuskil 23 ajal. Tips &hellip; <a href=\"https:\/\/www.kaldkriips.ee\/?p=4917\">J\u00e4tka lugemist <span class=\"meta-nav\">&rarr;<\/span><\/a><\/p>\n","protected":false},"author":1,"featured_media":0,"comment_status":"open","ping_status":"open","sticky":false,"template":"","format":"standard","meta":{"footnotes":""},"categories":[29,5],"tags":[],"class_list":["post-4917","post","type-post","status-publish","format-standard","hentry","category-fotograafia","category-mina-ise-ja-muud-loomad"],"_links":{"self":[{"href":"https:\/\/www.kaldkriips.ee\/index.php?rest_route=\/wp\/v2\/posts\/4917"}],"collection":[{"href":"https:\/\/www.kaldkriips.ee\/index.php?rest_route=\/wp\/v2\/posts"}],"about":[{"href":"https:\/\/www.kaldkriips.ee\/index.php?rest_route=\/wp\/v2\/types\/post"}],"author":[{"embeddable":true,"href":"https:\/\/www.kaldkriips.ee\/index.php?rest_route=\/wp\/v2\/users\/1"}],"replies":[{"embeddable":true,"href":"https:\/\/www.kaldkriips.ee\/index.php?rest_route=%2Fwp%2Fv2%2Fcomments&post=4917"}],"version-history":[{"count":10,"href":"https:\/\/www.kaldkriips.ee\/index.php?rest_route=\/wp\/v2\/posts\/4917\/revisions"}],"predecessor-version":[{"id":4928,"href":"https:\/\/www.kaldkriips.ee\/index.php?rest_route=\/wp\/v2\/posts\/4917\/revisions\/4928"}],"wp:attachment":[{"href":"https:\/\/www.kaldkriips.ee\/index.php?rest_route=%2Fwp%2Fv2%2Fmedia&parent=4917"}],"wp:term":[{"taxonomy":"category","embeddable":true,"href":"https:\/\/www.kaldkriips.ee\/index.php?rest_route=%2Fwp%2Fv2%2Fcategories&post=4917"},{"taxonomy":"post_tag","embeddable":true,"href":"https:\/\/www.kaldkriips.ee\/index.php?rest_route=%2Fwp%2Fv2%2Ftags&post=4917"}],"curies":[{"name":"wp","href":"https:\/\/api.w.org\/{rel}","templated":true}]}}