{"id":4912,"date":"2015-10-01T20:52:31","date_gmt":"2015-10-01T18:52:31","guid":{"rendered":"http:\/\/www.kaldkriips.ee\/?p=4912"},"modified":"2015-10-01T20:52:31","modified_gmt":"2015-10-01T18:52:31","slug":"sugis-on-kahe-jalaga-meie-ouel","status":"publish","type":"post","link":"https:\/\/www.kaldkriips.ee\/?p=4912","title":{"rendered":"S\u00fcgis on kahe jalaga meie \u00f5uel"},"content":{"rendered":"<p>Praegu on alles see s\u00fcgise periood, mis mulle veel v\u00e4gagi meeldib. Kuigi p\u00e4ike ei k\u00e4i enam nii k\u00f5rge kaarega, on sellegipoolest \u00f5hus tunda m\u00f6\u00f6dunud suve. Mantel tuleb k\u00fcll juba peale visata, aga lausa k\u00fclm pole veel ikkagi. Eriti tore on vaadata \u00f5htuti ja hommikuti rattaga s\u00f5ites kirjuid puid, mis \u00e4\u00e4ristavad minu t\u00f6\u00f6le &#8211; koju liikumise teed. P\u00fc\u00fcan seda iga p\u00e4ev salvestada oma m\u00e4llu, et varsti saabuvat halli aega lihtsamini \u00fcle elada.<br \/>\nS\u00fcgiseti on meil Kirkega kombeks teha \u00fcks v\u00e4ike s\u00fcgispildistamine ja ei erinenud ka t\u00e4navune s\u00fcgis sellepoolest mittekuidagi. N\u00e4dalavahetusel oli kena ilm ja tegimegi \u00e4ra. Seekord sai selline.<\/p>\n<p><center><a href=\"\/pildid\/1246\/IMG_7662.jpg\"><img decoding=\"async\" src=\"\/pildid\/1246\/IMG_7662.jpg\" alt=\"laps\" \/><\/a><\/center><\/p>\n<p><center><a href=\"\/pildid\/1246\/IMG_7688-2.jpg\"><img decoding=\"async\" src=\"\/pildid\/1246\/IMG_7688-2.jpg\" alt=\"laps\" \/><\/a><\/center><\/p>\n<p><center><a href=\"\/pildid\/1246\/IMG_7690-2.jpg\"><img decoding=\"async\" src=\"\/pildid\/1246\/IMG_7690-2.jpg\" alt=\"laps\" \/><\/a><\/center><\/p>\n<p><center><a href=\"\/pildid\/1246\/IMG_7692.jpg\"><img decoding=\"async\" src=\"\/pildid\/1246\/IMG_7692.jpg\" alt=\"laps\" \/><\/a><\/center><\/p>\n<p><center><a href=\"\/pildid\/1246\/IMG_7695-2.jpg\"><img decoding=\"async\" src=\"\/pildid\/1246\/IMG_7695-2.jpg\" alt=\"laps\" \/><\/a><\/center><\/p>\n<p><center><a href=\"\/pildid\/1246\/IMG_7699.jpg\"><img decoding=\"async\" src=\"\/pildid\/1246\/IMG_7699.jpg\" alt=\"laps\" \/><\/a><\/center><\/p>\n<p><center><a href=\"\/pildid\/1246\/IMG_7700.jpg\"><img decoding=\"async\" src=\"\/pildid\/1246\/IMG_7700.jpg\" alt=\"laps\" \/><\/a><\/center><\/p>\n<p><center><a href=\"\/pildid\/1246\/IMG_7707-2.jpg\"><img decoding=\"async\" src=\"\/pildid\/1246\/IMG_7707-2.jpg\" alt=\"laps\" \/><\/a><\/center><\/p>\n<p><center><a href=\"\/pildid\/1246\/IMG_7701-2.jpg\"><img decoding=\"async\" src=\"\/pildid\/1246\/IMG_7701-2.jpg\" alt=\"laps\" \/><\/a><\/center><\/p>\n<p><center><a href=\"\/pildid\/1246\/IMG_7710.jpg\"><img decoding=\"async\" src=\"\/pildid\/1246\/IMG_7710.jpg\" alt=\"laps\" \/><\/a><\/center><\/p>\n<p><center><a href=\"\/pildid\/1246\/IMG_7718.jpg\"><img decoding=\"async\" src=\"\/pildid\/1246\/IMG_7718.jpg\" alt=\"laps\" \/><\/a><\/center><\/p>\n<p><center><a href=\"\/pildid\/1246\/IMG_7715.jpg\"><img decoding=\"async\" src=\"\/pildid\/1246\/IMG_7715.jpg\" alt=\"laps\" \/><\/a><\/center><\/p>\n<p><center><a href=\"\/pildid\/1246\/IMG_7722.jpg\"><img decoding=\"async\" src=\"\/pildid\/1246\/IMG_7722.jpg\" alt=\"laps\" \/><\/a><\/center><\/p>\n<p><center><a href=\"\/pildid\/1246\/IMG_7721-2.jpg\"><img decoding=\"async\" src=\"\/pildid\/1246\/IMG_7721-2.jpg\" alt=\"laps\" \/><\/a><\/center><\/p>\n","protected":false},"excerpt":{"rendered":"<p>Praegu on alles see s\u00fcgise periood, mis mulle veel v\u00e4gagi meeldib. Kuigi p\u00e4ike ei k\u00e4i enam nii k\u00f5rge kaarega, on sellegipoolest \u00f5hus tunda m\u00f6\u00f6dunud suve. Mantel tuleb k\u00fcll juba peale visata, aga lausa k\u00fclm pole veel ikkagi. Eriti tore on &hellip; <a href=\"https:\/\/www.kaldkriips.ee\/?p=4912\">J\u00e4tka lugemist <span class=\"meta-nav\">&rarr;<\/span><\/a><\/p>\n","protected":false},"author":1,"featured_media":0,"comment_status":"open","ping_status":"open","sticky":false,"template":"","format":"standard","meta":{"footnotes":""},"categories":[29,5],"tags":[],"class_list":["post-4912","post","type-post","status-publish","format-standard","hentry","category-fotograafia","category-mina-ise-ja-muud-loomad"],"_links":{"self":[{"href":"https:\/\/www.kaldkriips.ee\/index.php?rest_route=\/wp\/v2\/posts\/4912"}],"collection":[{"href":"https:\/\/www.kaldkriips.ee\/index.php?rest_route=\/wp\/v2\/posts"}],"about":[{"href":"https:\/\/www.kaldkriips.ee\/index.php?rest_route=\/wp\/v2\/types\/post"}],"author":[{"embeddable":true,"href":"https:\/\/www.kaldkriips.ee\/index.php?rest_route=\/wp\/v2\/users\/1"}],"replies":[{"embeddable":true,"href":"https:\/\/www.kaldkriips.ee\/index.php?rest_route=%2Fwp%2Fv2%2Fcomments&post=4912"}],"version-history":[{"count":4,"href":"https:\/\/www.kaldkriips.ee\/index.php?rest_route=\/wp\/v2\/posts\/4912\/revisions"}],"predecessor-version":[{"id":4916,"href":"https:\/\/www.kaldkriips.ee\/index.php?rest_route=\/wp\/v2\/posts\/4912\/revisions\/4916"}],"wp:attachment":[{"href":"https:\/\/www.kaldkriips.ee\/index.php?rest_route=%2Fwp%2Fv2%2Fmedia&parent=4912"}],"wp:term":[{"taxonomy":"category","embeddable":true,"href":"https:\/\/www.kaldkriips.ee\/index.php?rest_route=%2Fwp%2Fv2%2Fcategories&post=4912"},{"taxonomy":"post_tag","embeddable":true,"href":"https:\/\/www.kaldkriips.ee\/index.php?rest_route=%2Fwp%2Fv2%2Ftags&post=4912"}],"curies":[{"name":"wp","href":"https:\/\/api.w.org\/{rel}","templated":true}]}}