{"id":490,"date":"2009-10-24T22:38:19","date_gmt":"2009-10-24T20:38:19","guid":{"rendered":"http:\/\/blog.kaldkriips.ee\/?p=490"},"modified":"2009-10-25T22:34:12","modified_gmt":"2009-10-25T20:34:12","slug":"on-ikka-nadal","status":"publish","type":"post","link":"https:\/\/www.kaldkriips.ee\/?p=490","title":{"rendered":"On ikka n\u00e4dal"},"content":{"rendered":"<p>T\u00e4na on laup\u00e4eva \u00f5htu ja praeguse seisuga on olnud ainult teisip\u00e4ev see p\u00e4ev, kus ma ei olnud Tallinnas. Jube sebila.<br \/>\nIgatahes ma tunnen, et olen sellest n\u00e4dalast v\u00e4sinud :S Oleks vaja veel veidi koristada, aga ma kohe ei viitsi. P\u00e4eval k\u00e4isin Tallinna tuuri \u00e4ra, t\u00f6\u00f6 tehtud ja tagasi. V\u00e4ga m\u00f5nus naistekas oli. Panime juba isegi uue kohtumise kirja.<br \/>\nN\u00e4dala sees oli Tallinnas kaks koosolekut ja Raplas kaks kliendi\u00f5htut. Siis kolmap\u00e4eval ja nejap\u00e4eval. Hommikul linna, \u00f5htul otse \u00fcritusele. Esmasp\u00e4eval oli linnas igasugust tegemist :)<br \/>\nNeljap\u00e4evasel kliendi\u00fcritusel oli meil k\u00fclaliseks Aivar Pihelgas. T\u00f5tt\u00f6elda oli mul lausa kahju nendest, kes ennast kohale ei suutnud vedada. V\u00e4ga ja v\u00e4ga huvitav oli kuulata tsunaamij\u00e4rgsel aastal toimunud Sri Lanka reisist ja vaadata pilte. Aivar oskab nii huvitavalt jutustada, et unustadki ennast kuulama. Ja niisama oli ka temaga v\u00e4ga p\u00f5nev jutustada :) Igatahes j\u00e4i meil kindel kaup kohtuda peagi taas :)<br \/>\nReedel&#8230;.reedel on meil enamasti t\u00fctrega plikadep\u00e4ev :) Hommikul asutame ennast linna. Hommikus\u00f6\u00f6k lapsele on traditsiooniliselt rongis. Tips on ju selline unim\u00fcts, et kodus selleks aega lihtsalt pole. \u00c4ratus, riidesse ja rongile. No ja siis on rongis h\u00e4sti l\u00f5bus s\u00fc\u00fca &#8211; enamasti kohupiima, mahla ja midagi puuviljast.<br \/>\nLinnas l\u00e4heme esimese asjana jalutades l\u00e4bi vanalinna Musamarisse. Ah jaa, n\u00e4dala sees lugesin kusagil poes Naistelehe kaaneuudist :D Kati Totsi t\u00fctar l\u00e4ks muusikaringi :D Tohhooo- tonti, on vast ikka uudis ja suur s\u00fcndmus :D No ausalt, ajas naerma. Minuteada sajad ja sajad lapsed k\u00e4ivad muusikaringis :P Et leheneegritel paistab pole enam \u00fcldse millest kirjutada :D<br \/>\nMusamaris k\u00e4idud, l\u00e4ksime traditsiooni j\u00e4rgides kohvikusse s\u00f6\u00f6ma :) Viimasel ajal on meie lemmik Aura kohvik. Seal meid juba teatakse ja armastatakse :) K\u00f5ht t\u00e4is, v\u00f5tsime suuna Tallink Aqua SPA-sse. T\u00f5tt\u00f6elda kaalusin jupp aega, kas minna Meritoni, Kalevisse v\u00f5i Aquasse. P\u00e4rast selgus loomulikult, et oleks v\u00f5inud ikka Meritoni mina, sest seal oleks saanud koos tuttavatega sulistada :D Noh, aga meil oli tipsuga kahekesi ka v\u00e4ga l\u00f5bus. See r\u00f5\u00f5mustas samuti, et olid odavad koolivaheaja hinnad. Tips ikka 1,5 tundi muudkui kilkas :D Esimest korda proovis ise p\u00fcsida vee peal &#8221; musklite&#8221; abil. \u00d5nnestus. Vot aga jalgu taha saada on tal veidi raske. \u00dcritab ujuda p\u00fcsti :D ja kui edasi ei saa, siis \u00fctleb: &#8220;Palun, kas keegi saaks mind aidata?&#8221;<br \/>\nIgatahes oli ta ise kogu sellest asjast v\u00e4ga leilis. Saunas armastab k\u00e4ia, aga aurusaun talle ei meeldi. Ju siis on see aurune v\u00e4rk kuidagi kahtlane :D Peale ujumist tuli uni igatahes v\u00e4ga ruttu ja \u00e4rkas alles siis, kui olime juba kodus ja venna hakkas teda k\u00e4rust s\u00fclle v\u00f5tma :) Nagu siis \u00f5htul selgus, oli tuttavaid Meritonis samal ajal sulistamas. Tekkis v\u00e4ike plaan n\u00e4dala p\u00e4rast seal koos aega veeta :P  Seltskonna vastu pole meil midagi :) Kui k\u00f5ik asjad klapivad, siis v\u00f5tamegi plaani ette :) N\u00fc\u00fcd laps muidugi iga p\u00e4ev leierdab, et l\u00e4hme ujuma ja l\u00e4hme ujuma. J\u00e4relikult peame minema.<br \/>\nNii see n\u00e4dal siis l\u00e4kski :)<\/p>\n<p><center><a href=\"\/pildid\/490\/IMG_6973.jpg\"><img decoding=\"async\" src=\"\/pildid\/490\/IMG_6973v.jpg\" alt=\"tips\" \/><\/a><\/center> <\/p>\n","protected":false},"excerpt":{"rendered":"<p>T\u00e4na on laup\u00e4eva \u00f5htu ja praeguse seisuga on olnud ainult teisip\u00e4ev see p\u00e4ev, kus ma ei olnud Tallinnas. Jube sebila. Igatahes ma tunnen, et olen sellest n\u00e4dalast v\u00e4sinud :S Oleks vaja veel veidi koristada, aga ma kohe ei viitsi. P\u00e4eval &hellip; <a href=\"https:\/\/www.kaldkriips.ee\/?p=490\">J\u00e4tka lugemist <span class=\"meta-nav\">&rarr;<\/span><\/a><\/p>\n","protected":false},"author":1,"featured_media":0,"comment_status":"open","ping_status":"open","sticky":false,"template":"","format":"standard","meta":{"footnotes":""},"categories":[5],"tags":[],"class_list":["post-490","post","type-post","status-publish","format-standard","hentry","category-mina-ise-ja-muud-loomad"],"_links":{"self":[{"href":"https:\/\/www.kaldkriips.ee\/index.php?rest_route=\/wp\/v2\/posts\/490"}],"collection":[{"href":"https:\/\/www.kaldkriips.ee\/index.php?rest_route=\/wp\/v2\/posts"}],"about":[{"href":"https:\/\/www.kaldkriips.ee\/index.php?rest_route=\/wp\/v2\/types\/post"}],"author":[{"embeddable":true,"href":"https:\/\/www.kaldkriips.ee\/index.php?rest_route=\/wp\/v2\/users\/1"}],"replies":[{"embeddable":true,"href":"https:\/\/www.kaldkriips.ee\/index.php?rest_route=%2Fwp%2Fv2%2Fcomments&post=490"}],"version-history":[{"count":0,"href":"https:\/\/www.kaldkriips.ee\/index.php?rest_route=\/wp\/v2\/posts\/490\/revisions"}],"wp:attachment":[{"href":"https:\/\/www.kaldkriips.ee\/index.php?rest_route=%2Fwp%2Fv2%2Fmedia&parent=490"}],"wp:term":[{"taxonomy":"category","embeddable":true,"href":"https:\/\/www.kaldkriips.ee\/index.php?rest_route=%2Fwp%2Fv2%2Fcategories&post=490"},{"taxonomy":"post_tag","embeddable":true,"href":"https:\/\/www.kaldkriips.ee\/index.php?rest_route=%2Fwp%2Fv2%2Ftags&post=490"}],"curies":[{"name":"wp","href":"https:\/\/api.w.org\/{rel}","templated":true}]}}