{"id":4890,"date":"2015-09-27T21:29:09","date_gmt":"2015-09-27T19:29:09","guid":{"rendered":"http:\/\/www.kaldkriips.ee\/?p=4890"},"modified":"2015-09-27T21:56:57","modified_gmt":"2015-09-27T19:56:57","slug":"lapsed-loevad","status":"publish","type":"post","link":"https:\/\/www.kaldkriips.ee\/?p=4890","title":{"rendered":"Lapsed loevad!"},"content":{"rendered":"<p>Sellest ma tahangi r\u00e4\u00e4kida. Lapsed loevad. Lause muide on mitmet\u00e4henduslik!<br \/>\nEsimene t\u00e4hendus, millest tahan r\u00e4\u00e4kida, et lapsed loevad, nad l\u00e4hevad meile korda, nad peavad minema meile korda, sest l\u00e4bi laste loome me tulevast elu, meie k\u00f5ikide elu. Kui sageli m\u00f5eldakse asutustes, et me peame lastele pakkuma \u00fchtesid v\u00f5i teisi tegevusi, siis unustatakse \u00e4ra, et me me peame tegelikult m\u00f5tlema sel teemal palju laiemalt, kui seda tehakse. Me k\u00f5ik peaksime m\u00f5tlema, et teeme laste heaks nii palju, kui vaja ja natuke rohkem, kui meilt eeldatakse. On meie k\u00f5ikide asi, kasvatada tulevikuks hea inimene. Hea, tark, laia silmaringiga, s\u00fcdamega m\u00f5tlev ja intelligentne. Jaa, kindlasti n\u00fc\u00fcd keegi \u00fctleks, et see ju kodu asi, kasvatada oma j\u00e4reltulijast kvaliteetne kodanik, aga ega ikka ei ole k\u00fcll ainult nii. Meie kodud on sageli katki, v\u00f5i puuduvad juba vanematel oskused\/teadmised, kuidas anda meie lastele see parim osa, mis teeks tulevikus tema elu elamisv\u00e4\u00e4rseks ja ka nende inimeste elu, kes meie laste k\u00f5rval elama hakkavad. V\u00f5ib ju silmakirjalikult m\u00f5elda, et viskan lapsevanemana lapsele pappi, mis tal veel vaja on? On, rohkem, kui pappi, vajavad meie lapsed vanemate, l\u00e4hedaste, kaasinimeste t\u00e4helepanu. Tunnustust, m\u00e4rkamist, koostegemisi, jutuajamisi. Arendavaid ja s\u00fcdamest s\u00fcdamesse.<br \/>\nNojah, ja asutuste all m\u00f5tlen ma siin p\u00e4ris erinevaid &#8211; lasteaiad, koolid, raamatukogud, noortekeskused, kultuurikeskused, huvikoolid&#8230;kindlasti v\u00f5iks neid olla veel. Et nad k\u00f5ik annaks peale nendelt otseselt oodatu lastele midagi veel, seda miskit, mis on lastele \u00fclioluline, et nad on oodatud, et nad loevad, et nad l\u00e4hevad korda. Oleks nii armas, kui k\u00f5ik need kohad p\u00fc\u00fcaksid lastele anda veel midagi peale selle mida neilt otseselt oodatakse. Need ei ole ju ainult kellegi teise lapsed, nad on meie praegused lapsed ja tulevased t\u00e4iskasvanud, kellega koos v\u00f5iks olla hea elada. Et neil lastel oleks parem, kui m\u00f5nelgi meist ehk on oma lapsep\u00f5lves olnud.<br \/>\n Kindlasti on palju taolisi asutusi, kus t\u00f6\u00f6tavad inimesed, kes annavadki endast rohkem, kui neilt oodatakse, aga paremaks saab minna alati. Mul endal on n\u00e4iteks siiralt hea meel, et muusikakoolist saab minu laps lisaks pilli\u00f5ppele \u00f5petajalt ka hingele pai, tunnustust, hoolimist, maailmaavardavaid jutuajamisi. T\u00e4nu sellele, ei tundu talle ka harjutamine nii kohustuslik ja t\u00fc\u00fctu. T\u00e4nu sellele l\u00e4heb laps tundidesse r\u00f5\u00f5msalt, jooksuga ja ei nurise, kui \u00f5petaja tahab teha rohkem tunde, kui \u00f5ppekava ette n\u00e4eb. Justnimelt, meie \u00f5petaja teeb rohkem t\u00f6\u00f6d, kui temalt oodatakse.<br \/>\nMa olen ise teinud t\u00f6\u00f6d lastega ka aastaid tagasi ning n\u00fc\u00fcd olen selle juures mingi otsaga tagasi. Kahjuks v\u00e4ikese otsaga.<br \/>\n Mida on need ajad aga mulle \u00f5petanud, on see, et austa ja armasta lapsi, kuula neid \u00e4ra ja p\u00fc\u00fca pakkuda midagi, mis aitab neil argimuredega toime tulla. Ole see, kes kuulab nad \u00e4ra, sest on kodusid, kus seda eales ei tehta ja on asju, mida kodus laps ei julge ehk r\u00e4\u00e4kida. \u00c4ra p\u00fc\u00fca n\u00e4idata lapsele, et sa oled temast peajagu \u00fcle, vaid k\u00fckita ja kuula, m\u00f5ista teda tema enda tasandilt. Istu koos lastega vaiba peal, tee nalja, arutle maailmaasjade \u00fcle ja sinna vahele jaga oma teadmisi. Kunagi olin ma olemas laste jaoks kultuurimajas, praegusel hetkel &#8211; raamatukogus ja oi, kuidas ma sooviksin, et meie raamatukogud muutuks p\u00f5hjamaade eeskujul kohtadeks, kuhu inimesed ei mahu enam \u00e4ra, sest neid on nii palju, kes tahavad seal aega veeta. Ja meie lapsed tahavad ka :)Poole teema l\u00f5petuseks siis ikka seda ka, et loomulikult, lastetuba on k\u00f5ikide muude asjade k\u00f5rval ikka ja alati \u00fclioluline.<\/p>\n<p>Siit tuleb n\u00fc\u00fcd see j\u00e4rgmine teema, et lapsed loevad! Jaa, nad loevad raamatuid ja meelsasti, kui seda lugemisr\u00f5\u00f5mu neile arukalt serveerida. Muudkui r\u00e4\u00e4gitakse, et t\u00e4nap\u00e4eva lapsed loevad v\u00e4he ja lugemisoskus on kehv, aga ma meeleldi vaidleks vastu. Meie lapsed loevad meeleldi ja palju. Lugejate % v\u00f5iks olla veelgi suurem, kui me oleksime paindlikumad ja leiaks endas tahet anda rohkem, kui meilt eeldatakse. Kui loodaks tingimusi, et inimesed tahaks anda suuremat panust. Kui t\u00e4iskasvanud hakkaksid t\u00f5siselt m\u00f5tlema, MIKS need lapsed siis ei taha lugeda? Kui p\u00fc\u00fcaks m\u00f5elda endid raamist v\u00e4lja, et ehk t\u00e4nap\u00e4eval ei sobi enam kasutada vanu meetodeid ja peab leidma uusi v\u00f5imalusi laste raamatu juurde toomiseks.<\/p>\n<p><center><a href=\"\/pildid\/1245\/IMG_7421.jpg\"><img decoding=\"async\" src=\"\/pildid\/1245\/IMG_7421.jpg\" alt=\"raamatupidu\" \/><\/a><\/center><\/p>\n<p>Vahep\u00f5ikeks v\u00e4ike teema minu l\u00f5petatavast kooliajast.<br \/>\n Eelmisel n\u00e4dalal pidime tegema v\u00e4ikese arendusprojekti tunni k\u00e4igus, mis tuli \u00f5ppej\u00f5ule maha m\u00fc\u00fca. Minu teema puudutaski laste lugemust. Just eriti noorte. Me pidime \u00f5ppej\u00f5ule oma projekti suutma maha m\u00fc\u00fca ja mul on siiralt hea meel, et ma suutsin seda. Paraku on sellega nagu on. Jah, on nagu on, aga sellegipoolest ma m\u00f5tlen selle asja \u00fcle edasi.<br \/>\nAga tagasi meie maakonna laste lugemiste juurde.<\/p>\n<p><center><a href=\"\/pildid\/1245\/IMG_7420-2.jpg\"><img decoding=\"async\" src=\"\/pildid\/1245\/IMG_7420-2.jpg\" alt=\"raamatupidu\" \/><\/a><\/center><\/p>\n<p><em>Meie raamatupuu, kuhu lapsed saavad panna erinevaid v\u00e4rvilisi t\u00e4pikesi, avaldamaks oma arvamust loetud raamatust<\/em><\/p>\n<p>Kolm aastat tagasi l\u00fckkasin ma k\u00e4ima meie majas valla\u00fcrituse &#8221; Suvelugemine&#8221;. J\u00e4rgmisel kahel aastal on sellest saanud maakondlik \u00fcritus, mida lapsed ootavad v\u00e4ga, v\u00e4ga. Projekt ise kestab juunist augusti l\u00f5puni, aga juba mais jooksevad lapsed meile ja k\u00fcsivad k\u00e4rsitult lugemispasse. Iga aastaga tuleb projekti lapsi juurde ja osa v\u00f5tavad sellest lapsed isegi v\u00e4ljastpoolt maakonda. Lapsed, kes veedavad oma suve vanavanemate juures. Selge see, et t\u00f6\u00f6tajatele on sellise asja korraldus ja l\u00e4biviimine alati lisakoormus, aga ma arvan, et k\u00f5ik siin elus ei ole rahaga(palgaga) m\u00f5\u00f5detav. On asju, mida sa lihtsalt tunned, et pead tegema. Mis selle \u00fcrituse puhul on v\u00e4ga t\u00e4htis, siis see on l\u00f5petamine. Kokkuv\u00f5tete tegemine. See on just see, mis innustab lapsi ikka ja j\u00e4lle lugema raamatuid. <\/p>\n<p><center><a href=\"\/pildid\/1245\/IMG_7434-2.jpg\"><img decoding=\"async\" src=\"\/pildid\/1245\/IMG_7434-2.jpg\" alt=\"raamatupidu\" \/><\/a><\/center><\/p>\n<p>Kui meil t\u00e4navune suur suvelugemise l\u00f5pupidu k\u00e4is, siis ma m\u00e4rkasin just seda, et lapsed olid \u00f5nnelikud ka siis, kui nad said t\u00e4nut\u00e4heks ainult t\u00e4nukirja osalemise eest. Neid on m\u00e4rgatud, tunnustatud ja et j\u00e4rgmisel aastal saada ehk ka v\u00e4\u00e4rt raamatuga premeeritud, p\u00fc\u00fcavad ja loevad rohkem. Kahtlemata on nende laste jaoks \u00fclit\u00e4htis ka see \u00fchine pidu ja just selline tore pidu, kus on midagi muud peale raamatute ka. Nad on lugenud usinasti terve suve ja ma ei usu, et neid innustaks see, kui me premeeriks neid kohtumisega kirjanikuga. Las kirjanikud j\u00e4\u00e4vad \u00f5ppeaasta sisse. Kuulame neid toredaid inimesi, kes on kirjutanud h\u00e4id raamatuid koos lastega pikkadel talve\u00f5htutel. V\u00e4iksemate seltskondadega, et tekiksid arutelud, diskussioonid ja saaks kirjanikuga arutada, kas m\u00f5nel tegelasel on ka protot\u00fc\u00fcp elust enesest v\u00f5i kirjanik on persooni kokku fantaseerinud. Miks \u00fched asjad on nii ja teised teisiti. Miks kirjanik \u00fcldse sellise raamatu kirjutas ja kust tal need m\u00f5tted tulevad?<\/p>\n<p><center><a href=\"\/pildid\/1245\/IMG_7443-2.jpg\"><img decoding=\"async\" src=\"\/pildid\/1245\/IMG_7443-2.jpg\" alt=\"raamatupidu\" \/><\/a><\/center><\/p>\n<p><em>Alati s\u00e4rav ja armas M\u00e4rjamaa raamatukogu direktor Ede, avab pidu ja laudadel ootavad k\u00e4tteandmist raamatud koos t\u00e4nukirjadega<\/em><\/p>\n<p>Seekordne pidu sai meil siis peetud. Sedakorda M\u00e4rjamaal. Mul oli t\u00f5eliselt hea meel anda k\u00e4tte maakonna parimatele lugejatele kingitusi. N\u00e4ha neid  s\u00e4ravaid silmapaare saalis ja kuulda vastust, et tuleval aastal loevad nad kindlasti j\u00e4lle ja kutsuvad s\u00f5bradki meie suvelugemises osalema. Mul oli nii hea meel j\u00e4lgida lapsi, kuidas nad \u00f5hinaga ja aktiivselt osalesid teadusteatri etenduses ning millise s\u00fcdamlikkusega nad v\u00f5tsid vastu meie t\u00e4navuse superstaari, J\u00fcri Pootsmanni, esinemist.<\/p>\n<p><center><a href=\"\/pildid\/1245\/IMG_7447.jpg\"><img decoding=\"async\" src=\"\/pildid\/1245\/IMG_7447.jpg\" alt=\"J\u00fcri\" \/><\/a><\/center><\/p>\n<p> Superstaari kiituseks tahaks \u00f6elda seda, et temagi mainis lastele, kui v\u00e4ga talle meeldib raamatuid lugeda. Lastele on ju nii oluline eeskuju. Ei v\u00e4sinud ta naeratamast, kuigi oli alles \u00f6\u00f6sel Itaaliast saabunud&#8230;.k\u00f5ik soovijad said koos pilti teha ja k\u00fcsimusi esitada ja autogrammi.<\/p>\n<p><center><a href=\"\/pildid\/1245\/IMG_7471-2.jpg\"><img decoding=\"async\" src=\"\/pildid\/1245\/IMG_7471-2.jpg\" alt=\"raamatupidu\" \/><\/a><\/center><\/p>\n<p><center><a href=\"\/pildid\/1245\/IMG_7478-2.jpg\"><img decoding=\"async\" src=\"\/pildid\/1245\/IMG_7478-2.jpg\" alt=\"raamatupidu\" \/><\/a><\/center><\/p>\n<p><center><a href=\"\/pildid\/1245\/IMG_7485-2.jpg\"><img decoding=\"async\" src=\"\/pildid\/1245\/IMG_7485-2.jpg\" alt=\"raamatupidu\" \/><\/a><\/center><\/p>\n<p> Ma usun, et J\u00fcri sai meie peolt kaasa palju soojust ja energiat \u00f5htuseks kontserdiks.<br \/>\nJ\u00e4lgisin ka saalis olevaid t\u00e4iskasvanuid, \u00f5petajaid, raamatukoguhoidjaid&#8230;.nad k\u00f5ik naeratasid, sest neil oli hea meel n\u00e4ha laste r\u00f5\u00f5mu. <\/p>\n<p><center><a href=\"\/pildid\/1245\/IMG_7490-2.jpg\"><img decoding=\"async\" src=\"\/pildid\/1245\/IMG_7490-2.jpg\" alt=\"raamatupidu\" \/><\/a><\/center><\/p>\n<p>Ja nagu ennem mainitud, meil oli teadusteater &#8220;Kolm p\u00f5rsakest&#8221; samuti k\u00fclas. Lastele see igatahes v\u00e4ga meeldis ja kui esitati k\u00fcsimusi, t\u00f5usis alati aktiivne k\u00e4temeri ja kui tehti tossu v\u00f5i auru&#8230;ei hoidnud enam \u00fckski v\u00e4gi meie r\u00f5\u00f5msaid lapsi istekohtadel :)<\/p>\n<p><center><a href=\"\/pildid\/1245\/IMG_7529.jpg\"><img decoding=\"async\" src=\"\/pildid\/1245\/IMG_7529.jpg\" alt=\"raamatupidu\" \/><\/a><\/center><\/p>\n<p><center><a href=\"\/pildid\/1245\/IMG_7566-2.jpg\"><img decoding=\"async\" src=\"\/pildid\/1245\/IMG_7566-2.jpg\" alt=\"raamatupidu\" \/><\/a><\/center><\/p>\n<p>Tulev\u00e4rki tehti laval ka ja \u00fcks julge t\u00fcdruk tuli isegi toorestel munadel seisma. N\u00e4oilme igatahes reedab lapse usukumatuse tunnet, et ta seisabki ja munad ei l\u00e4hegi katki :)<\/p>\n<p><center><a href=\"\/pildid\/1245\/IMG_7512-2.jpg\"><img decoding=\"async\" src=\"\/pildid\/1245\/IMG_7512-2.jpg\" alt=\"raamatupidu\" \/><\/a><\/center><\/p>\n<p><center><a href=\"\/pildid\/1245\/IMG_7535-2.jpg\"><img decoding=\"async\" src=\"\/pildid\/1245\/IMG_7535-2.jpg\" alt=\"raamatupidu\" \/><\/a><\/center><\/p>\n<p>Mis pidu oleks ilma tordita? Tort oli, lausa 13 torti oli. 12- ne tordi peal igal tordil \u00fcks t\u00e4ht s\u00f5nast Suvelugemine ja 13-ndal aastaarv 2015. <\/p>\n<p><center><a href=\"\/pildid\/1245\/IMG_7451-2.jpg\"><img decoding=\"async\" src=\"\/pildid\/1245\/IMG_7451-2.jpg\" alt=\"raamatupidu\" \/><\/a><\/center><\/p>\n<p>Sai n\u00fc\u00fcd pikk jutt, aga sellegipoolest &#8211; lapsed loevad ja lapsed loevad :)<\/p>\n","protected":false},"excerpt":{"rendered":"<p>Sellest ma tahangi r\u00e4\u00e4kida. Lapsed loevad. Lause muide on mitmet\u00e4henduslik! Esimene t\u00e4hendus, millest tahan r\u00e4\u00e4kida, et lapsed loevad, nad l\u00e4hevad meile korda, nad peavad minema meile korda, sest l\u00e4bi laste loome me tulevast elu, meie k\u00f5ikide elu. Kui sageli m\u00f5eldakse &hellip; <a href=\"https:\/\/www.kaldkriips.ee\/?p=4890\">J\u00e4tka lugemist <span class=\"meta-nav\">&rarr;<\/span><\/a><\/p>\n","protected":false},"author":1,"featured_media":0,"comment_status":"open","ping_status":"open","sticky":false,"template":"","format":"standard","meta":{"footnotes":""},"categories":[5],"tags":[],"class_list":["post-4890","post","type-post","status-publish","format-standard","hentry","category-mina-ise-ja-muud-loomad"],"_links":{"self":[{"href":"https:\/\/www.kaldkriips.ee\/index.php?rest_route=\/wp\/v2\/posts\/4890"}],"collection":[{"href":"https:\/\/www.kaldkriips.ee\/index.php?rest_route=\/wp\/v2\/posts"}],"about":[{"href":"https:\/\/www.kaldkriips.ee\/index.php?rest_route=\/wp\/v2\/types\/post"}],"author":[{"embeddable":true,"href":"https:\/\/www.kaldkriips.ee\/index.php?rest_route=\/wp\/v2\/users\/1"}],"replies":[{"embeddable":true,"href":"https:\/\/www.kaldkriips.ee\/index.php?rest_route=%2Fwp%2Fv2%2Fcomments&post=4890"}],"version-history":[{"count":21,"href":"https:\/\/www.kaldkriips.ee\/index.php?rest_route=\/wp\/v2\/posts\/4890\/revisions"}],"predecessor-version":[{"id":4911,"href":"https:\/\/www.kaldkriips.ee\/index.php?rest_route=\/wp\/v2\/posts\/4890\/revisions\/4911"}],"wp:attachment":[{"href":"https:\/\/www.kaldkriips.ee\/index.php?rest_route=%2Fwp%2Fv2%2Fmedia&parent=4890"}],"wp:term":[{"taxonomy":"category","embeddable":true,"href":"https:\/\/www.kaldkriips.ee\/index.php?rest_route=%2Fwp%2Fv2%2Fcategories&post=4890"},{"taxonomy":"post_tag","embeddable":true,"href":"https:\/\/www.kaldkriips.ee\/index.php?rest_route=%2Fwp%2Fv2%2Ftags&post=4890"}],"curies":[{"name":"wp","href":"https:\/\/api.w.org\/{rel}","templated":true}]}}