{"id":4872,"date":"2015-09-26T16:41:40","date_gmt":"2015-09-26T14:41:40","guid":{"rendered":"http:\/\/www.kaldkriips.ee\/?p=4872"},"modified":"2015-09-26T18:13:51","modified_gmt":"2015-09-26T16:13:51","slug":"votaks-nadala-kokku","status":"publish","type":"post","link":"https:\/\/www.kaldkriips.ee\/?p=4872","title":{"rendered":"V\u00f5taks n\u00e4dala kokku"},"content":{"rendered":"<p>N\u00e4dal, mis hakkab kohe l\u00e4bi saama on olnud v\u00e4ga tore ja sisutihe.<br \/>\nNimelt oli mul viimane koolin\u00e4dal. N\u00fc\u00fcd on j\u00e4\u00e4nudki veel koera sabast \u00fcle saamine ja l\u00e4bi see trall saabki. Koera saba t\u00e4hendab seda, et oktoobri alguses tuleb teha \u00e4ra  infootsingu t\u00f6\u00f6 ja kirjutada valmis \u00fcks essee. Peale seda ongi k\u00e4es viimane koolip\u00e4ev, ehk siis 16-l oktoobril on meil viimane kokkusaamine. P\u00e4eva esimeses pooles toimub seminar, kus kanname ette oma esseesid ja teises pooles on pidulik l\u00f5petamine. Sel n\u00e4dalal aga tudeerisime statistikat, teenuste disaini, teeninduskeelt, infootsinguid, arutlesime eelmise mooduli arendusprojektide \u00fcle ja palju , palju muud. Ah jaa, TT\u00dc raamatukogus k\u00e4isime ka ja ma saan n\u00fc\u00fcd t\u00e4iesti aru, miks mu poeg seal alatasa aega veedab.<br \/>\n Eks kooli l\u00f5pp on alati \u00fchtepidi suur kergendus, aga teistpidi&#8230;.p\u00e4ris kahju on, et enam ei saa kord kuus olla n\u00e4dalajagu p\u00e4evi koos toredate \u00f5pingukaaslastega. Meil juhtus olema v\u00e4ga vahva grupp ja usun, et m\u00f5ndadega kohe kindlasti suhtleme ka edaspidi.<br \/>\n\u00dches\u00f5naga kogu see n\u00e4dal on l\u00e4inud koolisk\u00e4imisele. Ikka varahommikul linna ja suhteliselt hilja \u00f5htul koju tagasi. \u00d5htul ei j\u00f5udnud suurt midagi, kui et teha s\u00fc\u00fca, suhelda lapsega ja minna magama, et hommikul j\u00e4lle kell 6.20 \u00e4rgata ning  linna s\u00f5ita.<br \/>\nTegelikult ma n\u00fc\u00fcd korraks katkestan selle nn koolijutu ja pistan siia vahele \u00fche kauni lillekimbu, mille mulle eelmise n\u00e4dala l\u00f5pus t\u00f5i \u00fcks armas t\u00f6\u00f6kaaslane, kes teadis, et mulle meeldivad lillherned. Sellised \u00fcllatused teevad alati meele r\u00f5\u00f5msaks.<\/p>\n<p><center><a href=\"\/pildid\/1244\/IMG_7578.jpg\"><img decoding=\"async\" src=\"\/pildid\/1244\/IMG_7578.jpg\" alt=\"tekk\" \/><\/a><\/center><\/p>\n<p>Tore, et ilmad on ilusad olnud. Nii polnud muret lapse p\u00e4rast, kes peab oma pampudega ja vihmavarjuga erinevate \u00f5ppeasutuste vahet seiklema ja endal oli samuti m\u00f5nus siia sinna seigelda. Eriti magusad olid l\u00f5unapausid koos \u00f5pingukaaslastega, kus peale l\u00f5unat istusime ninad p\u00e4ikese poole ja nautisime m\u00f5nusat sooja s\u00fcgisilma. Ega sellist aega palju ei j\u00e4\u00e4nud, ikka nii 10 minutit vast, aga v\u00e4\u00e4rtuslikud olid needki hetked.<br \/>\nKolmap\u00e4ev oli minu jaoks eriti pikk p\u00e4ev, sest koolist tormasin otse Fotograafia Arenduskeskusesse ise koolitama. Peale pikka koolip\u00e4eva ei tundu see just vaimuistava v\u00e4ljavaatena minna veel kaheks tunniks t\u00f6\u00f6le, aga need inimesed, kes minu koolitusele tulevad on olnud alati seda v\u00e4\u00e4rt. Kui kohale j\u00f5udes ongi v\u00e4ike v\u00e4simus kallal, siis \u00e4ra minnes on otse vastupidi &#8211; pakatan energiast. Mantel seljas, lippan peale koolitamist trammiga Tondile, ostan bensukast tassi sooja kakaod ja teen rongini aega parajaks jaamas raamatut lugedes.<br \/>\nRaamat, mis linnavahet s\u00f5ites loetud sai, on Kazuo Ishiguro kirjutatud <a href=\"http:\/\/www.apollo.ee\/ara-lase-mul-minna.html\">&#8221; \u00c4ra lase mul minna&#8221;<\/a>. Selline t\u00f5eliselt emotsionaalse laenguga raamat. N\u00fc\u00fcd vaatasin, et selle raamatu j\u00e4rgi on film  tehtud. Treiler meeldis &#8211; seega tahaks seda vaadata. Pealegi m\u00e4ngib seal Keira Knightley. Mulle ta meeldib juba &#8220;Uhkus ja eelarvamus&#8221; aegadest.<\/p>\n<p><iframe loading=\"lazy\" title=\"NEVER LET ME GO | Official Trailer | FOX Searchlight\" width=\"640\" height=\"360\" src=\"https:\/\/www.youtube.com\/embed\/sXiRZhDEo8A?feature=oembed\" frameborder=\"0\" allow=\"accelerometer; autoplay; clipboard-write; encrypted-media; gyroscope; picture-in-picture; web-share\" referrerpolicy=\"strict-origin-when-cross-origin\" allowfullscreen><\/iframe><\/p>\n<p>Teisip\u00e4evane \u00f5htu venis mul samuti pikaks. Linnast koju, laps kaenlasse ja s\u00f5itsime pesakonnaga Raplast mituk\u00fcmmend km v\u00e4lja. Puhta metsa. M\u00f5nusalt s\u00fcgisene oli, kuigi p\u00e4ikese loojumise ajaks oli \u00f5ues vaid 8 soojakraadi. S\u00f5ime \u00f5unu, korjasime lapse herbaariumi tarvis m\u00f5ned vajalikud lehed&#8230;.ja koju j\u00f5udsime tagasi alles kaheksa ajal. Ikkagi oli m\u00f5nus. Mis sest, et peale s\u00f6\u00f6gi vaaritamist ja s\u00f6\u00f6mist terendas juba uneaeg. N\u00e4gin looduses \u00fchte v\u00e4ga veidrat moodustist tammepuu k\u00fcljes kasvamas, \u00f5igemini need polnud tammet\u00f5rud vaid nagu punased suured marjad&#8230;.aga nagu ikka, hea pilt j\u00e4\u00e4b tegemata, sest fotokas oli kodus :)<\/p>\n<p>Nii see n\u00e4dal kulgeski. Kahe linna vahet seigeldes, tarkust taga ajades ja \u00fc\u00fcrikest vaba aega perega jagades. T\u00e4na on tegelikult alles laup\u00e4ev ja seega n\u00e4dala m\u00f5iste m\u00f5nes m\u00f5ttes nihkes. Sellest l\u00e4htuvalt vaatangi korra tagasi m\u00f6\u00f6dunud n\u00e4dalavahetusele. <\/p>\n<p>Laup\u00e4ev oli selline nagu oli. Kolmeni olin t\u00f6\u00f6l, t\u00f6\u00f6lt koju ja siis k\u00e4is Olga k\u00fclas. Olga t\u00f5i meile imelise s\u00fcgiskimbu. J\u00e4rgmisel hommikul lapsega elutoas hommikus\u00f6\u00f6ki nautides ei saanud kohe mitte pildistada. <\/p>\n<p><center><a href=\"\/pildid\/1244\/IMG_7579.jpg\"><img decoding=\"async\" src=\"\/pildid\/1244\/IMG_7579.jpg\" alt=\"lilled\" \/><\/a><\/center><\/p>\n<p>Peale hommikus\u00f6\u00f6ki s\u00e4ttisime ennast valmis ja s\u00f5itsime linna, sest semud \u00fchest fotoseltskonnast v\u00f5tsid n\u00f5uks pidada juba teist aastat Pikakari rannas suve l\u00f5ppu. Saada lihtsalt kokku, ajada fotojuttu ja muidujuttu, n\u00e4ksida veidi kaasav\u00f5etut ja kes tahtis- tegi isegi pilti :) Osa seltskonda olid eelmise aasta kokkusaamisest tuttavad, m\u00f5ni oli uustulnuk. Kel lapsed kaasas, oli nendelgi \u00e4ratundmisr\u00f5\u00f5mu eelmisest aastast. Jooksid m\u00f6\u00f6da randa ja h\u00e4vitasid meie kommivarusid. Mulle meeldis eriti see tunne, mis seal tekkis. See \u00e4ratundmine mitmete inimestega, et me vaatame \u00fches suunas, v\u00e4\u00e4rtustame sarnaseid asju, naudime seda, mida teeme&#8230;.siiras r\u00f5\u00f5m oli koos meiega. <\/p>\n<p>Ilm pakkus tol p\u00e4rastl\u00f5unal Katariina kail imelisi vaatepilte. Taeva ja mere v\u00e4rvid vaheldusid hetkeliselt. Seisime ja imetlesime. Ma ikka pildistasin pisut ja m\u00f5ned pildistasid veel.<\/p>\n<p><center><a href=\"\/pildid\/1244\/IMG_7607.jpg\"><img decoding=\"async\" src=\"\/pildid\/1244\/IMG_7607.jpg\" alt=\"loodus\" \/><\/a><\/center><\/p>\n<p><center><a href=\"\/pildid\/1244\/IMG_7611.jpg\"><img decoding=\"async\" src=\"\/pildid\/1244\/IMG_7611.jpg\" alt=\"loodus\" \/><\/a><\/center><\/p>\n<p><center><a href=\"\/pildid\/1244\/IMG_7615.jpg\"><img decoding=\"async\" src=\"\/pildid\/1244\/IMG_7615.jpg\" alt=\"loodus\" \/><\/a><\/center><\/p>\n<p><center><a href=\"\/pildid\/1244\/IMG_7628.jpg\"><img decoding=\"async\" src=\"\/pildid\/1244\/IMG_7628.jpg\" alt=\"loodus\" \/><\/a><\/center><\/p>\n<p><center><a href=\"\/pildid\/1244\/IMG_7631.jpg\"><img decoding=\"async\" src=\"\/pildid\/1244\/IMG_7631.jpg\" alt=\"loodus\" \/><\/a><\/center><\/p>\n<p><center><a href=\"\/pildid\/1244\/IMG_7636.jpg\"><img decoding=\"async\" src=\"\/pildid\/1244\/IMG_7636.jpg\" alt=\"loodus\" \/><\/a><\/center><\/p>\n<p>R\u00e4\u00e4kides lastest, siis nendel oli kogu aeg suu k\u00f5rvuni ja kuskilegi rutt. Vahepeal joosti kaile, et kommi p\u00f5ske pista ja siis j\u00e4lle panid jooksuga kusagile kaugemale minema. Oli hetki, kus tegin fotokaga pilti, zoomisin ja kontrollisin, et on nad k\u00f5ik ikka kenasti koos alles &#8211; 3 piigat ja \u00fcks noormees. L\u00fchin\u00e4geliku probleemid, aga \u00f5nneks fotokas aitab.<\/p>\n<p>Need tipsid on muide m\u00f5lemad Kirked.<\/p>\n<p><center><a href=\"\/pildid\/1244\/IMG_7622.jpg\"><img decoding=\"async\" src=\"\/pildid\/1244\/IMG_7622.jpg\" alt=\"loodus\" \/><\/a><\/center><\/p>\n<p><center><a href=\"\/pildid\/1244\/IMG_7632.jpg\"><img decoding=\"async\" src=\"\/pildid\/1244\/IMG_7632.jpg\" alt=\"loodus\" \/><\/a><\/center><\/p>\n<p>\u00dches\u00f5naga oli lahe seltskond ja tore koosviibimine.<\/p>\n<p><center><a href=\"\/pildid\/1244\/IMG_7590.jpg\"><img decoding=\"async\" src=\"\/pildid\/1244\/IMG_7590.jpg\" alt=\"loodus\" \/><\/a><\/center><\/p>\n<p> Evaldile  siinkohal erilised t\u00e4nud, et korjas meid vabal tahtel Kirkega jaamast \u00fcles, viis p\u00e4rast tagasi ja lisaks pakkus koosviibinutele imemaitsvaid isetehtud komme. Nendest tumeda \u0161okolaadi ja musta ploomiga kommidest tekkis lausa s\u00f5ltuvus :)<\/p>\n<p><center><a href=\"\/pildid\/1244\/IMG_7634-2.jpg\"><img decoding=\"async\" src=\"\/pildid\/1244\/IMG_7634-2.jpg\" alt=\"tekk\" \/><\/a><\/center><\/p>\n<p>Viimasena on paslik siia panna \u00fcks pilt Terjest, imeliselt s\u00e4ravast inimesest, loovast ja \u00fcliandekast fotograafist :) Suve viimase p\u00e4eva p\u00e4ikesekiiri nautimas. <\/p>\n","protected":false},"excerpt":{"rendered":"<p>N\u00e4dal, mis hakkab kohe l\u00e4bi saama on olnud v\u00e4ga tore ja sisutihe. Nimelt oli mul viimane koolin\u00e4dal. N\u00fc\u00fcd on j\u00e4\u00e4nudki veel koera sabast \u00fcle saamine ja l\u00e4bi see trall saabki. Koera saba t\u00e4hendab seda, et oktoobri alguses tuleb teha \u00e4ra &hellip; <a href=\"https:\/\/www.kaldkriips.ee\/?p=4872\">J\u00e4tka lugemist <span class=\"meta-nav\">&rarr;<\/span><\/a><\/p>\n","protected":false},"author":1,"featured_media":0,"comment_status":"open","ping_status":"open","sticky":false,"template":"","format":"standard","meta":{"footnotes":""},"categories":[29,5],"tags":[],"class_list":["post-4872","post","type-post","status-publish","format-standard","hentry","category-fotograafia","category-mina-ise-ja-muud-loomad"],"_links":{"self":[{"href":"https:\/\/www.kaldkriips.ee\/index.php?rest_route=\/wp\/v2\/posts\/4872"}],"collection":[{"href":"https:\/\/www.kaldkriips.ee\/index.php?rest_route=\/wp\/v2\/posts"}],"about":[{"href":"https:\/\/www.kaldkriips.ee\/index.php?rest_route=\/wp\/v2\/types\/post"}],"author":[{"embeddable":true,"href":"https:\/\/www.kaldkriips.ee\/index.php?rest_route=\/wp\/v2\/users\/1"}],"replies":[{"embeddable":true,"href":"https:\/\/www.kaldkriips.ee\/index.php?rest_route=%2Fwp%2Fv2%2Fcomments&post=4872"}],"version-history":[{"count":17,"href":"https:\/\/www.kaldkriips.ee\/index.php?rest_route=\/wp\/v2\/posts\/4872\/revisions"}],"predecessor-version":[{"id":4889,"href":"https:\/\/www.kaldkriips.ee\/index.php?rest_route=\/wp\/v2\/posts\/4872\/revisions\/4889"}],"wp:attachment":[{"href":"https:\/\/www.kaldkriips.ee\/index.php?rest_route=%2Fwp%2Fv2%2Fmedia&parent=4872"}],"wp:term":[{"taxonomy":"category","embeddable":true,"href":"https:\/\/www.kaldkriips.ee\/index.php?rest_route=%2Fwp%2Fv2%2Fcategories&post=4872"},{"taxonomy":"post_tag","embeddable":true,"href":"https:\/\/www.kaldkriips.ee\/index.php?rest_route=%2Fwp%2Fv2%2Ftags&post=4872"}],"curies":[{"name":"wp","href":"https:\/\/api.w.org\/{rel}","templated":true}]}}