{"id":4870,"date":"2015-09-20T22:10:32","date_gmt":"2015-09-20T20:10:32","guid":{"rendered":"http:\/\/www.kaldkriips.ee\/?p=4870"},"modified":"2015-09-20T22:10:32","modified_gmt":"2015-09-20T20:10:32","slug":"sugisene-beebitekk","status":"publish","type":"post","link":"https:\/\/www.kaldkriips.ee\/?p=4870","title":{"rendered":"S\u00fcgisene beebitekk"},"content":{"rendered":"<p>Mul vist vahelduvad v\u00e4rvid koos aastaaegadega.<br \/>\nKui siiani olen teinud selliseid trikootekke beebidele ikka helgetes roosakates toonides, siis sel korral, kui tekk telliti, oli kohe tunne teine ja koos s\u00fcgisega sillerdasid minu meeltes k\u00fcpsemad ja kirevamad v\u00e4rvid. Selline ta siis saigi, tekike pisikesele uuele ilmakodanikule. Intensiivne, l\u00f5bus, kirev ja nii pehme, et beebil oleks selle tekikesega alati m\u00f5nus.<\/p>\n<p><center><a href=\"\/pildid\/1243\/IMG_7408.jpg\"><img decoding=\"async\" src=\"\/pildid\/1243\/IMG_7408.jpg\" alt=\"tekk\" \/><\/a><\/center><\/p>\n<p><center><a href=\"\/pildid\/1243\/IMG_7413.jpg\"><img decoding=\"async\" src=\"\/pildid\/1243\/IMG_7413.jpg\" alt=\"tekk\" \/><\/a><\/center><\/p>\n<p>Tekk, nagu ikka, m\u00f5\u00f5tudes 120 x 120. Vaikselt heietan m\u00f5tteid, et peaks neid isegi suuremaid tegema, et mahuks sinna alla suurem laps v\u00f5i hoopis ise. <\/p>\n<p><center><a href=\"\/pildid\/1243\/IMG_7416.jpg\"><img decoding=\"async\" src=\"\/pildid\/1243\/IMG_7416.jpg\" alt=\"tekk\" \/><\/a><\/center><\/p>\n<p><center><a href=\"\/pildid\/1243\/IMG_7417.jpg\"><img decoding=\"async\" src=\"\/pildid\/1243\/IMG_7417.jpg\" alt=\"tekk\" \/><\/a><\/center><\/p>\n<p><center><a href=\"\/pildid\/1243\/IMG_7418.jpg\"><img decoding=\"async\" src=\"\/pildid\/1243\/IMG_7418.jpg\" alt=\"tekk\" \/><\/a><\/center><\/p>\n<p><center><a href=\"\/pildid\/1243\/IMG_7419.jpg\"><img decoding=\"async\" src=\"\/pildid\/1243\/IMG_7419.jpg\" alt=\"tekk\" \/><\/a><\/center><\/p>\n","protected":false},"excerpt":{"rendered":"<p>Mul vist vahelduvad v\u00e4rvid koos aastaaegadega. Kui siiani olen teinud selliseid trikootekke beebidele ikka helgetes roosakates toonides, siis sel korral, kui tekk telliti, oli kohe tunne teine ja koos s\u00fcgisega sillerdasid minu meeltes k\u00fcpsemad ja kirevamad v\u00e4rvid. Selline ta siis &hellip; <a href=\"https:\/\/www.kaldkriips.ee\/?p=4870\">J\u00e4tka lugemist <span class=\"meta-nav\">&rarr;<\/span><\/a><\/p>\n","protected":false},"author":1,"featured_media":0,"comment_status":"open","ping_status":"open","sticky":false,"template":"","format":"standard","meta":{"footnotes":""},"categories":[33],"tags":[],"class_list":["post-4870","post","type-post","status-publish","format-standard","hentry","category-minu-kasitoo"],"_links":{"self":[{"href":"https:\/\/www.kaldkriips.ee\/index.php?rest_route=\/wp\/v2\/posts\/4870"}],"collection":[{"href":"https:\/\/www.kaldkriips.ee\/index.php?rest_route=\/wp\/v2\/posts"}],"about":[{"href":"https:\/\/www.kaldkriips.ee\/index.php?rest_route=\/wp\/v2\/types\/post"}],"author":[{"embeddable":true,"href":"https:\/\/www.kaldkriips.ee\/index.php?rest_route=\/wp\/v2\/users\/1"}],"replies":[{"embeddable":true,"href":"https:\/\/www.kaldkriips.ee\/index.php?rest_route=%2Fwp%2Fv2%2Fcomments&post=4870"}],"version-history":[{"count":1,"href":"https:\/\/www.kaldkriips.ee\/index.php?rest_route=\/wp\/v2\/posts\/4870\/revisions"}],"predecessor-version":[{"id":4871,"href":"https:\/\/www.kaldkriips.ee\/index.php?rest_route=\/wp\/v2\/posts\/4870\/revisions\/4871"}],"wp:attachment":[{"href":"https:\/\/www.kaldkriips.ee\/index.php?rest_route=%2Fwp%2Fv2%2Fmedia&parent=4870"}],"wp:term":[{"taxonomy":"category","embeddable":true,"href":"https:\/\/www.kaldkriips.ee\/index.php?rest_route=%2Fwp%2Fv2%2Fcategories&post=4870"},{"taxonomy":"post_tag","embeddable":true,"href":"https:\/\/www.kaldkriips.ee\/index.php?rest_route=%2Fwp%2Fv2%2Ftags&post=4870"}],"curies":[{"name":"wp","href":"https:\/\/api.w.org\/{rel}","templated":true}]}}