{"id":4855,"date":"2015-09-17T22:18:46","date_gmt":"2015-09-17T20:18:46","guid":{"rendered":"http:\/\/www.kaldkriips.ee\/?p=4855"},"modified":"2015-09-17T22:20:31","modified_gmt":"2015-09-17T20:20:31","slug":"lapsepolveradadel","status":"publish","type":"post","link":"https:\/\/www.kaldkriips.ee\/?p=4855","title":{"rendered":"Lapsep\u00f5lveradadel"},"content":{"rendered":"<p>Ilmselt ei tea seda paljud, et ma olen s\u00fcndinud ja elanud 15 aastat oma elust Narvas. Eks sealt ole ka minu hea vene keele oskus p\u00e4rit, sest kui kodus ja koolis oli eesti keel, siis \u00f5ues lastega m\u00e4ngides tuli maast madalast saada hakkama vene keelega. Minu m\u00e4lus igatahes puudub olukord, kus ma oleks r\u00e4\u00e4kinud ainult \u00fchte keelt. Hilisemas elus olen ma korduvalt puutunud kokku vajadusega seda teist keelt osata, seega&#8230;.hea, et juba lapsena selgeks sai. <\/p>\n<p>Eile k\u00e4isin Narvas. Viimati sattusin sinna korraks 10 aastat tagasi, kui ootasin oma kolmandat last.<br \/>\n K\u00e4isin eile  Narva Keskraamatukogus XII \u00fcleriigilisel lasteraamatukoguhoidja p\u00e4eval koos hulga vahvate naistega, kes olid sinna \u00fcle Eestimaa kohale s\u00f5itnud.<br \/>\nKuna ma s\u00f5ltusin konkreetselt \u00fcrituse p\u00e4evakavast ja meie bussist, siis p\u00e4ris lapsep\u00f5lveradadele ma ei saanud muidugi minna, aga m\u00f5ned kohad said sellegipoolest \u00fcle vaadatud, kus lapsena palju joostud ja k\u00e4idud. \u00dcht &#8211; teist uutki n\u00e4gin, mida varem pole n\u00e4inud. M\u00f6\u00f6da \u00fchte kesklinnat\u00e4navat s\u00f5ites tundus aga aeg peatuvat, sest midagi polnud muutunud. Igati huvitav ja nostalgiline retk. Suvel tahaks kindlasti minna sinna nii, et j\u00f5uaks rohkem ringi k\u00e4ia.<\/p>\n<p>P\u00e4ev algas vara. 5.30 \u00e4ratus, 6.30 v\u00e4ljas\u00f5it, 7.45 T\u00fcril \u00fcmberistumine bussile, mis tuli osa rahvaga juba P\u00e4rnust ja nii \u00fcle Paide ja Rakvere Narva. Kohal olime 10.30, v\u00e4ike hommikukohv ja siis juba algasid s\u00f5nav\u00f5tud lasteraamatukoguhoidjate p\u00e4eva raames. L\u00f5unaks olime kuulanud kohaliku raamatukogu juhatajat,  Eesti Lastekirjanduse Keskuse toredaid daame, Narva linnapead  ja veel mitmeid toredaid esinejaid.<br \/>\nPealel\u00f5unane aeg oli planeeritud Tartu \u00dclikooli Narva kolled\u017eisse ja sinna me jalutasime m\u00f6\u00f6da Narva j\u00f5e kaldapealset promenaadi. Kaunis n\u00e4gi v\u00e4lja ja sellisena pole mina seda kallast veel n\u00e4inud. Suur t\u00f6\u00f6 on \u00e4ra tehtud ja see on n\u00fc\u00fcd t\u00f5esti \u00fcks nn t\u00e4nav, mida m\u00f6\u00f6da ma lapsep\u00f5lves ikka v\u00e4ga palju liikusin. Kui  elasid j\u00f5e \u00e4\u00e4res, siis liikusid sageli ka m\u00f6\u00f6da j\u00f5e\u00e4\u00e4rset t\u00e4navat.<br \/>\nKolled\u017eis kostitati meid m\u00f5nusa l\u00f5unas\u00f6\u00f6giga ja peale seda oli ekskursioon majas ning kolled\u017ei raamatukogu k\u00fclastamine. Maja haldusjuht tegi meile suurep\u00e4rase majatuuri.<br \/>\nViimasena kuulasime kohalikku muuseumit\u00f6\u00f6tajat, kes k\u00f5neles meile m\u00e4ngude t\u00e4htsusest laste arengus. Hiljuti oli tal sel teemal ilmunud ka raamat, mida seal lahkelt presenteeriti ja ka m\u00f5ned m\u00e4ngud koos m\u00e4ngiti. Raamat ise siis oli: &#8220;Rahvam\u00e4nge l\u00e4bi aastaringi&#8221;<br \/>\nRaamatu koostajaks on Narva Muuseumi teadur-folklorist Marina Kuvaitseva. Tema meile siis ka esines.<\/p>\n<p>Ja n\u00fc\u00fcd siis pisut pilte:<\/p>\n<p><center><a href=\"\/pildid\/1242\/IMG_7269.jpg\"><img decoding=\"async\" src=\"\/pildid\/1242\/IMG_7269.jpg\" alt=\"Narvas\" \/><\/a><\/center><\/p>\n<p>V\u00e4ljume raamatukogust, et suunduda promenaadile<\/p>\n<p><center><a href=\"\/pildid\/1242\/IMG_7271.jpg\"><img decoding=\"async\" src=\"\/pildid\/1242\/IMG_7271.jpg\" alt=\"Narvas\" \/><\/a><\/center><\/p>\n<p>Jupike Narva linnust<\/p>\n<p><center><a href=\"\/pildid\/1242\/IMG_7274-2.jpg\"><img decoding=\"async\" src=\"\/pildid\/1242\/IMG_7274-2.jpg\" alt=\"Narvas\" \/><\/a><\/center><\/p>\n<p>Ivangorodi kindlus, ehk siis Venemaa<\/p>\n<p><center><a href=\"\/pildid\/1242\/IMG_7276.jpg\"><img decoding=\"async\" src=\"\/pildid\/1242\/IMG_7276.jpg\" alt=\"Narvas\" \/><\/a><\/center><\/p>\n<p>Ivangorodi kindlus<\/p>\n<p><center><a href=\"\/pildid\/1242\/IMG_7279.jpg\"><img decoding=\"async\" src=\"\/pildid\/1242\/IMG_7279.jpg\" alt=\"Narvas\" \/><\/a><\/center><\/p>\n<p>Kalamehed keset Narva j\u00f5ge ja taamal paistab Vene F\u00f6deratsioon<\/p>\n<p><center><a href=\"\/pildid\/1242\/IMG_7283.jpg\"><img decoding=\"async\" src=\"\/pildid\/1242\/IMG_7283.jpg\" alt=\"Narvas\" \/><\/a><\/center><\/p>\n<p>Promenaad<\/p>\n<p><center><a href=\"\/pildid\/1242\/IMG_7284.jpg\"><img decoding=\"async\" src=\"\/pildid\/1242\/IMG_7284.jpg\" alt=\"Narvas\" \/><\/a><\/center><\/p>\n<p>Sild \u00fcle Narva j\u00f5e, ehk piiri\u00fcletuspunkt<\/p>\n<p><center><a href=\"\/pildid\/1242\/IMG_7285.jpg\"><img decoding=\"async\" src=\"\/pildid\/1242\/IMG_7285.jpg\" alt=\"Narvas\" \/><\/a><\/center><\/p>\n<p>Promenaadil, taustaks Narva linnus<\/p>\n<p><center><a href=\"\/pildid\/1242\/IMG_7286.jpg\"><img decoding=\"async\" src=\"\/pildid\/1242\/IMG_7286.jpg\" alt=\"Narvas\" \/><\/a><\/center><\/p>\n<p>Eestimaa l\u00f5vid vaatavad piiri poole<\/p>\n<p><center><a href=\"\/pildid\/1242\/IMG_7290.jpg\"><img decoding=\"async\" src=\"\/pildid\/1242\/IMG_7290.jpg\" alt=\"Narvas\" \/><\/a><\/center><\/p>\n<p>\u00dclemine promenaad, ehk tee Pimeaia poole<\/p>\n<p><center><a href=\"\/pildid\/1242\/IMG_7296.jpg\"><img decoding=\"async\" src=\"\/pildid\/1242\/IMG_7296.jpg\" alt=\"Narvas\" \/><\/a><\/center><\/p>\n<p>Tartu \u00dclikooli Narva kolled\u017e. \u00dcks igati vinge, kaasaegne ja innovatiivne hoone. M\u00f5nus \u00f5ppekeskkond ja k\u00fclalislahkus.<br \/>\nSisekujunduses on teadup\u00e4rast realiseerunud ideed barokist, Indiast ja isegi kanalast ning kasutatud on palju naturaalseid materjale.<br \/>\nHoone \u00e4geda arhitektuurse osa autorid on Katrin Koov, Indrek Peil ja Siiri Vallner. Hoone on loodud samas kohas asunud b\u00f6rsihoone eeskujul.<\/p>\n<p><center><a href=\"\/pildid\/1242\/IMG_7303.jpg\"><img decoding=\"async\" src=\"\/pildid\/1242\/IMG_7303.jpg\" alt=\"Narvas\" \/><\/a><\/center><\/p>\n<p>Meie seltskond 0-korruse v\u00f5lvsaalis s\u00f6\u00f6mas. L\u00f5una oli maitsev, kook suurep\u00e4rane ja teenindus kena. <\/p>\n<p><center><a href=\"\/pildid\/1242\/IMG_7306.jpg\"><img decoding=\"async\" src=\"\/pildid\/1242\/IMG_7306.jpg\" alt=\"Narvas\" \/><\/a><\/center><\/p>\n<p>Sealsamas kaarte all &#8211; ja v\u00f5lvides muide oli kive nii kaasajast, kui v\u00e4ga vanast ajast &#8211; oli hetkel suurep\u00e4rane Sergiy Lysyy personaaln\u00e4itus &#8220;Klaipedast Veneetsiani&#8221; ja teises saalis Eesti akvarellistide n\u00e4itus. <\/p>\n<p><center><a href=\"\/pildid\/1242\/IMG_7314.jpg\"><img decoding=\"async\" src=\"\/pildid\/1242\/IMG_7314.jpg\" alt=\"Narvas\" \/><\/a><\/center><\/p>\n<p>Kui midagi otsisid, tuli j\u00e4lgida maas olevaid m\u00e4rke :)<\/p>\n<p><center><a href=\"\/pildid\/1242\/IMG_7319.jpg\"><img decoding=\"async\" src=\"\/pildid\/1242\/IMG_7319.jpg\" alt=\"Narvas\" \/><\/a><\/center><\/p>\n<p>Fuajees j\u00e4i silma vaasit\u00e4is kauneid valgeid gladioole<\/p>\n<p><center><a href=\"\/pildid\/1242\/IMG_7321.jpg\"><img decoding=\"async\" src=\"\/pildid\/1242\/IMG_7321.jpg\" alt=\"Narvas\" \/><\/a><\/center><\/p>\n<p>Narva raekoda koos fuajeest peegelduvate laevalgustitega<\/p>\n<p><center><a href=\"\/pildid\/1242\/IMG_7323.jpg\"><img decoding=\"async\" src=\"\/pildid\/1242\/IMG_7323.jpg\" alt=\"Narvas\" \/><\/a><\/center><\/p>\n<p>Kolled\u017ei raamatukogus<\/p>\n<p><center><a href=\"\/pildid\/1242\/IMG_7330.jpg\"><img decoding=\"async\" src=\"\/pildid\/1242\/IMG_7330.jpg\" alt=\"Narvas\" \/><\/a><\/center><\/p>\n<p>Raamatukogu v\u00e4literrassil &#8211; v\u00e4ga ilusa panoraamiga terrass<\/p>\n<p><center><a href=\"\/pildid\/1242\/IMG_7331.jpg\"><img decoding=\"async\" src=\"\/pildid\/1242\/IMG_7331.jpg\" alt=\"Narvas\" \/><\/a><\/center><\/p>\n<p>T\u00fckk kolled\u017eit seestvaatest<\/p>\n<p><center><a href=\"\/pildid\/1242\/IMG_7335.jpg\"><img decoding=\"async\" src=\"\/pildid\/1242\/IMG_7335.jpg\" alt=\"Narvas\" \/><\/a><\/center><\/p>\n<p>Vaade terrassilt Narva kindlusele ja kirikutele<\/p>\n<p><center><a href=\"\/pildid\/1242\/IMG_7336.jpg\"><img decoding=\"async\" src=\"\/pildid\/1242\/IMG_7336.jpg\" alt=\"Narvas\" \/><\/a><\/center><\/p>\n<p>Vaade terrassilt &#8211; kauguses \u00f5igeusukirik ja see suur punane hoone oli kunagi s\u00f5jat\u00f6\u00f6stuse tehas, n\u00fc\u00fcdsel ajal pesitsevad seal erinevad firmad.<\/p>\n<p><center><a href=\"\/pildid\/1242\/IMG_7339.jpg\"><img decoding=\"async\" src=\"\/pildid\/1242\/IMG_7339.jpg\" alt=\"Narvas\" \/><\/a><\/center><\/p>\n<p>Vaade raamatukogust &#8211; mugavad avatud ja mitmetasandilised t\u00f6\u00f6kohad suurep\u00e4rase vaatega<\/p>\n<p><center><a href=\"\/pildid\/1242\/IMG_7340.jpg\"><img decoding=\"async\" src=\"\/pildid\/1242\/IMG_7340.jpg\" alt=\"Narvas\" \/><\/a><\/center><\/p>\n<p>Raamatukogu<\/p>\n<p><center><a href=\"\/pildid\/1242\/IMG_7343.jpg\"><img decoding=\"async\" src=\"\/pildid\/1242\/IMG_7343.jpg\" alt=\"Narvas\" \/><\/a><\/center><\/p>\n<p>Raamatukogust sai alla erinevatest kohtadest &#8211; ka sellisest \u00e4kilisest keerdtrepist<\/p>\n<p><center><a href=\"\/pildid\/1242\/IMG_7344.jpg\"><img decoding=\"async\" src=\"\/pildid\/1242\/IMG_7344.jpg\" alt=\"Narvas\" \/><\/a><\/center><\/p>\n<p>\u00dcks auditoorium &#8211; seinad on 17. sajandil kasutatud moev\u00e4rvides, looduslik lubikrohv. Maja siseviimistluses on palju kasutatud klassikalist lubikrohvi ja v\u00e4rvimuldadega toonitud lubiv\u00e4rvi. Sisearhitektiks Hannes Praks ja lisaks veel Kadri Tamme, Kristjan Holm, Liisi Murula, Toomas P\u00e4\u00e4suke, Ahti Gr\u00fcnberg, Daniel Marius Reisser ja Helen Sarapuu.    Akendel on eest ajastutruud ruutklaasid ja puidust aknaluugid. Auditooriumides on seintel kaasaegne audio\/videotehnika suurep\u00e4rase heliga ning k\u00f5ikjal riputuspuud kunsti eksponeerimiseks. N\u00e4ituseid vahetatakse \u00fcle maja auditooriumites mitu korda aastas koost\u00f6\u00f6s Tartu \u00dclikooli kunstiosakonnaga. Nojah, sellest majast kuulis v\u00e4ga huvitavaid asju ja selles majas toimub samuti v\u00e4ga palju huvitavaid asju peale tavalise \u00f5ppet\u00f6\u00f6. Seal on n\u00e4iteks ka Laste\u00fclikool ja Jazzklubi.<\/p>\n<p><center><a href=\"\/pildid\/1242\/IMG_7348.jpg\"><img decoding=\"async\" src=\"\/pildid\/1242\/IMG_7348.jpg\" alt=\"Narvas\" \/><\/a><\/center><\/p>\n<p>Vaade alla fuajeesse, kus on mugavad astmelised istumiskohad kas siis puhkamiseks, \u00f5ppimiseks, kontserdil istumiseks v\u00f5i milleks iganes veel.<\/p>\n<p><center><a href=\"\/pildid\/1242\/IMG_7349.jpg\"><img decoding=\"async\" src=\"\/pildid\/1242\/IMG_7349.jpg\" alt=\"Narvas\" \/><\/a><\/center><\/p>\n<p>Ja j\u00e4lle need toredad punased t\u00e4histused. Parkett on seal majas ka muide v\u00e4ga ilus. <\/p>\n<p><center><a href=\"\/pildid\/1242\/IMG_7350.jpg\"><img decoding=\"async\" src=\"\/pildid\/1242\/IMG_7350.jpg\" alt=\"Narvas\" \/><\/a><\/center><\/p>\n<p>Neid toredaid m\u00e4rke j\u00e4tavad p\u00f5randatele needsamad kavalad laserid<\/p>\n<p><center><a href=\"\/pildid\/1242\/IMG_7352.jpg\"><img decoding=\"async\" src=\"\/pildid\/1242\/IMG_7352.jpg\" alt=\"Narvas\" \/><\/a><\/center><\/p>\n<p>Majas on  h\u00e4sti palju huvitavaid kellasid ja nagu seinal  n\u00e4ha, siis ka muna-temaatikat<\/p>\n<p><center><a href=\"\/pildid\/1242\/IMG_7353.jpg\"><img decoding=\"async\" src=\"\/pildid\/1242\/IMG_7353.jpg\" alt=\"Narvas\" \/><\/a><\/center><\/p>\n<p>\u00dchest \u00f5ppehoone osast teise, jooksuga haldusjuhi sabas. Hoonete vahele vasakule j\u00e4\u00e4b ka m\u00f5nus laudadega \u00f5ueala.<\/p>\n<p><center><a href=\"\/pildid\/1242\/IMG_7354.jpg\"><img decoding=\"async\" src=\"\/pildid\/1242\/IMG_7354.jpg\" alt=\"Narvas\" \/><\/a><\/center><\/p>\n<p>J\u00e4lle \u00fcks mugav auditoorium, kus toimus meie viimane loeng. <\/p>\n<p><center><a href=\"\/pildid\/1242\/IMG_7375.jpg\"><img decoding=\"async\" src=\"\/pildid\/1242\/IMG_7375.jpg\" alt=\"Narvas\" \/><\/a><\/center><\/p>\n<p>Jupike meie seltskonnast koos lektoriga m\u00e4ngimas ringm\u00e4ngu<\/p>\n<p><center><a href=\"\/pildid\/1242\/IMG_7396.jpg\"><img decoding=\"async\" src=\"\/pildid\/1242\/IMG_7396.jpg\" alt=\"Narvas\" \/><\/a><\/center><\/p>\n<p>Hetk enne \u00e4ras\u00f5itu, vaatasin raekoda&#8230;.mis kunagi oli pioneeride maja. Neid treppe olen ma tallanud lapsena p\u00e4ris, p\u00e4ris palju, sest peale kooli ja muusikakooli oli see koht, kus suur osa lapsi veetsid oma aega. Majas oli lasteraamatukogu ja seal tegutses hulgaliselt v\u00e4ga toredaid ringe. Igav ei olnud seal majas k\u00fcll mitte kunagi. Majaesist platsigi hoolega tallatud, sest seal toimusid \u00fclelinnalised P\u00f5uav\u00e4lgu v\u00f5istluste riviv\u00f5istlused :D Marssisime nii mis naksus tundide viisi ja rivid olid sirged :)<br \/>\n Tore oli kuulda linnapea suust, et hoone renoveerimiseks saadakse peagi rahastus ja saab ka Narva raekoda l\u00f5puks korda.<\/p>\n","protected":false},"excerpt":{"rendered":"<p>Ilmselt ei tea seda paljud, et ma olen s\u00fcndinud ja elanud 15 aastat oma elust Narvas. Eks sealt ole ka minu hea vene keele oskus p\u00e4rit, sest kui kodus ja koolis oli eesti keel, siis \u00f5ues lastega m\u00e4ngides tuli maast &hellip; <a href=\"https:\/\/www.kaldkriips.ee\/?p=4855\">J\u00e4tka lugemist <span class=\"meta-nav\">&rarr;<\/span><\/a><\/p>\n","protected":false},"author":1,"featured_media":0,"comment_status":"open","ping_status":"open","sticky":false,"template":"","format":"standard","meta":{"footnotes":""},"categories":[5],"tags":[],"class_list":["post-4855","post","type-post","status-publish","format-standard","hentry","category-mina-ise-ja-muud-loomad"],"_links":{"self":[{"href":"https:\/\/www.kaldkriips.ee\/index.php?rest_route=\/wp\/v2\/posts\/4855"}],"collection":[{"href":"https:\/\/www.kaldkriips.ee\/index.php?rest_route=\/wp\/v2\/posts"}],"about":[{"href":"https:\/\/www.kaldkriips.ee\/index.php?rest_route=\/wp\/v2\/types\/post"}],"author":[{"embeddable":true,"href":"https:\/\/www.kaldkriips.ee\/index.php?rest_route=\/wp\/v2\/users\/1"}],"replies":[{"embeddable":true,"href":"https:\/\/www.kaldkriips.ee\/index.php?rest_route=%2Fwp%2Fv2%2Fcomments&post=4855"}],"version-history":[{"count":14,"href":"https:\/\/www.kaldkriips.ee\/index.php?rest_route=\/wp\/v2\/posts\/4855\/revisions"}],"predecessor-version":[{"id":4869,"href":"https:\/\/www.kaldkriips.ee\/index.php?rest_route=\/wp\/v2\/posts\/4855\/revisions\/4869"}],"wp:attachment":[{"href":"https:\/\/www.kaldkriips.ee\/index.php?rest_route=%2Fwp%2Fv2%2Fmedia&parent=4855"}],"wp:term":[{"taxonomy":"category","embeddable":true,"href":"https:\/\/www.kaldkriips.ee\/index.php?rest_route=%2Fwp%2Fv2%2Fcategories&post=4855"},{"taxonomy":"post_tag","embeddable":true,"href":"https:\/\/www.kaldkriips.ee\/index.php?rest_route=%2Fwp%2Fv2%2Ftags&post=4855"}],"curies":[{"name":"wp","href":"https:\/\/api.w.org\/{rel}","templated":true}]}}