{"id":485,"date":"2009-10-11T12:43:49","date_gmt":"2009-10-11T10:43:49","guid":{"rendered":"http:\/\/blog.kaldkriips.ee\/?p=485"},"modified":"2009-10-11T12:57:07","modified_gmt":"2009-10-11T10:57:07","slug":"sugis","status":"publish","type":"post","link":"https:\/\/www.kaldkriips.ee\/?p=485","title":{"rendered":"S\u00fcgis"},"content":{"rendered":"<p>Jah, s\u00fcgis paistab olevat kahe jalaga kohal. T\u00e4na hommikul vaatasid aknast vastu suured valged laigud. \u00d6\u00f6sel oli \u00f6\u00f6k\u00fclm. Eks on teda olnud ka varem, aga t\u00e4na olid suured valged urri-laigud eriti suured ja kohalolevad. \u00d5nneks paistab p\u00e4ike. Aknast vaadates on ilus ja kui vajalikud toimetused tehtud, valime \u00f5iged riided ja l\u00e4heme veidikeseks s\u00fcgist nautima.<br \/>\nPannkoogid tegime eile juba \u00e4ra. Niiet t\u00e4na vaatame, kas p\u00fchap\u00e4evapannukaid tuleb v\u00f5i mitte. Need, mis eile tegime, said otsa. M\u00f5nusad, kollakad ja kohevad. Kodusest kohupiimast ja kodumunadest, mis andsidki selle m\u00f5nusalt kollase tooni.<br \/>\nPraegu on tegelikult veel ilus, kirjud lehed, m\u00f5nusad pruunid kastanimunad, mida on k\u00f5ik taskud t\u00e4is ja kui vihma parasjagu ei saja, paistab ilus p\u00e4ike. Looduse mitmekesisus ja n\u00fcansirikkus on olnud alati inspireeriv ja huvipakkuv. Isegi see ei loe, et talvejope on juba kapist v\u00e4lja v\u00f5etud. Ikkagi on m\u00f5nus j\u00e4lgida looduse muutumist.<br \/>\nImelikult kombel seda s\u00fcgisest nukrust ei olegi hinge pugenud. Elu on kuidagi d\u00fcnaamilline ja huvitav, nukrutseda ei lasta ja kurta pole otseselt ka millegi \u00fcle. Ju on mu \u00fcmber palju toredaid inimesi ja pere ning meediam\u00fcrast ei lase ma enam ennast ammu h\u00e4irida. Televiisorit isegi ei m\u00e4leta, millal olen vaadanud, lehti ei loe ja delfit&#8230;..oh jah, t\u00e4na hommikul korraks vaatasin&#8230;&#8230;ei oleks pidanud. \u00dcsna iiveldama v\u00f5ttis, kui lugesin \u00fche loo sabas olevadi kommentaare. Millised &#8220;imelised&#8221; inimesed ikkagi meie \u00fcmber elavad. Ei k\u00fcbetki m\u00f5tlemisv\u00f5imet.<br \/>\nLugema ajendas mind aga \u00fche hea tuttava kurbus, keda see lugu isiklikult puudutas. Jah, mis seal ikka. Seda enam hakkan ma valima inimesi, keda ma oma ellu ja enda l\u00e4hedale \u00fcldse lasen. Eestlase julmus kaaskodanike suhtes on ikka lausa imetlusv\u00e4\u00e4rne.<br \/>\nAga mis sest ikka. Sain \u00f5ppetunni, et minu omamoodi infosulg on olnud \u00f5ige otsus ja n\u00fc\u00fcd ei topi ma oma nina enam kaua meediakanalitesse. Jah, t\u00f5epoolest, on asju, mille puhul on parem t\u00f5mmata kott p\u00e4he, sest kahjuks olen ma v\u00f5imetu seda muutma. N\u00f5me t\u00f5deda, aga nii see on. Julmus, hoolimatus ja v\u00e4givald on nii tolereeritud meie \u00fchiskonnas, et terve m\u00f5tlemisega inimene j\u00e4\u00e4b niikuinii h\u00fc\u00fcdja h\u00e4\u00e4leks k\u00f5rbes. Jajaa, see v\u00f5ib t\u00f5esti tekitada tunde, et kui me nii kotti p\u00e4he t\u00f5mbame, siis ei muutu siin iial midagi&#8230;..just, aga paraku ei \u00f5pi vist inimesed iial aru saama, et inimese kujundab kodu, perekond ja lastetuba. Mina pole paraku seda v\u00f5imeline muutma. Kuni inimesed ei saa aru, milline vastutus neil lasub sigitades lapsi, senini ei muutu siin \u00fchiskonnas mittekuimuffigi. Seni kasvavad meie l\u00f5hutud peredes katkiste hingedega, alav\u00e4\u00e4rsustundega ja kibestunud inimesed, kes \u00f5pivad maast madalast seda, et elu on vaid \u00fce laipade minek, omaenese lapsep\u00f5lves riivatud ego sabas. Jah, paremal juhul suudetakse ka \u00fcksikvanema poolt kasvatada arukas laps, aga neid kordi on paraku v\u00e4hem ja miks peaks \u00fcldse tegema seda \u00fcks vanem?<br \/>\nAga aitab sellest p\u00fchap\u00e4evasest pahameelek\u00f5rvalep\u00f5ikest, sest kui kulged vaikselt oma rada, siis on tunne tunduvalt parem ja tugevam.<br \/>\nEile oli v\u00e4ga tore laup\u00e4ev. Terve eelmine n\u00e4dal oli tore. \u00dcle &#8211; eelmine samuti jne :D  Homme on ka  hea p\u00e4ev. Lapsed on terved ja tublid. Isikliku elu \u00fcle ei saa  kurta ;)<br \/>\nM.O.T.T<\/p>\n<p><center><a href=\"\/pildid\/485\/IMG_6823s.jpg\"><img decoding=\"async\" src=\"\/pildid\/485\/IMG_6823sv.jpg\" alt=\"s\u00fcgis\" \/><\/a><\/center> <\/p>\n","protected":false},"excerpt":{"rendered":"<p>Jah, s\u00fcgis paistab olevat kahe jalaga kohal. T\u00e4na hommikul vaatasid aknast vastu suured valged laigud. \u00d6\u00f6sel oli \u00f6\u00f6k\u00fclm. Eks on teda olnud ka varem, aga t\u00e4na olid suured valged urri-laigud eriti suured ja kohalolevad. \u00d5nneks paistab p\u00e4ike. Aknast vaadates on &hellip; <a href=\"https:\/\/www.kaldkriips.ee\/?p=485\">J\u00e4tka lugemist <span class=\"meta-nav\">&rarr;<\/span><\/a><\/p>\n","protected":false},"author":1,"featured_media":0,"comment_status":"open","ping_status":"open","sticky":false,"template":"","format":"standard","meta":{"footnotes":""},"categories":[5],"tags":[],"class_list":["post-485","post","type-post","status-publish","format-standard","hentry","category-mina-ise-ja-muud-loomad"],"_links":{"self":[{"href":"https:\/\/www.kaldkriips.ee\/index.php?rest_route=\/wp\/v2\/posts\/485"}],"collection":[{"href":"https:\/\/www.kaldkriips.ee\/index.php?rest_route=\/wp\/v2\/posts"}],"about":[{"href":"https:\/\/www.kaldkriips.ee\/index.php?rest_route=\/wp\/v2\/types\/post"}],"author":[{"embeddable":true,"href":"https:\/\/www.kaldkriips.ee\/index.php?rest_route=\/wp\/v2\/users\/1"}],"replies":[{"embeddable":true,"href":"https:\/\/www.kaldkriips.ee\/index.php?rest_route=%2Fwp%2Fv2%2Fcomments&post=485"}],"version-history":[{"count":0,"href":"https:\/\/www.kaldkriips.ee\/index.php?rest_route=\/wp\/v2\/posts\/485\/revisions"}],"wp:attachment":[{"href":"https:\/\/www.kaldkriips.ee\/index.php?rest_route=%2Fwp%2Fv2%2Fmedia&parent=485"}],"wp:term":[{"taxonomy":"category","embeddable":true,"href":"https:\/\/www.kaldkriips.ee\/index.php?rest_route=%2Fwp%2Fv2%2Fcategories&post=485"},{"taxonomy":"post_tag","embeddable":true,"href":"https:\/\/www.kaldkriips.ee\/index.php?rest_route=%2Fwp%2Fv2%2Ftags&post=485"}],"curies":[{"name":"wp","href":"https:\/\/api.w.org\/{rel}","templated":true}]}}