{"id":4844,"date":"2015-09-15T08:54:42","date_gmt":"2015-09-15T06:54:42","guid":{"rendered":"http:\/\/www.kaldkriips.ee\/?p=4844"},"modified":"2015-09-15T08:54:42","modified_gmt":"2015-09-15T06:54:42","slug":"laisk-nadalavahetus","status":"publish","type":"post","link":"https:\/\/www.kaldkriips.ee\/?p=4844","title":{"rendered":"Laisk n\u00e4dalavahetus"},"content":{"rendered":"<p>Enamasti on meie n\u00e4dalavahetused t\u00e4is igasuguseid ettev\u00f5tmisi ja liikumisi, sest t\u00f6\u00f6-\/koolin\u00e4dalal oleme siin paraku nagu sunnismaised ja v\u00e4ga kuskile liikuma ei saa. Liikuma saaks ju k\u00fcll, aga peale t\u00f6\u00f6d minnes( isegi, kui autoga minna), oled paraku igale poole hiljaks j\u00e4\u00e4nud, kui koduauulist pisutki kaugemale minna tahaks. Mis veel sellest r\u00e4\u00e4kida, kui tahaks kuskil linnas kursustel k\u00e4ia. Liikuva t\u00f6\u00f6graafikuga on see sisuliselt v\u00f5imatu. Noh, aga praegu on see nii. On selline eluperiood, aga p\u00e4ris kindlasti see muutub :)<br \/>\nNii me siis liigumegi enamasti n\u00e4dalavahetustel, kui pole just puhkus. <\/p>\n<p>Muide, imetleme praegu kodus lillherneid, j\u00e4tkuvalt, sest nad seisavad juba vaasis 1. septembrist.<\/p>\n<p><center><a href=\"\/pildid\/1241\/IMG_7034.jpg\"><img decoding=\"async\" src=\"\/pildid\/1241\/IMG_7034.jpg\" alt=\"lilled\" \/><\/a><\/center><\/p>\n<p>Sel korral l\u00e4ks n\u00e4dalavahetus teisiti. Plaanid olid t\u00e4iesti kodused v\u00f5i nimetagem seda hoopis plaanituseks.<br \/>\nReedel l\u00f5petasin t\u00f6\u00f6p\u00e4eva ja l\u00e4ksin lapsele trenni vastu. Just, meil m\u00f5lemal l\u00f5ppes reedene t\u00f6\u00f6p\u00e4ev alles kuueks. Mina oleks v\u00f5inud minna ka otse koju, aga otsustasin minna lapsele vastu, et lihtsustada tema koduteed. Reedel selline tore p\u00e4ev, kus vaja kooli kaasa vedada nii kehalise kasvatuse \u00f5ueriided \/ jalatsid kui ka trennikott, kus judoriided, k\u00e4ter\u00e4tt, veepudel ja pl\u00e4tud. Ma siis pidasingi vajalikuks v\u00f5tta trenniriided oma ratta peale, et lapsel oleks v\u00e4hem seljas vedada. Tema l\u00e4ks pealegi peale trenni s\u00f5branna juurest l\u00e4bi, et siis koos juba meile tulla. T\u00fcdrukutel 3 km jalutamist, minul rattas\u00f5itu.<br \/>\nS\u00f5brannaga oli see n\u00e4dalal\u00f5pp koos veeta juba augusti eelviimasel p\u00e4eval kokku lepitud. Mina kastsin kodus r\u00f5dul tomateid, kui t\u00fcdrukud r\u00f5\u00f5msalt vadistades koju j\u00f5udsid. Tomatid muide, hakkavad ometi kord l\u00f5puks punaseks minema. M\u00f5nus on m\u00f6\u00f6daminnes n\u00e4psata v\u00e4ikeseid kirsstomateid ja p\u00f5ske pista. Seega, Kirke suvine tomatite eest hoolitsemise projekt tasus t\u00e4iesti \u00e4ra ja n\u00fc\u00fcd saab ta tunda sellest puhast r\u00f5\u00f5mu.<br \/>\n Lastel l\u00e4ks koju j\u00f5udes muidugi kohe m\u00e4ngimiseks ja mina lubasin endale m\u00f5nda aega lihtsalt raamatut lugeda. Mingi aeg hakkasine \u00f5htuks s\u00fc\u00fca tegema ja siis oligi k\u00e4es meie h\u00fcpersupersuure r\u00f5\u00f5mu aeg &#8211; terve suve Ameerikas resideerunud laps j\u00f5udis l\u00f5puks koju. Kirke oli \u00fclir\u00f5\u00f5mus, et l\u00f5puks saab vennat katsuda, mitte ainult skypes vahest harva lobiseda. Juttu jagus meil seega \u00fcsna pikalt, kuni suur laps vajus lihtsalt \u00fclelendude ja ajavahe kurnatusest magama. Plikad olid vist viimased, kes magama j\u00e4id, sest nendel oli pid\u017eaamapidu :P<br \/>\nVenna t\u00f5i \u00f5ekesele kaasa 3 inglise keele \u00f5pperaamatut lastele. Kirke viis need t\u00e4na r\u00f5\u00f5msalt kooli, et \u00f5petaja saaks vaadata ja ehk neid laste inglise keele tundideski kasutada. Inka tund Kirkele kusjuures nagu ta ise \u00fctles- t\u00e4iegaaaaa meeldib :) Nii \u00e4ge tund pidi olema. <\/p>\n<p>Sellised raamatud siis:<\/p>\n<p><center><a href=\"\/pildid\/1241\/IMG_7253.jpg\"><img decoding=\"async\" src=\"\/pildid\/1241\/IMG_7253.jpg\" alt=\"kaart\" \/><\/a><\/center><\/p>\n<p>Laup\u00e4eval j\u00e4tkus kodune n\u00e4dalavahetus. Meie pojaga ajasime muudkui juttu, sest nii palju oli kogunenud seda, mida pole saanud 3,5 kuud r\u00e4\u00e4kida. Kirke m\u00e4ngis oma klassi\u00f5ega k\u00fcll toas k\u00fcll \u00f5ues. Vahepeal puhastasime koos pohlad \u00e4ra, mida ma turul &#8220;korjamas&#8221; k\u00e4isin ja kui Kirke s\u00f5branna pooleviie paiku koju l\u00e4ks, jalutasime meie kolmekesi 3 km suure poja juurde. Eks oli temagi pere tarvis peale pikka reisi \u00fcle vaadata. K\u00f5ige v\u00e4iksem preili oli ikka \u00fcsna arvestatavalt vahepeal kasvanud ja suurem preili lausa kaheseks saanud :) No ja Kirke m\u00e4ngib alati r\u00f5\u00f5muga oma vennat\u00fctardega. Pisemat nunnutab ja suuremat veab seljas :)<\/p>\n<p><center><a href=\"\/pildid\/1241\/IMG_7196-2.jpg\"><img decoding=\"async\" src=\"\/pildid\/1241\/IMG_7196-2.jpg\" alt=\"kaart\" \/><\/a><\/center><\/p>\n<p>Meie tiigribeebi sai m\u00f5ni p\u00e4ev tagasi 5 kuu vanuseks ja on \u00fcks vahva, r\u00f5\u00f5mus ja rahumeelne laps. Sellist on lausa lust ja l\u00f5bu nunnutada. Enam pole kaugel roomamise aeg ja kaugel siis seegi aeg enam on, kui ise k\u00e4iakse. Lapsed kasvavad ikka kiiremini, kui tahaks :)<\/p>\n<p><center><a href=\"\/pildid\/1241\/IMG_7060-2.jpg\"><img decoding=\"async\" src=\"\/pildid\/1241\/IMG_7060-2.jpg\" alt=\"kaart\" \/><\/a><\/center><\/p>\n<p>Onu Risto olid lapsed veidi \u00e4ra unustanud pika eemaloleku ajaga, aga eks n\u00fc\u00fcd saab ehk j\u00e4lle tihemini kohtuda ja onu n\u00e4gu tuttavam :)<\/p>\n<p><center><a href=\"\/pildid\/1241\/IMG_7205-2.jpg\"><img decoding=\"async\" src=\"\/pildid\/1241\/IMG_7205-2.jpg\" alt=\"kaart\" \/><\/a><\/center><\/p>\n<p>Tore laup\u00e4ev oli, kodune ja oma k\u00f5ige armsamatega koos. Risto s\u00f5itis viimase rongiga Tallinna tagasi, et valmistada ennast ette eelseisvaks koolin\u00e4dalaks ja pisut puhata. Meie aga olime p\u00fchap\u00e4eval ikkagi kodus, peaaegu kodus ja lihtsalt pidasimegi laiska p\u00fchap\u00e4eva. Eimidagi olulist teoksil, peale klaveri harjutamise. Loivasin toast tuppa, lugesin kamina juures diivanil, vahepeal tukastasin ja nii oligi m\u00f5nus. T\u00f6\u00f6l on praegu olnud nii kiired ajad suve\u00fcrituse l\u00f5petamisega ja kokkuv\u00f5tete tegemisega, et seda puhkamise aega oli h\u00e4dasti vaja. Uus n\u00e4dal on niikuinii j\u00e4lle \u00fcks jooks ja tegutsemine, kus tuleb veel lisaks t\u00f6\u00f6le Narva j\u00f5uda ja M\u00e4rjamaal lugemissuvi l\u00f5petada. Noooh ja peale seda n\u00e4dalat tuleb mul viimane koolin\u00e4dal. See on \u00fcldiselt hea uudis ja kui ennast lohutada tahta, siis&#8230;.varsti on j\u00f5ulud ja selleks ajaks on k\u00f5ik see \u00f5ud ammu m\u00f6\u00f6das :D<\/p>\n<p>Ah jaa, niipalju k\u00fcll, et h\u00e4sti laisa k\u00e4iguga k\u00e4isime Kirkega p\u00fcjap\u00e4eval ratastega poes. Ilm oli ilus, p\u00e4ikeseline ja soe. V\u00f5tsime ette kohe pikema treti Selverisse. Kohtasin kassas makstes tuttavat ja tal tegi nalja, kuidas ma flegmaatiliselt asju kotti pakkisin, aga mul oligi eesm\u00e4rk, teha k\u00f5ike aeglaselt, mitte kiirustades, elu m\u00e4rgates :) tagasiteel tegime m\u00f5ned kl\u00f5psud fotokaga, sest tadaaaaa, poeg t\u00f5i mulle reisilt tulles uue objektiivi, mida ma ammu tahtsin saada ja mille jaoks olin pikemalt raha kogunud. <\/p>\n<p><center><a href=\"\/pildid\/1241\/IMG_7222-2.jpg\"><img decoding=\"async\" src=\"\/pildid\/1241\/IMG_7222-2.jpg\" alt=\"kaart\" \/><\/a><\/center><\/p>\n<p><center><a href=\"\/pildid\/1241\/IMG_7224-2.jpg\"><img decoding=\"async\" src=\"\/pildid\/1241\/IMG_7224-2.jpg\" alt=\"kaart\" \/><\/a><\/center><\/p>\n<p>Mis siis veel? \u00d5htul tegime m\u00f5nusat peedi-porgandi-t\u00fcrgi oa &#8211; suvik\u00f5rvitsa &#8211; tuunikala rooga ja avastasin, kui ilusad on praegu v\u00e4rsked peedid :) Kaunis s\u00fcgav v\u00e4rv ja nii nii maitsvad.<\/p>\n<p><center><a href=\"\/pildid\/1241\/IMG_7237.jpg\"><img decoding=\"async\" src=\"\/pildid\/1241\/IMG_7237.jpg\" alt=\"kaart\" \/><\/a><\/center><\/p>\n<p>Kodusel aknalaual on  meil praegu tomatid\u017eungel :)<\/p>\n<p><center><a href=\"\/pildid\/1241\/IMG_7251.jpg\"><img decoding=\"async\" src=\"\/pildid\/1241\/IMG_7251.jpg\" alt=\"kaart\" \/><\/a><\/center><\/p>\n<p>Minumeelest hakkas tomatitel lihtsalt r\u00f5dul h\u00e4bematult k\u00fclm ja t\u00f5in nad tuppa sooja k\u00e4tte. T\u00f5e huvides olgu \u00f6eldud, et 2 k\u00f5ige suuremat isendit on siiski veel edasi r\u00f5dul, sest nad lihtsalt ei mahu tuppa :( Neil on \u00f5nneks seltsiks kaks potiroosi, mis kingiti mulle talvel s\u00fcnnip\u00e4evaks ja mis elasid kenasti suve r\u00f5dul \u00fcle ning hetkel on \u00fchel roosil 2 \u00f5it lahti ja teisel \u00fcks varsti avanemas.<\/p>\n<p><center><a href=\"\/pildid\/1241\/IMG_7247.jpg\"><img decoding=\"async\" src=\"\/pildid\/1241\/IMG_7247.jpg\" alt=\"kaart\" \/><\/a><\/center><\/p>\n<p>Sellest ilusast peedist ja muust kraamist sai aga meile m\u00f5nus \u00f5htus\u00f6\u00f6k.<\/p>\n<p><center><a href=\"\/pildid\/1241\/IMG_7254.jpg\"><img decoding=\"async\" src=\"\/pildid\/1241\/IMG_7254.jpg\" alt=\"kaart\" \/><\/a><\/center><\/p>\n","protected":false},"excerpt":{"rendered":"<p>Enamasti on meie n\u00e4dalavahetused t\u00e4is igasuguseid ettev\u00f5tmisi ja liikumisi, sest t\u00f6\u00f6-\/koolin\u00e4dalal oleme siin paraku nagu sunnismaised ja v\u00e4ga kuskile liikuma ei saa. Liikuma saaks ju k\u00fcll, aga peale t\u00f6\u00f6d minnes( isegi, kui autoga minna), oled paraku igale poole hiljaks j\u00e4\u00e4nud, &hellip; <a href=\"https:\/\/www.kaldkriips.ee\/?p=4844\">J\u00e4tka lugemist <span class=\"meta-nav\">&rarr;<\/span><\/a><\/p>\n","protected":false},"author":1,"featured_media":0,"comment_status":"open","ping_status":"open","sticky":false,"template":"","format":"standard","meta":{"footnotes":""},"categories":[5],"tags":[],"class_list":["post-4844","post","type-post","status-publish","format-standard","hentry","category-mina-ise-ja-muud-loomad"],"_links":{"self":[{"href":"https:\/\/www.kaldkriips.ee\/index.php?rest_route=\/wp\/v2\/posts\/4844"}],"collection":[{"href":"https:\/\/www.kaldkriips.ee\/index.php?rest_route=\/wp\/v2\/posts"}],"about":[{"href":"https:\/\/www.kaldkriips.ee\/index.php?rest_route=\/wp\/v2\/types\/post"}],"author":[{"embeddable":true,"href":"https:\/\/www.kaldkriips.ee\/index.php?rest_route=\/wp\/v2\/users\/1"}],"replies":[{"embeddable":true,"href":"https:\/\/www.kaldkriips.ee\/index.php?rest_route=%2Fwp%2Fv2%2Fcomments&post=4844"}],"version-history":[{"count":10,"href":"https:\/\/www.kaldkriips.ee\/index.php?rest_route=\/wp\/v2\/posts\/4844\/revisions"}],"predecessor-version":[{"id":4854,"href":"https:\/\/www.kaldkriips.ee\/index.php?rest_route=\/wp\/v2\/posts\/4844\/revisions\/4854"}],"wp:attachment":[{"href":"https:\/\/www.kaldkriips.ee\/index.php?rest_route=%2Fwp%2Fv2%2Fmedia&parent=4844"}],"wp:term":[{"taxonomy":"category","embeddable":true,"href":"https:\/\/www.kaldkriips.ee\/index.php?rest_route=%2Fwp%2Fv2%2Fcategories&post=4844"},{"taxonomy":"post_tag","embeddable":true,"href":"https:\/\/www.kaldkriips.ee\/index.php?rest_route=%2Fwp%2Fv2%2Ftags&post=4844"}],"curies":[{"name":"wp","href":"https:\/\/api.w.org\/{rel}","templated":true}]}}