{"id":4773,"date":"2015-09-05T17:26:57","date_gmt":"2015-09-05T15:26:57","guid":{"rendered":"http:\/\/www.kaldkriips.ee\/?p=4773"},"modified":"2015-09-05T17:26:57","modified_gmt":"2015-09-05T15:26:57","slug":"tekk-vaikesele-ketrinile","status":"publish","type":"post","link":"https:\/\/www.kaldkriips.ee\/?p=4773","title":{"rendered":"Tekk v\u00e4ikesele Ketrinile"},"content":{"rendered":"<p>Me oleme seda kokkusaamise plaani pidanud p\u00e4ris parasjagu aega. See on see asi, kui s\u00f5branna kolib linna elama ja enam polegi nii lihtne sups ja k\u00fclla tulla\/minna. Igatahes, kui me viimati minu n\u00e4ituse avamise ja s\u00fcnnip\u00e4eva ajal kokku saime, leppisime kokku, et l\u00e4heme peagi neile linna k\u00fclla. Nojah, m\u00e4rkamatult on talvest saanud lausa s\u00fcgis ja kus sa siis oled k\u00f5ike j\u00f5udnud. Ikka ja alati j\u00e4\u00e4b aega puudu, et j\u00f5uda k\u00f5ike teha ja k\u00e4ia k\u00fclas k\u00f5igil, kes kallid ja armsad.<br \/>\nEelmisel n\u00e4dalal s\u00f5branna \u00e4kitsi kirjutas fb-s ja teatas, et tema n\u00fc\u00fcd ikka v\u00e4ga igatseb mind n\u00e4ha ja kuna mina igatsesin ka v\u00e4ga teda n\u00e4ha, siis panime kohe p\u00e4eva paika, sest umbm\u00e4\u00e4rane jutt &#8221; kuule, me peame kokku saama&#8221;, on teadagi pisut tulutu jutt.<br \/>\nMe siis eile l\u00e4ksime linna Kirkega. Niikui peale muusikakooli koju j\u00f5udis, kohe kimasime rongile. Judotrenn tuli kahjuks seekord ohvriks tuua, sest siis me oleks saanud liikuma alles peale kuut \u00f5htul siit ja see ei sobinud kohe \u00fcldse mitte. Eks see reede\u00f5htune trenn ongi paras nuhtlus, kui tahetakse kuskile lastega peale koolitunde n\u00e4dalavahetuseks \u00e4ra s\u00f5ita. Me seekord saime n\u00e4pistada, sest mina olin puhkusel, aga tavap\u00e4raselt see niiehknaa sedasi olema ei saa, kuna minul reedel ikka ja alati t\u00f6\u00f6p\u00e4ev ja l\u00f5peb see vaid pool tundi enne Kirke trenni.<br \/>\n\u00dches\u00f5naga olime poolviieks linnas, s\u00f5itsime trolliga Saku suurhalli juurde, k\u00e4isime korraks poes ja varsti olimegi s\u00f5pradel k\u00fclas.<br \/>\nEks juttu jagus kauemaks ja r\u00f5\u00f5mus meel oli ja kallistasime ja s\u00e4rasime mis kole :) Tegime k\u00e4sik\u00e4es valmis m\u00f5nusa woki ( mina olin loomulikult rohkem hakkija\/abit\u00f6\u00f6j\u00f5ud), s\u00f5ime, lapsed m\u00fcttasid \u00f5ues niisama ja batuudil ning l\u00f5puks, kui h\u00e4marduma hakkas, viisime k\u00f5ik koos s\u00f5branna kaasa lennujaama lennukile. Koos jah, et oleks ikka rohkem lehvitajaid :)<br \/>\nKodus tagasi, j\u00e4tkus meie jutu\u00f5htu, tegime v\u00e4ikse koogi\/tee ja m\u00f5nusa veini. <\/p>\n<p><center><a href=\"\/pildid\/1237\/IMG_7020.jpg\"><img decoding=\"async\" src=\"\/pildid\/1237\/IMG_7020.jpg\" alt=\"k\u00fclas\" \/><\/a><\/center><\/p>\n<p>Kogu selle jutu m\u00f5te on aga see, et loomulikult avastasin ma viimasel seitsmendal tunnil, et s\u00f5branna lapsele oleks vaja teha \u00fcks m\u00f5nus kerge ja pehme tekk. Nii ma siis terve hommiku \u00f5mblesin ja valmis sai selline 135 x 135 lapitekk, millel on voodriks lihtsalt paksem pehme  puuvillane trikotaa\u017e ja servad kanditud.<\/p>\n<p><center><a href=\"\/pildid\/1237\/IMG_7014.jpg\"><img decoding=\"async\" src=\"\/pildid\/1237\/IMG_7014.jpg\" alt=\"tekk\" \/><\/a><\/center><\/p>\n<p> Selline m\u00f5nus rulli keerata ja m\u00f5nus aeda murule v\u00f5i rannas liivale visata. \u00d5htul aga tore sellega teleka ees m\u00f5nnata, sest &#8220;Ma\u0161a ja karu&#8221; ootavad vaatamist :)<\/p>\n<p><center><a href=\"\/pildid\/1237\/IMG_7017.jpg\"><img decoding=\"async\" src=\"\/pildid\/1237\/IMG_7017.jpg\" alt=\"tekk\" \/><\/a><\/center><\/p>\n<p>Mul on viimasel ajal selline suurema ruuduga tekkide maania peale tulnud. Eks need saab pisut kiiremini valmis, kui v\u00e4ikeste ruutudega, aga peaasjalikult, v\u00e4ike vaheldus pisiruudule. N\u00fc\u00fcd nendele vahelduseks peaks hakkama j\u00e4lle nukkudele lapitekke tegema. Kuidagi on nad m\u00e4rkamatult mul kodusest laoseisust k\u00f5ik otsa saanud, aga nukud tahavad ju ometi vooditesse ja vankritesse katteid. Kui n\u00fc\u00fcd veel suurtest suureruudulapikatest r\u00e4\u00e4kida, siis nad on h\u00e4sti praktilised \u00fcmber v\u00f5tta ja kohekohe on saabumas j\u00e4lle see aeg, kus tahaks endale midagi diivanil \u00fcmber kerida. K\u00e4tesoojusega tehtud lapitekk on selleks p\u00e4ris kindlasti hea valik. V\u00e4ikeseid tekikesi peaks aga juba sellep\u00e4rast tegemisse v\u00f5tma, et \u00fcks s\u00f5branna palus \u00f5petamist, kuidas tehniliselt oleks hea ja \u00f5ige lapitekki teha. V\u00e4ike tekk on selleks siis paraja mahuga, et j\u00f5uaks \u00f5htuga asja selgeks \u00f5petada.<\/p>\n<p><center><a href=\"\/pildid\/1237\/IMG_7016.jpg\"><img decoding=\"async\" src=\"\/pildid\/1237\/IMG_7016.jpg\" alt=\"tekk\" \/><\/a><\/center><\/p>\n<p><center><a href=\"\/pildid\/1237\/IMG_7005.jpg\"><img decoding=\"async\" src=\"\/pildid\/1237\/IMG_7005.jpg\" alt=\"tekk\" \/><\/a><\/center><\/p>\n<p>Niiet jah, m\u00f5nus k\u00fclask\u00e4ik oli, t\u00f5eline naistekas &#8211; v\u00e4ikeste ja suurte :) Leppisime kokku, et seekord nii pikka vahet kokkusaamisele enam ei j\u00e4ta !<\/p>\n<p>T\u00e4na, kui k\u00fclast \u00e4ra l\u00e4ksime, j\u00e4ime m\u00f5neks ajaks veel kaubanduskeskusesse kolama ja siis alles rongitasime koju tagasi. Leidsime paar vajalikku asja ja loomulikult oli nii nii m\u00f5nus uudistada kunstitarvete poes. Selles Roca keskuse omas. Hea, et mul t\u00e4na \u00fckski kangas seal ei isutanud ostma :) <\/p>\n<p><center><a href=\"\/pildid\/1237\/IMG_70244.jpg\"><img decoding=\"async\" src=\"\/pildid\/1237\/IMG_70244.jpg\" alt=\"tekk\" \/><\/a><\/center><\/p>\n","protected":false},"excerpt":{"rendered":"<p>Me oleme seda kokkusaamise plaani pidanud p\u00e4ris parasjagu aega. See on see asi, kui s\u00f5branna kolib linna elama ja enam polegi nii lihtne sups ja k\u00fclla tulla\/minna. Igatahes, kui me viimati minu n\u00e4ituse avamise ja s\u00fcnnip\u00e4eva ajal kokku saime, leppisime &hellip; <a href=\"https:\/\/www.kaldkriips.ee\/?p=4773\">J\u00e4tka lugemist <span class=\"meta-nav\">&rarr;<\/span><\/a><\/p>\n","protected":false},"author":1,"featured_media":0,"comment_status":"open","ping_status":"open","sticky":false,"template":"","format":"standard","meta":{"footnotes":""},"categories":[5,33],"tags":[],"class_list":["post-4773","post","type-post","status-publish","format-standard","hentry","category-mina-ise-ja-muud-loomad","category-minu-kasitoo"],"_links":{"self":[{"href":"https:\/\/www.kaldkriips.ee\/index.php?rest_route=\/wp\/v2\/posts\/4773"}],"collection":[{"href":"https:\/\/www.kaldkriips.ee\/index.php?rest_route=\/wp\/v2\/posts"}],"about":[{"href":"https:\/\/www.kaldkriips.ee\/index.php?rest_route=\/wp\/v2\/types\/post"}],"author":[{"embeddable":true,"href":"https:\/\/www.kaldkriips.ee\/index.php?rest_route=\/wp\/v2\/users\/1"}],"replies":[{"embeddable":true,"href":"https:\/\/www.kaldkriips.ee\/index.php?rest_route=%2Fwp%2Fv2%2Fcomments&post=4773"}],"version-history":[{"count":7,"href":"https:\/\/www.kaldkriips.ee\/index.php?rest_route=\/wp\/v2\/posts\/4773\/revisions"}],"predecessor-version":[{"id":4805,"href":"https:\/\/www.kaldkriips.ee\/index.php?rest_route=\/wp\/v2\/posts\/4773\/revisions\/4805"}],"wp:attachment":[{"href":"https:\/\/www.kaldkriips.ee\/index.php?rest_route=%2Fwp%2Fv2%2Fmedia&parent=4773"}],"wp:term":[{"taxonomy":"category","embeddable":true,"href":"https:\/\/www.kaldkriips.ee\/index.php?rest_route=%2Fwp%2Fv2%2Fcategories&post=4773"},{"taxonomy":"post_tag","embeddable":true,"href":"https:\/\/www.kaldkriips.ee\/index.php?rest_route=%2Fwp%2Fv2%2Ftags&post=4773"}],"curies":[{"name":"wp","href":"https:\/\/api.w.org\/{rel}","templated":true}]}}