{"id":477,"date":"2009-09-23T00:15:51","date_gmt":"2009-09-22T22:15:51","guid":{"rendered":"http:\/\/blog.kaldkriips.ee\/?p=477"},"modified":"2009-09-23T00:25:44","modified_gmt":"2009-09-22T22:25:44","slug":"on-mida-meenutada","status":"publish","type":"post","link":"https:\/\/www.kaldkriips.ee\/?p=477","title":{"rendered":"On, mida meenutada"},"content":{"rendered":"<p>Sellise elutempo juures nagu n\u00e4ha, j\u00f5uab blogima harva.<br \/>\nViimase aja emotsioonid on veidi settinud ja ongi paras aeg midagi kirja panna.<br \/>\nIgasuguseid lahedaid \u00fcritusi ja seiku on olnud k\u00f5vasti, aga peatun siiski vaid viimase aja \u00fchel k\u00f5ige eredamal.<br \/>\n18,19 septembril toimus Warssavis Mary Kay aasta k\u00f5ige t\u00e4htsam \u00fcritus &#8211;  Seminar 2009.<br \/>\nSel aastal s\u00f5itis Eestist sinna esmakordselt 30 liikmeline delegatsioon.<br \/>\n18 septembri hommikul kell 10  v\u00f5ttis meid vastu 22 p\u00fcgalane soojus ja Hilton Warssaw Hotel  Convention Centre.<\/p>\n<p><center><a href=\"\/pildid\/477\/IMG_6362.jpg\"><img decoding=\"async\" src=\"\/pildid\/477\/IMG_6362v.jpg\" alt=\"Hilton\" \/><\/a><\/center> <\/p>\n<p>Ja edasi oli kaks p\u00e4eva glamuuri, tunnustusi, kingitusi, meeletut t\u00e4helepanu, koolitusi, vastuv\u00f5tte&#8230;&#8230;k\u00f5ike polegi v\u00f5imalik edasi anda, aga see oli ilmselt \u00fcks v\u00f5imsamaid \u00fcritusi, mida ma olen elus kogenud. Emotsioonid on siiani laes.<br \/>\nN\u00fc\u00fcd ma tean ka seda, mis tunne on seista suurel laval rambivalguses, kui v\u00f5tad vastu v\u00e4ljateenitud briljantidega ehet ja ligi 1,5 tuhat inimest saalis aplodeerivad sulle p\u00fcsti seistes. V\u00f5ttis ikka jalad n\u00f5rgaks k\u00fcll ja silmanurga m\u00e4rjaks :)<br \/>\nKui igal nurgal seisavad valgetes kinnastes mehed ja on sulle igal sammul toeks :D See oli nii veider, et alguses tundus lausa koomiline :D aga ka sellise t\u00e4helepanuga on v\u00f5imalik harjuda :D \u00dchel p\u00e4eval, m\u00f5ne aasta p\u00e4rast, seisan ma kindlasti seal laval koos oma t\u00fctrega, et ta saaks oma ema \u00fcle uhkust tunda  :)<br \/>\nOn \u00fclimalt armas, et selles korporatsioonis hinnatakse meeletult perekonda. Firma filossoofia on just \u00fcks esimene p\u00f5hjus, miks ma olen seal ja j\u00e4\u00e4n sinna. <\/p>\n<p><center><a href=\"\/pildid\/477\/IMG_6364.jpg\"><img decoding=\"async\" src=\"\/pildid\/477\/IMG_6364v.jpg\" alt=\"etteaste\" \/><\/a><\/center> <\/p>\n<p>Sellised lahedad esinemised olid<\/p>\n<p>ja peaesineja oli David Tavare Hispaaniast<\/p>\n<p><center><a href=\"\/pildid\/477\/david.jpg\"><img decoding=\"async\" src=\"\/pildid\/477\/david.jpg\" alt=\"Tavare\" \/><\/a><\/center> <\/p>\n<p>No sai ikka saalit\u00e4is rahvast vingelt tantsu vihtuda ja noormees tegi v\u00e4gagi vinge show. Oli mida vaadata ja kuulata. <\/p>\n<p><center><a href=\"\/pildid\/477\/IMG_6431.jpg\"><img decoding=\"async\" src=\"\/pildid\/477\/IMG_6431v.jpg\" alt=\"Darjaga\" \/><\/a><\/center> <\/p>\n<p>Hetk, peale lavalt tulemist koos minu vanemdirektoriga. <\/p>\n<p><center><a href=\"\/pildid\/477\/IMG_6485u.jpg\"><img decoding=\"async\" src=\"\/pildid\/477\/IMG_6485uv.jpg\" alt=\"pajatoidud\" \/><\/a><\/center> <\/p>\n<p>Minu toredad kolleegid veidi aega enne gala\u00f5htut<\/p>\n<p><center><a href=\"\/pildid\/477\/IMG_6494u.jpg\"><img decoding=\"async\" src=\"\/pildid\/477\/IMG_6494uv.jpg\" alt=\"pajatoidud\" \/><\/a><\/center> <\/p>\n<p>Nagu Hollywood, eks :D<\/p>\n<p><center><a href=\"\/pildid\/477\/IMG_6496.jpg\"><img decoding=\"async\" src=\"\/pildid\/477\/IMG_6496v.jpg\" alt=\"pajatoidud\" \/><\/a><\/center> <\/p>\n<p>See oli \u00fcks tore hetk, kui enne suure \u00fcrituse algust tegime piigadega lava ees pilte :)<br \/>\nAlles kodus pilte lapates avastasin, et samal ajal olime pidevalt suurel ekraanil :D Filmimehed j\u00e4\u00e4dvustasid meid ajalukku :D<\/p>\n<p><center><a href=\"\/pildid\/477\/IMG_6515.jpg\"><img decoding=\"async\" src=\"\/pildid\/477\/IMG_6515v.jpg\" alt=\"pajatoidud\" \/><\/a><\/center> <\/p>\n<p>Laval, auhinda k\u00e4tte saamas.<\/p>\n<p><center><a href=\"\/pildid\/477\/IMG_6538u.jpg\"><img decoding=\"async\" src=\"\/pildid\/477\/IMG_6538uv.jpg\" alt=\"pajatoidud\" \/><\/a><\/center> <\/p>\n<p>Peale auhinnatseremooniat oma piigadega<\/p>\n<p><center><a href=\"\/pildid\/477\/IMG_6553.jpg\"><img decoding=\"async\" src=\"\/pildid\/477\/IMG_6553v.jpg\" alt=\"pajatoidud\" \/><\/a><\/center> <\/p>\n<p>Ja l\u00f5bu ning tralli jagus hiliste \u00f6\u00f6tundideni :D<\/p>\n","protected":false},"excerpt":{"rendered":"<p>Sellise elutempo juures nagu n\u00e4ha, j\u00f5uab blogima harva. Viimase aja emotsioonid on veidi settinud ja ongi paras aeg midagi kirja panna. Igasuguseid lahedaid \u00fcritusi ja seiku on olnud k\u00f5vasti, aga peatun siiski vaid viimase aja \u00fchel k\u00f5ige eredamal. 18,19 septembril &hellip; <a href=\"https:\/\/www.kaldkriips.ee\/?p=477\">J\u00e4tka lugemist <span class=\"meta-nav\">&rarr;<\/span><\/a><\/p>\n","protected":false},"author":1,"featured_media":0,"comment_status":"open","ping_status":"open","sticky":false,"template":"","format":"standard","meta":{"footnotes":""},"categories":[5],"tags":[],"class_list":["post-477","post","type-post","status-publish","format-standard","hentry","category-mina-ise-ja-muud-loomad"],"_links":{"self":[{"href":"https:\/\/www.kaldkriips.ee\/index.php?rest_route=\/wp\/v2\/posts\/477"}],"collection":[{"href":"https:\/\/www.kaldkriips.ee\/index.php?rest_route=\/wp\/v2\/posts"}],"about":[{"href":"https:\/\/www.kaldkriips.ee\/index.php?rest_route=\/wp\/v2\/types\/post"}],"author":[{"embeddable":true,"href":"https:\/\/www.kaldkriips.ee\/index.php?rest_route=\/wp\/v2\/users\/1"}],"replies":[{"embeddable":true,"href":"https:\/\/www.kaldkriips.ee\/index.php?rest_route=%2Fwp%2Fv2%2Fcomments&post=477"}],"version-history":[{"count":0,"href":"https:\/\/www.kaldkriips.ee\/index.php?rest_route=\/wp\/v2\/posts\/477\/revisions"}],"wp:attachment":[{"href":"https:\/\/www.kaldkriips.ee\/index.php?rest_route=%2Fwp%2Fv2%2Fmedia&parent=477"}],"wp:term":[{"taxonomy":"category","embeddable":true,"href":"https:\/\/www.kaldkriips.ee\/index.php?rest_route=%2Fwp%2Fv2%2Fcategories&post=477"},{"taxonomy":"post_tag","embeddable":true,"href":"https:\/\/www.kaldkriips.ee\/index.php?rest_route=%2Fwp%2Fv2%2Ftags&post=477"}],"curies":[{"name":"wp","href":"https:\/\/api.w.org\/{rel}","templated":true}]}}