{"id":4762,"date":"2015-08-31T22:08:02","date_gmt":"2015-08-31T20:08:02","guid":{"rendered":"http:\/\/www.kaldkriips.ee\/?p=4762"},"modified":"2015-08-31T22:08:02","modified_gmt":"2015-08-31T20:08:02","slug":"kohe-algab-kool","status":"publish","type":"post","link":"https:\/\/www.kaldkriips.ee\/?p=4762","title":{"rendered":"Kohe algab kool"},"content":{"rendered":"<p>T\u00e4na on augusti viimane \u00f5htu ja homme on taas esimene koolip\u00e4ev.<br \/>\nMeie peres siis t\u00fctretirtsul minek teise klassi, nooremal pojal j\u00e4rjekordne \u00fclikooliaasta ees ja minul, oh seda r\u00f5\u00f5mu, kooli viimane moodul k\u00e4sil. <\/p>\n<p>Vaatan t\u00e4na Kirket ja m\u00f5tlen, et kas ma ei m\u00e4leta, v\u00f5i poisid ei v\u00e4ljenda lihtsalt nii energiliselt oma koolielevust. Meil k\u00e4ib siin juba mitu p\u00e4eva suur kooliootus ja t\u00e4na on asi juba puhta p\u00f6\u00f6rane. T\u00e4iesti \u00fclierutunud t\u00fctarlaps k\u00e4ib aga m\u00f6\u00f6da elamist, laulab, kilkab r\u00f5\u00f5must, pakib ja setib kooliasju, passitab riideid, keerutab peegli ees ja r\u00f5\u00f5mustab, et n\u00e4eb hea v\u00e4lja, peseb, punub patse, et hommikul lokid oleks&#8230;\u00fches\u00f5naga korralik duracell. &#8221; Emme, ma ei j\u00f5ua kuidagi homset koolip\u00e4eva \u00e4ra oodata! &#8221; Mitu korda ma olen t\u00e4na \u00f5htul seda lauset kuulnud?<br \/>\nTegelikult on see ju tore, et laps kooli ootab. Teine klass ka ju alles ja k\u00fcll oleks lahe, kui selline koolimineku ja koolisk\u00e4imise \u00f5hin kestaks v\u00f5imalikult kaua aastaid. Et kool ei muutuks sunnit\u00f6\u00f6ks ja t\u00fc\u00fctuks kohustuseks, et \u00f5petajad inspireeriksid oma \u00f5pilasi, sest see on parim, mida \u00f5petaja saab teadmiste k\u00f5rval lapsele anda.<br \/>\nEelmisel aastal l\u00e4ksime kooliasju ostma esimesel koolip\u00e4eval peale aktuseid. Ei olnud v\u00e4ga tore, sest poes oli hullumeelne hulk koolitarvete ostjaid. T\u00e4navu olime juba agaramad ja tegime selle tiiru t\u00e4na \u00e4ra. Hommikul vaatasime \u00fcle, millised asjad on olemas ja mis puudu ning peale l\u00f5unat k\u00e4isime poes varusid t\u00e4iendamas. N\u00fc\u00fcd on k\u00f5ik asjad olemas ja saab need rahus j\u00e4lle kooli \u00e4ra viia. Suurem probleem oli hoopis 140 cm pikale t\u00fctarlapsele Raplast valgete sukap\u00fckste ostmine. L\u00f5puks otsustasime, et l\u00e4heb hoopis ihuv\u00e4rvi sukap\u00fckstega. Neid oli lihtsam leida. T\u00e4navu on lapsel olemas ka koolivormi vest ja m\u00fcts. Pole k\u00fcll kohustuslikud, vaid soovituslikud, aga v\u00e4ikestele meeldib hirmsasti seda kanda mulle tundub ja las siis olla.<br \/>\nN\u00fc\u00fcd \u00f5htul sai preili soovil punutud hulgim patse p\u00e4he ( et ikka hommikul lokid oleks) ja oligi k\u00e4es magamaminek, et homme juba alustada oma teist \u00f5ppeaastat koolis ja muusikakoolis. <\/p>\n<p>Eile pidasime koos lapse klassikaaslastega ja nende vanematega \u00fche lapse kodu\u00f5uel  toreda suvel\u00f5pu\u00fcrituse maha. Vanemad suuremalt jaolt jutustasid sektsioonides ja lapsed v\u00e4ga aktiivselt m\u00e4ngisid \u00f5petaja taktikepi all igasuguseid m\u00e4nge. Ma m\u00e4ngisin lausa \u00fche m\u00e4ngu kaasa. Tore oli ja ilms soosis \u00f5ue\u00fcritust. Lastel oli l\u00f5bus ja vanemad said omavahel pisut rohkem tuttavaks. Ilmnes, et meie klassis k\u00e4ib p\u00e4ris mitu last, kelle vanemaid ma tunnen, aga ei teadnudki, et lapsed \u00fches klassis k\u00e4ivad. Toredad avastused.<br \/>\n Koduteel pidasid Kirke oma klassi\u00f5ega juba t\u00fcdrukute\u00f5htu plaane, et millisel n\u00e4dalal\u00f5pul saaks s\u00f5branna meile \u00f6\u00f6seks j\u00e4\u00e4da. Nemad olid valmis k\u00fcll juba samal \u00f5htul teki all koos itsitama, aga emad, igavesed pidurid arvasid, et loksutaks ennem koolir\u00fctmi paika ja k\u00fcll siis saab. <\/p>\n<p>\u00d5pikute ja t\u00f6\u00f6vihikute osas oleme t\u00e4navu edulised. Kuna koolis antakse need  viimasel vaheajan\u00e4dalal k\u00e4tte, siis oli aega need kiirelt \u00e4ra kiletada &#8211; kaanetada. Nendega on \u00fches\u00f5naga rahu majas. <\/p>\n<p>N\u00fc\u00fcd seisab ees veel logistika. Niiv\u00f5rd kuiv\u00f5rd. Judotrenni ajad ja laulustuudio kooriajad on paigas. Need on kindlatel aegadel ja need ei muutu. Homme  peale muusikakooli aktust tuleb leida ajad klaveritundidele ja kuuleb, millal on solfed\u017eo tunnid. Need viimased on ka juba ilmselgelt paika pandud, lihtsalt me veel ei tea neid aegu. Viimasena saab paika tuleval n\u00e4dalal laulustuudio soolotunni ja ehk midagi veel. Selle &#8220;midagi veel&#8221; asja jaoks tuleb  v\u00f5imalusel aeg leida, ehk siis 45 min n\u00e4dalas ja rohkem ma isegi ei kavatse lubada tal asju oma p\u00e4evakavadesse sehkendada. Ma tean, et ta tahaks veel tantsima ja sinna ja t\u00e4nna&#8230;aga aitab. Ok, tegelikult \u00fcks asi tuleb ilmselt veel, aga kuna ei tea, millal see saab olema, siis on kolm v\u00f5imalust &#8211; kas see tuleb eraldi ajal, tuleb trenni kolmest tunnist \u00fche tunni arvelt v\u00f5i ei tule \u00fcldse :)<\/p>\n<p>Mul on muide puhkus sel n\u00e4dalal ja see on p\u00e4ris hea et nii on, sest see n\u00e4dal on muude asjade t\u00f5ttu \u00fclitihe. T\u00e4na k\u00fcll k\u00e4isin p\u00e4eval korra t\u00f6\u00f6l ja sebisin m\u00f5ned vajalikud asjad \u00e4ra ja homme l\u00e4hen lapse aktuse ajaks ka t\u00f6\u00f6le, kuna meil seal \u00fcks \u00fcritus, aga teistel p\u00e4evadel enam sinna ei j\u00f5ua ega taha j\u00f5uda ka :)<br \/>\nTeisel poolel p\u00e4evast k\u00e4ime \u00e4ra muusikakooli aktusel ja siis on plaanis juba \u00fcks m\u00f5nus perekondlik \u00f5htus\u00f6\u00f6k lapse valitud paigas.<br \/>\nJ\u00e4rgmisest p\u00e4evast saab aga alguse \u00fclitiheda graafikuga n\u00e4dal, kus tuleb v\u00e4ga, v\u00e4ga palju j\u00f5uda. Eesm\u00e4rgid on p\u00fcstitatud, seega&#8230;..tegudele!<\/p>\n<p>\u00d5ues on veel k\u00fcllalt suvine ja s\u00fcgispilte meil pole, aga panen siia m\u00f5ned ilusad rabapildid, et oleks v\u00e4rvilisem :) K\u00e4isin \u00fchel \u00f5htul pildistamas seal armsat perekonda ja Kirke oli assistendiks kaasas. Kui vaja tassis asju, kui vaja helestas, kui vaja aitas v\u00e4ikeseid lapsi heinapalli otsa :D<br \/>\n Rabas \u00f5itseb praegu kanarbik, imeliselt ilus&#8230;.ja pohlad on valmimas.<\/p>\n<p><center><a href=\"\/pildid\/1235\/IMG_6068-2.jpg\"><img decoding=\"async\" src=\"\/pildid\/1235\/IMG_6068-2.jpg\" alt=\"raba\" \/><\/a><\/center><\/p>\n<p><center><a href=\"\/pildid\/1235\/IMG_6070-2.jpg\"><img decoding=\"async\" src=\"\/pildid\/1235\/IMG_6070-2.jpg\" alt=\"raba\" \/><\/a><\/center><\/p>\n<p><center><a href=\"\/pildid\/1235\/IMG_6074.jpg\"><img decoding=\"async\" src=\"\/pildid\/1235\/IMG_6074.jpg\" alt=\"raba\" \/><\/a><\/center><\/p>\n<p><center><a href=\"\/pildid\/1235\/IMG_6152.jpg\"><img decoding=\"async\" src=\"\/pildid\/1235\/IMG_6152.jpg\" alt=\"raba\" \/><\/a><\/center><\/p>\n<p><center><a href=\"\/pildid\/1235\/IMG_6232.jpg\"><img decoding=\"async\" src=\"\/pildid\/1235\/IMG_6232.jpg\" alt=\"raba\" \/><\/a><\/center><\/p>\n<p><center><a href=\"\/pildid\/1235\/IMG_5891-2.jpg\"><img decoding=\"async\" src=\"\/pildid\/1235\/IMG_5891-2.jpg\" alt=\"raba\" \/><\/a><\/center><\/p>\n<p><center><a href=\"\/pildid\/1235\/IMG_6075-2.jpg\"><img decoding=\"async\" src=\"\/pildid\/1235\/IMG_6075-2.jpg\" alt=\"raba\" \/><\/a><\/center><\/p>\n<p><center><a href=\"\/pildid\/1235\/IMG_6076.jpg\"><img decoding=\"async\" src=\"\/pildid\/1235\/IMG_6076.jpg\" alt=\"raba\" \/><\/a><\/center><\/p>\n<p><center><a href=\"\/pildid\/1235\/IMG_6066-2.jpg\"><img decoding=\"async\" src=\"\/pildid\/1235\/IMG_6066-2.jpg\" alt=\"raba\" \/><\/a><\/center><\/p>\n","protected":false},"excerpt":{"rendered":"<p>T\u00e4na on augusti viimane \u00f5htu ja homme on taas esimene koolip\u00e4ev. Meie peres siis t\u00fctretirtsul minek teise klassi, nooremal pojal j\u00e4rjekordne \u00fclikooliaasta ees ja minul, oh seda r\u00f5\u00f5mu, kooli viimane moodul k\u00e4sil. Vaatan t\u00e4na Kirket ja m\u00f5tlen, et kas ma &hellip; <a href=\"https:\/\/www.kaldkriips.ee\/?p=4762\">J\u00e4tka lugemist <span class=\"meta-nav\">&rarr;<\/span><\/a><\/p>\n","protected":false},"author":1,"featured_media":0,"comment_status":"open","ping_status":"open","sticky":false,"template":"","format":"standard","meta":{"footnotes":""},"categories":[29,5],"tags":[],"class_list":["post-4762","post","type-post","status-publish","format-standard","hentry","category-fotograafia","category-mina-ise-ja-muud-loomad"],"_links":{"self":[{"href":"https:\/\/www.kaldkriips.ee\/index.php?rest_route=\/wp\/v2\/posts\/4762"}],"collection":[{"href":"https:\/\/www.kaldkriips.ee\/index.php?rest_route=\/wp\/v2\/posts"}],"about":[{"href":"https:\/\/www.kaldkriips.ee\/index.php?rest_route=\/wp\/v2\/types\/post"}],"author":[{"embeddable":true,"href":"https:\/\/www.kaldkriips.ee\/index.php?rest_route=\/wp\/v2\/users\/1"}],"replies":[{"embeddable":true,"href":"https:\/\/www.kaldkriips.ee\/index.php?rest_route=%2Fwp%2Fv2%2Fcomments&post=4762"}],"version-history":[{"count":9,"href":"https:\/\/www.kaldkriips.ee\/index.php?rest_route=\/wp\/v2\/posts\/4762\/revisions"}],"predecessor-version":[{"id":4771,"href":"https:\/\/www.kaldkriips.ee\/index.php?rest_route=\/wp\/v2\/posts\/4762\/revisions\/4771"}],"wp:attachment":[{"href":"https:\/\/www.kaldkriips.ee\/index.php?rest_route=%2Fwp%2Fv2%2Fmedia&parent=4762"}],"wp:term":[{"taxonomy":"category","embeddable":true,"href":"https:\/\/www.kaldkriips.ee\/index.php?rest_route=%2Fwp%2Fv2%2Fcategories&post=4762"},{"taxonomy":"post_tag","embeddable":true,"href":"https:\/\/www.kaldkriips.ee\/index.php?rest_route=%2Fwp%2Fv2%2Ftags&post=4762"}],"curies":[{"name":"wp","href":"https:\/\/api.w.org\/{rel}","templated":true}]}}