{"id":475,"date":"2009-09-12T17:40:53","date_gmt":"2009-09-12T15:40:53","guid":{"rendered":"http:\/\/blog.kaldkriips.ee\/?p=475"},"modified":"2009-09-12T17:42:32","modified_gmt":"2009-09-12T15:42:32","slug":"jalle-lapsest","status":"publish","type":"post","link":"https:\/\/www.kaldkriips.ee\/?p=475","title":{"rendered":"J\u00e4lle lapsest"},"content":{"rendered":"<p>Laps:&#8221; Emme, mul on jalgadel mustikad :)&#8221;<br \/>\nEma: &#8221; Ei, kullake, need on sul sinikad :P&#8221;<\/p>\n<p>T\u00e4na juhtus olema selline p\u00e4ev, kus laps elab ennast t\u00e4iega v\u00e4lja. No jonn, jaur ja muud sigadused :S \u00dcks hetk ma enam ei jaksanud ja \u00fctlesin pahasena, et kuule, ma ei suuda sind enam t\u00e4na kannatada :(<br \/>\nSellepeale sain selge ja otsekohese vastuse: &#8221; K\u00fcll sa suudad!&#8221; Nojah, eks ma ju suudangi, kuigi vahest tundub teisiti :D<\/p>\n<p>Peale pikemat vaikust tekkis mul tunne, et midagi kahtlast on j\u00e4lle teoksil. L\u00e4ksin siis vaikselt vaatama elutuppa, et mis sel korral teoksil. Vaatepilt oli \u00fcsna naljakas :D<br \/>\nKoer lamas rahus ja piiga kaunistas tema saba juukseklambritega. Teises k\u00e4es roosa puudripintsel, millega siis puuderdati koera :D Ise kommenteeris, et ta teeb koerale meetikat :P<\/p>\n<p><center><a href=\"\/pildid\/475\/IMG_2599.jpg\"><img decoding=\"async\" src=\"\/pildid\/475\/IMG_2599v.jpg\" alt=\"laps\" \/><\/a><\/center> <\/p>\n","protected":false},"excerpt":{"rendered":"<p>Laps:&#8221; Emme, mul on jalgadel mustikad :)&#8221; Ema: &#8221; Ei, kullake, need on sul sinikad :P&#8221; T\u00e4na juhtus olema selline p\u00e4ev, kus laps elab ennast t\u00e4iega v\u00e4lja. No jonn, jaur ja muud sigadused :S \u00dcks hetk ma enam ei jaksanud &hellip; <a href=\"https:\/\/www.kaldkriips.ee\/?p=475\">J\u00e4tka lugemist <span class=\"meta-nav\">&rarr;<\/span><\/a><\/p>\n","protected":false},"author":1,"featured_media":0,"comment_status":"open","ping_status":"open","sticky":false,"template":"","format":"standard","meta":{"footnotes":""},"categories":[5],"tags":[],"class_list":["post-475","post","type-post","status-publish","format-standard","hentry","category-mina-ise-ja-muud-loomad"],"_links":{"self":[{"href":"https:\/\/www.kaldkriips.ee\/index.php?rest_route=\/wp\/v2\/posts\/475"}],"collection":[{"href":"https:\/\/www.kaldkriips.ee\/index.php?rest_route=\/wp\/v2\/posts"}],"about":[{"href":"https:\/\/www.kaldkriips.ee\/index.php?rest_route=\/wp\/v2\/types\/post"}],"author":[{"embeddable":true,"href":"https:\/\/www.kaldkriips.ee\/index.php?rest_route=\/wp\/v2\/users\/1"}],"replies":[{"embeddable":true,"href":"https:\/\/www.kaldkriips.ee\/index.php?rest_route=%2Fwp%2Fv2%2Fcomments&post=475"}],"version-history":[{"count":0,"href":"https:\/\/www.kaldkriips.ee\/index.php?rest_route=\/wp\/v2\/posts\/475\/revisions"}],"wp:attachment":[{"href":"https:\/\/www.kaldkriips.ee\/index.php?rest_route=%2Fwp%2Fv2%2Fmedia&parent=475"}],"wp:term":[{"taxonomy":"category","embeddable":true,"href":"https:\/\/www.kaldkriips.ee\/index.php?rest_route=%2Fwp%2Fv2%2Fcategories&post=475"},{"taxonomy":"post_tag","embeddable":true,"href":"https:\/\/www.kaldkriips.ee\/index.php?rest_route=%2Fwp%2Fv2%2Ftags&post=475"}],"curies":[{"name":"wp","href":"https:\/\/api.w.org\/{rel}","templated":true}]}}