{"id":465,"date":"2009-08-24T11:51:02","date_gmt":"2009-08-24T09:51:02","guid":{"rendered":"http:\/\/blog.kaldkriips.ee\/?p=465"},"modified":"2011-08-22T09:51:57","modified_gmt":"2011-08-22T07:51:57","slug":"lapsega-valjas","status":"publish","type":"post","link":"https:\/\/www.kaldkriips.ee\/?p=465","title":{"rendered":"Lapsega v\u00e4ljas"},"content":{"rendered":"<p>Lapsest tuleb ikka pilte k\u00f5ige rohkem. Mis teha. Tema alati mul k\u00e4ep\u00e4rst ja kaasas ja eks lapse siirus fotodel on v\u00e4\u00e4rtus omaette.<br \/>\nSellel vihmaj\u00e4rgsel p\u00e4rastl\u00f5unal olime me juuli l\u00f5pus k\u00fclas. Lustisime m\u00e4rjal murul, plikatirts kilkas batuudil, koerad tundsid r\u00f5\u00f5mu seltskonnast ja pidasime  l\u00f5unat vabas vormis \u00f5ues. <\/p>\n<p><center><a href=\"\/pildid\/465\/IMG_4829.jpg\"><img decoding=\"async\" src=\"\/pildid\/465\/IMG_4829v.jpg\" alt=\"Kirke\" \/><\/a><\/center><\/p>\n<p>Lapse selle suve vaieldamatu lemmik &#8211; batuut<\/p>\n<p><center><a href=\"\/pildid\/465\/IMG_4835.jpg\"><img decoding=\"async\" src=\"\/pildid\/465\/IMG_4835v.jpg\" alt=\"Kirke\" \/><\/a><\/center><\/p>\n<p>Ja kirsid olid m\u00f5nusalt valmis&#8230;..vihmast m\u00e4rjad&#8230;<\/p>\n<p><center><a href=\"\/pildid\/465\/IMG_4836.jpg\"><img decoding=\"async\" src=\"\/pildid\/465\/IMG_4836v.jpg\" alt=\"Kirke\" \/><\/a><\/center><\/p>\n<p>Tips luuras kirssides koeri :P<\/p>\n<p><center><a href=\"\/pildid\/465\/IMG_4839.jpg\"><img decoding=\"async\" src=\"\/pildid\/465\/IMG_4839v.jpg\" alt=\"Kirke\" \/><\/a><\/center><\/p>\n<p>Noppis m\u00f5ned mammud suhu ja osad viis koertele :)<\/p>\n<p><center><a href=\"\/pildid\/465\/IMG_4854.jpg\"><img decoding=\"async\" src=\"\/pildid\/465\/IMG_4854v.jpg\" alt=\"Kirke\" \/><\/a><\/center><\/p>\n<p>T\u00e4di seljas oli lahe ja turvaline s\u00f5brustada kahe suure koeraga :P<\/p>\n<p><center><a href=\"\/pildid\/465\/IMG_5161.jpg\"><img decoding=\"async\" src=\"\/pildid\/465\/IMG_5161v.jpg\" alt=\"Kirke\" \/><\/a><\/center><\/p>\n<p>Aga see pilt on tehtud hoopis teisel p\u00e4eval, siis, kui tibin tahtis olla vanaema kasepuu otsas :P<\/p>\n","protected":false},"excerpt":{"rendered":"<p>Lapsest tuleb ikka pilte k\u00f5ige rohkem. Mis teha. Tema alati mul k\u00e4ep\u00e4rst ja kaasas ja eks lapse siirus fotodel on v\u00e4\u00e4rtus omaette. Sellel vihmaj\u00e4rgsel p\u00e4rastl\u00f5unal olime me juuli l\u00f5pus k\u00fclas. Lustisime m\u00e4rjal murul, plikatirts kilkas batuudil, koerad tundsid r\u00f5\u00f5mu seltskonnast &hellip; <a href=\"https:\/\/www.kaldkriips.ee\/?p=465\">J\u00e4tka lugemist <span class=\"meta-nav\">&rarr;<\/span><\/a><\/p>\n","protected":false},"author":1,"featured_media":0,"comment_status":"open","ping_status":"open","sticky":false,"template":"","format":"standard","meta":{"footnotes":""},"categories":[5],"tags":[],"class_list":["post-465","post","type-post","status-publish","format-standard","hentry","category-mina-ise-ja-muud-loomad"],"_links":{"self":[{"href":"https:\/\/www.kaldkriips.ee\/index.php?rest_route=\/wp\/v2\/posts\/465"}],"collection":[{"href":"https:\/\/www.kaldkriips.ee\/index.php?rest_route=\/wp\/v2\/posts"}],"about":[{"href":"https:\/\/www.kaldkriips.ee\/index.php?rest_route=\/wp\/v2\/types\/post"}],"author":[{"embeddable":true,"href":"https:\/\/www.kaldkriips.ee\/index.php?rest_route=\/wp\/v2\/users\/1"}],"replies":[{"embeddable":true,"href":"https:\/\/www.kaldkriips.ee\/index.php?rest_route=%2Fwp%2Fv2%2Fcomments&post=465"}],"version-history":[{"count":0,"href":"https:\/\/www.kaldkriips.ee\/index.php?rest_route=\/wp\/v2\/posts\/465\/revisions"}],"wp:attachment":[{"href":"https:\/\/www.kaldkriips.ee\/index.php?rest_route=%2Fwp%2Fv2%2Fmedia&parent=465"}],"wp:term":[{"taxonomy":"category","embeddable":true,"href":"https:\/\/www.kaldkriips.ee\/index.php?rest_route=%2Fwp%2Fv2%2Fcategories&post=465"},{"taxonomy":"post_tag","embeddable":true,"href":"https:\/\/www.kaldkriips.ee\/index.php?rest_route=%2Fwp%2Fv2%2Ftags&post=465"}],"curies":[{"name":"wp","href":"https:\/\/api.w.org\/{rel}","templated":true}]}}