{"id":464,"date":"2009-08-24T11:33:11","date_gmt":"2009-08-24T09:33:11","guid":{"rendered":"http:\/\/blog.kaldkriips.ee\/?p=464"},"modified":"2009-08-24T11:38:24","modified_gmt":"2009-08-24T09:38:24","slug":"ukskord-suveohtul","status":"publish","type":"post","link":"https:\/\/www.kaldkriips.ee\/?p=464","title":{"rendered":"\u00dckskord suve\u00f5htul"},"content":{"rendered":"<p>K\u00e4isin pildistamas kaunist naist :) Suures pildiuputuses j\u00f5udsin l\u00f5puks tema pildid valmis ja k\u00e4tte toimetatud.<br \/>\nM\u00f5ned nopped tollest p\u00e4evast.<\/p>\n<p><center><a href=\"\/pildid\/464\/IMG_4697s.jpg\"><img decoding=\"async\" src=\"\/pildid\/464\/IMG_4697sv.jpg\" alt=\"Sirli\" \/><\/a><\/center><\/p>\n<p><center><a href=\"\/pildid\/464\/IMG_4807s.jpg\"><img decoding=\"async\" src=\"\/pildid\/464\/IMG_4807sv.jpg\" alt=\"Sirli\" \/><\/a><\/center><\/p>\n<p><center><a href=\"\/pildid\/464\/IMG_4766u.jpg\"><img decoding=\"async\" src=\"\/pildid\/464\/IMG_4766uv.jpg\" alt=\"Sirli\" \/><\/a><\/center><\/p>\n<p><center><a href=\"\/pildid\/464\/IMG_4794m.jpg\"><img decoding=\"async\" src=\"\/pildid\/464\/IMG_4794mv.jpg\" alt=\"Sirli\" \/><\/a><\/center><\/p>\n<p><center><a href=\"\/pildid\/464\/IMG_4796m.jpg\"><img decoding=\"async\" src=\"\/pildid\/464\/IMG_4796mv.jpg\" alt=\"Sirli\" \/><\/a><\/center><\/p>\n<p><center><a href=\"\/pildid\/464\/IMG_4738m.jpg\"><img decoding=\"async\" src=\"\/pildid\/464\/IMG_4738mv.jpg\" alt=\"Sirli\" \/><\/a><\/center><\/p>\n<p><center><a href=\"\/pildid\/464\/IMG_4737.jpg\"><img decoding=\"async\" src=\"\/pildid\/464\/IMG_4737v.jpg\" alt=\"Sirli\" \/><\/a><\/center><\/p>\n<p><center><a href=\"\/pildid\/464\/IMG_4730.jpg\"><img decoding=\"async\" src=\"\/pildid\/464\/IMG_4730v.jpg\" alt=\"Sirli\" \/><\/a><\/center><\/p>\n","protected":false},"excerpt":{"rendered":"<p>K\u00e4isin pildistamas kaunist naist :) Suures pildiuputuses j\u00f5udsin l\u00f5puks tema pildid valmis ja k\u00e4tte toimetatud. M\u00f5ned nopped tollest p\u00e4evast.<\/p>\n","protected":false},"author":1,"featured_media":0,"comment_status":"open","ping_status":"open","sticky":false,"template":"","format":"standard","meta":{"footnotes":""},"categories":[5],"tags":[],"class_list":["post-464","post","type-post","status-publish","format-standard","hentry","category-mina-ise-ja-muud-loomad"],"_links":{"self":[{"href":"https:\/\/www.kaldkriips.ee\/index.php?rest_route=\/wp\/v2\/posts\/464"}],"collection":[{"href":"https:\/\/www.kaldkriips.ee\/index.php?rest_route=\/wp\/v2\/posts"}],"about":[{"href":"https:\/\/www.kaldkriips.ee\/index.php?rest_route=\/wp\/v2\/types\/post"}],"author":[{"embeddable":true,"href":"https:\/\/www.kaldkriips.ee\/index.php?rest_route=\/wp\/v2\/users\/1"}],"replies":[{"embeddable":true,"href":"https:\/\/www.kaldkriips.ee\/index.php?rest_route=%2Fwp%2Fv2%2Fcomments&post=464"}],"version-history":[{"count":0,"href":"https:\/\/www.kaldkriips.ee\/index.php?rest_route=\/wp\/v2\/posts\/464\/revisions"}],"wp:attachment":[{"href":"https:\/\/www.kaldkriips.ee\/index.php?rest_route=%2Fwp%2Fv2%2Fmedia&parent=464"}],"wp:term":[{"taxonomy":"category","embeddable":true,"href":"https:\/\/www.kaldkriips.ee\/index.php?rest_route=%2Fwp%2Fv2%2Fcategories&post=464"},{"taxonomy":"post_tag","embeddable":true,"href":"https:\/\/www.kaldkriips.ee\/index.php?rest_route=%2Fwp%2Fv2%2Ftags&post=464"}],"curies":[{"name":"wp","href":"https:\/\/api.w.org\/{rel}","templated":true}]}}