{"id":457,"date":"2009-07-29T17:05:24","date_gmt":"2009-07-29T15:05:24","guid":{"rendered":"http:\/\/blog.kaldkriips.ee\/?p=457"},"modified":"2009-07-31T22:42:43","modified_gmt":"2009-07-31T20:42:43","slug":"jutud","status":"publish","type":"post","link":"https:\/\/www.kaldkriips.ee\/?p=457","title":{"rendered":"Jutud"},"content":{"rendered":"<p>Laps jookseb padinal aknast v\u00e4lja vaatama, sest akna alla tuli m\u00fct-m\u00fct-m\u00fct&#8230;..vennake mootorrattaga :)<br \/>\nVaatab, vangutab pead ja r\u00e4\u00e4gib v\u00e4ga t\u00f5siselt:<br \/>\n&#8221; Aiaiai, niiiiiii ilus motikas vennal. Mina tahan ka sellist. Rooosat &#8221;<\/p>\n<p>Istume ja vaatame vanu fotosid.<br \/>\nLaps: &#8221; Emme, mis me teeme siin?&#8221;<br \/>\nEma: &#8221; Istume Musamaris vaiba peal.&#8221;<br \/>\nLaps: &#8221; Aaa, emme, me istume laiba peal ! &#8221;<br \/>\nEma: &#8221; Ei, kullake, vaiba peal!!! &#8221;<br \/>\nLaps:&#8221; Ikka, me istume koos laiba peal! &#8221;<br \/>\n(Tirts ei oska \u00f6elda v t\u00e4hte :D)<\/p>\n<p>Tapvalt palav t\u00e4na. K\u00e4isime v\u00e4ljas lustimas, aga \u00e4ra tahtis tappa see kuumus . Homme peaks midagi lahedamat ette v\u00f5tma. Plaanid juba olemas :P Head plaanid :)<br \/>\nJa uni on t\u00e4na ka. Sai pisut liiga hilja magama :)<\/p>\n","protected":false},"excerpt":{"rendered":"<p>Laps jookseb padinal aknast v\u00e4lja vaatama, sest akna alla tuli m\u00fct-m\u00fct-m\u00fct&#8230;..vennake mootorrattaga :) Vaatab, vangutab pead ja r\u00e4\u00e4gib v\u00e4ga t\u00f5siselt: &#8221; Aiaiai, niiiiiii ilus motikas vennal. Mina tahan ka sellist. Rooosat &#8221; Istume ja vaatame vanu fotosid. Laps: &#8221; Emme, &hellip; <a href=\"https:\/\/www.kaldkriips.ee\/?p=457\">J\u00e4tka lugemist <span class=\"meta-nav\">&rarr;<\/span><\/a><\/p>\n","protected":false},"author":1,"featured_media":0,"comment_status":"open","ping_status":"open","sticky":false,"template":"","format":"standard","meta":{"footnotes":""},"categories":[5],"tags":[],"class_list":["post-457","post","type-post","status-publish","format-standard","hentry","category-mina-ise-ja-muud-loomad"],"_links":{"self":[{"href":"https:\/\/www.kaldkriips.ee\/index.php?rest_route=\/wp\/v2\/posts\/457"}],"collection":[{"href":"https:\/\/www.kaldkriips.ee\/index.php?rest_route=\/wp\/v2\/posts"}],"about":[{"href":"https:\/\/www.kaldkriips.ee\/index.php?rest_route=\/wp\/v2\/types\/post"}],"author":[{"embeddable":true,"href":"https:\/\/www.kaldkriips.ee\/index.php?rest_route=\/wp\/v2\/users\/1"}],"replies":[{"embeddable":true,"href":"https:\/\/www.kaldkriips.ee\/index.php?rest_route=%2Fwp%2Fv2%2Fcomments&post=457"}],"version-history":[{"count":0,"href":"https:\/\/www.kaldkriips.ee\/index.php?rest_route=\/wp\/v2\/posts\/457\/revisions"}],"wp:attachment":[{"href":"https:\/\/www.kaldkriips.ee\/index.php?rest_route=%2Fwp%2Fv2%2Fmedia&parent=457"}],"wp:term":[{"taxonomy":"category","embeddable":true,"href":"https:\/\/www.kaldkriips.ee\/index.php?rest_route=%2Fwp%2Fv2%2Fcategories&post=457"},{"taxonomy":"post_tag","embeddable":true,"href":"https:\/\/www.kaldkriips.ee\/index.php?rest_route=%2Fwp%2Fv2%2Ftags&post=457"}],"curies":[{"name":"wp","href":"https:\/\/api.w.org\/{rel}","templated":true}]}}