{"id":446,"date":"2009-07-14T11:47:49","date_gmt":"2009-07-14T09:47:49","guid":{"rendered":"http:\/\/blog.kaldkriips.ee\/?p=446"},"modified":"2009-07-14T12:03:58","modified_gmt":"2009-07-14T10:03:58","slug":"13-ja-mitte-reede-esmaspaev-hoopis","status":"publish","type":"post","link":"https:\/\/www.kaldkriips.ee\/?p=446","title":{"rendered":"13 ja mitte reede-esmasp\u00e4ev hoopis"},"content":{"rendered":"<p>Oo, mis vihmane ilm oli hommikul. \u00c4ratus oli varajane ja oi milline uni oliiiii. Sai vist v\u00e4he hilja magama:)<br \/>\nT\u00f5usta aga oli vaja vara. Mis teha. No ega see tapa ka.<br \/>\nHommikused protseduurid, kiiresti koeraga \u00f5ue ja varsti olid poolakad oma kutsaga meil. V\u00e4ike koerapulm ja sel korral tuli Carrol t\u00fcdrukule h\u00fcvasti \u00f6elda.<br \/>\n\u00d5nneks olin igati graafikus ja j\u00f5udsin kenasti rongile. L\u00e4ksin direktorite koosolekule. Igati asjalik ning huvitav koosolek. Ei olnud mingit niisama t\u00fchja mula ajamist. Mitu \u00fcritust sai paika pandud ja mitmeid s\u00f5lmpunkte arutatud. Novembris korraldame Eestis rahvusvahelist konverentsi. Ettevalmistused hakkavad juba \u00fcsna pea peale. Augusti alguseks planeerisime \u00fche \u00fcrituse  endile + parimatele. Igal inimesel olid omad k\u00fcsimused ja omad ettepanekud-seega koost\u00f6\u00f6 oli konstruktiivne ja viljakas.<br \/>\n\u00d5htul kodus l\u00e4ks veidi aega veel t\u00f6\u00f6asjade korraldamisele. L\u00f5puks tuli p\u00e4ris \u00f5htu ja selle aja veetsime koos lapse ja s\u00f5brannaga \u00f5ues. Ilus \u00f5htupoolik. <\/p>\n<p>L\u00f5ppu \u00fcks praeguse ajastu vaimse suurmehe moto:<\/p>\n<p>&#8221; Lihtne eluviis ja \u00fclev m\u00f5tlemine&#8221; <\/p>\n<p>On sobinud ja sobib edaspidigi. <\/p>\n","protected":false},"excerpt":{"rendered":"<p>Oo, mis vihmane ilm oli hommikul. \u00c4ratus oli varajane ja oi milline uni oliiiii. Sai vist v\u00e4he hilja magama:) T\u00f5usta aga oli vaja vara. Mis teha. No ega see tapa ka. Hommikused protseduurid, kiiresti koeraga \u00f5ue ja varsti olid poolakad &hellip; <a href=\"https:\/\/www.kaldkriips.ee\/?p=446\">J\u00e4tka lugemist <span class=\"meta-nav\">&rarr;<\/span><\/a><\/p>\n","protected":false},"author":1,"featured_media":0,"comment_status":"open","ping_status":"open","sticky":false,"template":"","format":"standard","meta":{"footnotes":""},"categories":[5],"tags":[],"class_list":["post-446","post","type-post","status-publish","format-standard","hentry","category-mina-ise-ja-muud-loomad"],"_links":{"self":[{"href":"https:\/\/www.kaldkriips.ee\/index.php?rest_route=\/wp\/v2\/posts\/446"}],"collection":[{"href":"https:\/\/www.kaldkriips.ee\/index.php?rest_route=\/wp\/v2\/posts"}],"about":[{"href":"https:\/\/www.kaldkriips.ee\/index.php?rest_route=\/wp\/v2\/types\/post"}],"author":[{"embeddable":true,"href":"https:\/\/www.kaldkriips.ee\/index.php?rest_route=\/wp\/v2\/users\/1"}],"replies":[{"embeddable":true,"href":"https:\/\/www.kaldkriips.ee\/index.php?rest_route=%2Fwp%2Fv2%2Fcomments&post=446"}],"version-history":[{"count":0,"href":"https:\/\/www.kaldkriips.ee\/index.php?rest_route=\/wp\/v2\/posts\/446\/revisions"}],"wp:attachment":[{"href":"https:\/\/www.kaldkriips.ee\/index.php?rest_route=%2Fwp%2Fv2%2Fmedia&parent=446"}],"wp:term":[{"taxonomy":"category","embeddable":true,"href":"https:\/\/www.kaldkriips.ee\/index.php?rest_route=%2Fwp%2Fv2%2Fcategories&post=446"},{"taxonomy":"post_tag","embeddable":true,"href":"https:\/\/www.kaldkriips.ee\/index.php?rest_route=%2Fwp%2Fv2%2Ftags&post=446"}],"curies":[{"name":"wp","href":"https:\/\/api.w.org\/{rel}","templated":true}]}}