{"id":440,"date":"2009-06-29T18:42:41","date_gmt":"2009-06-29T16:42:41","guid":{"rendered":"http:\/\/blog.kaldkriips.ee\/?p=440"},"modified":"2009-06-29T18:42:41","modified_gmt":"2009-06-29T16:42:41","slug":"laintesse-heidan-end-laintesse-peidan-end","status":"publish","type":"post","link":"https:\/\/www.kaldkriips.ee\/?p=440","title":{"rendered":"Laintesse heidan end, laintesse peidan end&#8230;"},"content":{"rendered":"<p>Ma ei teagi miks, aga see laul, \u00f5igemini see fraas kummitab t\u00e4na p\u00e4ev otsa. Kuulnud pole ma seda ka kusagilt, et sellest kummitaks.<br \/>\nEi tea miks \u00fcldse m\u00f5ned lausejupid v\u00f5i viisijupid vahest tulevad ei tea kust kummitama ja siis l\u00e4hevad samamoodi ei tea kuhu. Ju neil ikka mingi p\u00f5hjus selleks on. Kas meenutavad l\u00e4bielatut v\u00f5i h\u00f5ikavad ette. V\u00f5ib olla see t\u00e4nane laul siis palavast ilmast ja vajadusest vee j\u00e4rele  v\u00f5i lihtsalt minu armastusest mere ja lainete vastu :)<br \/>\nKes seda k\u00fcll teab.<br \/>\n\u00d5ues on hullumoodi palav. Juba mitmes p\u00e4ev. Kuumus j\u00e4tkub.<br \/>\nEile tegin \u00fchte maitsvat toitu Tiina varasalvest. Tuunikalaga pastarooga. Retseptist j\u00e4id v\u00e4lja vaid seened. Meie kaubanduses peale mitme poe l\u00e4bis\u00f5itmist neid ei olnud. Seenteta l\u00e4ks roog aga sellegipoolest v\u00e4gagi kaubaks. Isegi pildile ei j\u00f5udnud saada :D<br \/>\nPasta, tuunikala, petersell, tomat, pune, muna, piim, k\u00fc\u00fcslauk, sool, pipar, Parmesani juust ja siis v\u00e4lja j\u00e4\u00e4nud metsaseened v\u00f5i shampinjonid.<br \/>\nT\u00e4na olen terve p\u00e4eva rabanud. Kahel rindel. P\u00fc\u00fcan MK asju kontrolli all hoida, tegelen punktide arvestamisega ja aitan tellimusi teha. Paralleelselt \u00f5mblen \u00fchte vahvat keskaja kleiti. Kleit jalutab homme tantsupeole.<br \/>\nT\u00e4na \u00f6\u00f6sel panen  minu DIQ programmi viimase kuu lukku ja v\u00f5in rahuliku s\u00fcdamega heita magama- TEHTUD :) No suur t\u00f6\u00f6 on tehtud, t\u00f5esti. Ja iga l\u00f5petamie on minu jaoks oluline. Ma ei armasta pooleli j\u00e4etud asju. Siiani olen k\u00f5ik koolid, k\u00f5ik ettev\u00f5tmised alati ka l\u00f5petanud. Ja isegi poolikuid \u00f5mblust\u00f6id ei seisa enam v\u00e4ga ammu kapis. Seda juhtus viimati siis, kui olin alles laps ja puudusid oskused.<br \/>\nJa \u00fcldse on kuidagi v\u00e4ga m\u00f5nus, juba pikemat aega. <\/p>\n","protected":false},"excerpt":{"rendered":"<p>Ma ei teagi miks, aga see laul, \u00f5igemini see fraas kummitab t\u00e4na p\u00e4ev otsa. Kuulnud pole ma seda ka kusagilt, et sellest kummitaks. Ei tea miks \u00fcldse m\u00f5ned lausejupid v\u00f5i viisijupid vahest tulevad ei tea kust kummitama ja siis l\u00e4hevad &hellip; <a href=\"https:\/\/www.kaldkriips.ee\/?p=440\">J\u00e4tka lugemist <span class=\"meta-nav\">&rarr;<\/span><\/a><\/p>\n","protected":false},"author":1,"featured_media":0,"comment_status":"open","ping_status":"open","sticky":false,"template":"","format":"standard","meta":{"footnotes":""},"categories":[5],"tags":[],"class_list":["post-440","post","type-post","status-publish","format-standard","hentry","category-mina-ise-ja-muud-loomad"],"_links":{"self":[{"href":"https:\/\/www.kaldkriips.ee\/index.php?rest_route=\/wp\/v2\/posts\/440"}],"collection":[{"href":"https:\/\/www.kaldkriips.ee\/index.php?rest_route=\/wp\/v2\/posts"}],"about":[{"href":"https:\/\/www.kaldkriips.ee\/index.php?rest_route=\/wp\/v2\/types\/post"}],"author":[{"embeddable":true,"href":"https:\/\/www.kaldkriips.ee\/index.php?rest_route=\/wp\/v2\/users\/1"}],"replies":[{"embeddable":true,"href":"https:\/\/www.kaldkriips.ee\/index.php?rest_route=%2Fwp%2Fv2%2Fcomments&post=440"}],"version-history":[{"count":0,"href":"https:\/\/www.kaldkriips.ee\/index.php?rest_route=\/wp\/v2\/posts\/440\/revisions"}],"wp:attachment":[{"href":"https:\/\/www.kaldkriips.ee\/index.php?rest_route=%2Fwp%2Fv2%2Fmedia&parent=440"}],"wp:term":[{"taxonomy":"category","embeddable":true,"href":"https:\/\/www.kaldkriips.ee\/index.php?rest_route=%2Fwp%2Fv2%2Fcategories&post=440"},{"taxonomy":"post_tag","embeddable":true,"href":"https:\/\/www.kaldkriips.ee\/index.php?rest_route=%2Fwp%2Fv2%2Ftags&post=440"}],"curies":[{"name":"wp","href":"https:\/\/api.w.org\/{rel}","templated":true}]}}