{"id":435,"date":"2009-06-21T12:52:51","date_gmt":"2009-06-21T10:52:51","guid":{"rendered":"http:\/\/blog.kaldkriips.ee\/?p=435"},"modified":"2009-06-21T12:54:19","modified_gmt":"2009-06-21T10:54:19","slug":"fotograafia-ja-mina","status":"publish","type":"post","link":"https:\/\/www.kaldkriips.ee\/?p=435","title":{"rendered":"Fotograafia ja mina"},"content":{"rendered":"<p>Ma ei pea ennast eriliseks pildistajaks, veel v\u00e4hem fotograafiks, aga oma elus olen v\u00e4hem v\u00f5i rohkem sellega kokku puutunud \u00fcsna pisikesest east peale.<br \/>\nMingid m\u00e4lestused ulatuvad kohe v\u00e4ga kaugesse aega. Lapsep\u00f5lvekodu, teisel korrusel asuv isa pimik, mis oli nagu p\u00fchamu&#8230;.<br \/>\nJah, see on \u00fcks osa, mis mind isaga v\u00e4ga sidus. P\u00f5ngerjana olin temale suuremal jaolt modelliks ja tolle aja kohta on minust t\u00f5esti tavatult palju pilte. Ei tehtud sel ajal ka v\u00e4rvifotot, ikka mustvalge. Must-valge&#8230;..see on mu lemmik siiani. V\u00e4iksena olin ikka ninapidi juures kogu fotoprotsessi v\u00e4ltel. Koos isaga keerutasime filmirulli, ilmutasime ja kinnitasime&#8230;&#8230;kuni sai selle v\u00f5luriba v\u00e4lja v\u00f5tta ja pliidi k\u00f5rvale n\u00f6\u00f6ri peale kuivama riputada. Ikka raskused lindi sabas. Oi, see oli \u00fcks p\u00f5nev v\u00e4rk, nina vastu filmilinti, k\u00e4ed selja taga, uurida&#8230;..kes kus on :P<br \/>\nEdasi istusin isa k\u00f5rval pimikus. Oh, seal oli alati kohutavalt palav, aga see punase tule lummus&#8230;see on meeles siiani. Suurendus, kadreering, pl\u00f5ks&#8230;..ootus\u00e4revus ilmutiga kausist&#8230;.kinnitus ja siis vette ligunema :) Mul oli tohutu p\u00fcsivus istuda pimikus pikka aega, et saada osa igast foto loomise protsessi \u00fcksikasjast.<br \/>\nMingist vanusest hakkasin n\u00e4ppima isa Zenit-i. Niikaua n\u00e4ppisin, kuni isa kinkis mulle naistep\u00e4evaks oma isikliku Smena :) Maksis tol ajal 15 rubla. V\u00f5ib vaid ette kujutada seda lapse r\u00f5\u00f5mu ja \u00f5nne.<br \/>\nMingil hetkel tekkis fotograafiasse auk. Viimased pildid, mis pimikus tehtud, j\u00e4\u00e4vad vanema poja titeaega. Viimased must-valgele filmilindile tehtud fotod aga noorema poja esimesse eluaastasse, seega aastasse 1992. Peale seda oli v\u00e4ike paus, kuni meie perre tekkis esimene seebikarp. Algas v\u00e4rvilise foto periood.<br \/>\nRohkemaks l\u00e4ks pildistamist taas j\u00e4lle alates 99-st aastast&#8230;&#8230;digifotoaparaat ilmus meie koju.<br \/>\nErinevatel p\u00f5hjustel juhtub, et vahest pildistan rohkem, vahest v\u00e4hem. Tore on kindlasti see, et mu v\u00e4ikesest t\u00fctrest on t\u00f5esti lugematu arv \u00fclesv\u00f5tteid. Tema oskab kaameraga flirtida juba v\u00e4ga varajasest east :D Eks ma ole teda harjutanud kaameraga ka :)<br \/>\nLapsi ma armastangi pildistada k\u00f5ige rohkem. Loodust ka, aga mitte p\u00e4ris metsas. Inimesed pakuvad mulle rohkem huvi. <\/p>\n<p><center><a href=\"\/pildid\/435\/IMG_3285u.jpg\"><img decoding=\"async\" src=\"\/pildid\/435\/IMG_3285uv.jpg\" alt=\"kirke\" \/><\/a><\/center><\/p>\n<p><center><a href=\"\/pildid\/435\/IMG_3315.jpg\"><img decoding=\"async\" src=\"\/pildid\/435\/IMG_3315v.jpg\" alt=\"kirke\" \/><\/a><\/center><\/p>\n","protected":false},"excerpt":{"rendered":"<p>Ma ei pea ennast eriliseks pildistajaks, veel v\u00e4hem fotograafiks, aga oma elus olen v\u00e4hem v\u00f5i rohkem sellega kokku puutunud \u00fcsna pisikesest east peale. Mingid m\u00e4lestused ulatuvad kohe v\u00e4ga kaugesse aega. Lapsep\u00f5lvekodu, teisel korrusel asuv isa pimik, mis oli nagu p\u00fchamu&#8230;. &hellip; <a href=\"https:\/\/www.kaldkriips.ee\/?p=435\">J\u00e4tka lugemist <span class=\"meta-nav\">&rarr;<\/span><\/a><\/p>\n","protected":false},"author":1,"featured_media":0,"comment_status":"open","ping_status":"open","sticky":false,"template":"","format":"standard","meta":{"footnotes":""},"categories":[5],"tags":[],"class_list":["post-435","post","type-post","status-publish","format-standard","hentry","category-mina-ise-ja-muud-loomad"],"_links":{"self":[{"href":"https:\/\/www.kaldkriips.ee\/index.php?rest_route=\/wp\/v2\/posts\/435"}],"collection":[{"href":"https:\/\/www.kaldkriips.ee\/index.php?rest_route=\/wp\/v2\/posts"}],"about":[{"href":"https:\/\/www.kaldkriips.ee\/index.php?rest_route=\/wp\/v2\/types\/post"}],"author":[{"embeddable":true,"href":"https:\/\/www.kaldkriips.ee\/index.php?rest_route=\/wp\/v2\/users\/1"}],"replies":[{"embeddable":true,"href":"https:\/\/www.kaldkriips.ee\/index.php?rest_route=%2Fwp%2Fv2%2Fcomments&post=435"}],"version-history":[{"count":0,"href":"https:\/\/www.kaldkriips.ee\/index.php?rest_route=\/wp\/v2\/posts\/435\/revisions"}],"wp:attachment":[{"href":"https:\/\/www.kaldkriips.ee\/index.php?rest_route=%2Fwp%2Fv2%2Fmedia&parent=435"}],"wp:term":[{"taxonomy":"category","embeddable":true,"href":"https:\/\/www.kaldkriips.ee\/index.php?rest_route=%2Fwp%2Fv2%2Fcategories&post=435"},{"taxonomy":"post_tag","embeddable":true,"href":"https:\/\/www.kaldkriips.ee\/index.php?rest_route=%2Fwp%2Fv2%2Ftags&post=435"}],"curies":[{"name":"wp","href":"https:\/\/api.w.org\/{rel}","templated":true}]}}