{"id":432,"date":"2009-06-14T23:15:42","date_gmt":"2009-06-14T21:15:42","guid":{"rendered":"http:\/\/blog.kaldkriips.ee\/?p=432"},"modified":"2009-06-14T23:19:59","modified_gmt":"2009-06-14T21:19:59","slug":"nadalast-mis-laks","status":"publish","type":"post","link":"https:\/\/www.kaldkriips.ee\/?p=432","title":{"rendered":"N\u00e4dalast, mis l\u00e4ks"},"content":{"rendered":"<p>Veider, aga seekord on n\u00e4dala m\u00e4rks\u00f5naks tavap\u00e4rase kiire ja kiire asemel hoopis, aeglane :D Vaikus, vihm, v\u00f5imalused, vabadus&#8230;<br \/>\nEi olnud midagi eriti kiiret ja pakilist. Enamuses olid kodused, m\u00f5nusad p\u00e4evad. \u00dcle hulga aja veidi pildistamist ja lihtsalt olemist. <\/p>\n<p><center><a href=\"\/pildid\/432\/IMG_3251u.jpg\"><img decoding=\"async\" src=\"\/pildid\/432\/IMG_3251uv.jpg\" alt=\"lilled\" \/><\/a><\/center><\/p>\n<p>Meie t\u00e4navuaastased r\u00f5dulilled. Kasvasid h\u00e4mmastavalt lopsakateks ja v\u00f5imsateks. <\/p>\n<p>\u00dcks s\u00fcndmus oli sel n\u00e4dalal siiski. Sai t\u00e4pselt 1 aasta minu tegelemisest Mary Kay kosmeetikaga ja see on asi, mida ma pole p\u00e4evagi kahetsenud. Mitte, et ma olen n\u00fc\u00fcd paadunud kosmeetikakasutaja, ei, ei :D Kasutan seda ikkagi vastavalt vajadusele ja naudin t\u00f5esti suurep\u00e4raseid hooldustooteid. R\u00f5\u00f5mustan aga pigem selle \u00fcle, et olen tutvunud selle aasta jooksul suurep\u00e4raste ja soojade inimestega. Ma olen saanud nii palju tunnustust ja toetust, et hakkab endalgi imelik :D Mu elu on olnud huvitavam, sisukam, r\u00f5\u00f5msam. Ma olen palju \u00f5ppinud nii t\u00f6\u00f6alaselt, kui muus plaanis. Olen saanud ringi r\u00e4nnata ja huvitavatel \u00fcritustel k\u00e4ia. Ja igavaks ei paista minevat kusagilt poolt. Aina p\u00f5nevamaks ja sisukamaks. Ma olen piiritult t\u00e4nulik nii oma eeskujule ning abimehele Darjale, kui ka tervele oma meeskonnale. Ma olen t\u00e4nulik oma s\u00f5pradele !!!!! Ait\u00e4hh, et te olete olemas :) ja mul on suur r\u00f5\u00f5m paljudega teist teha koost\u00f6\u00f6d. Ma olen t\u00e4nulik oma perele, kes on olnud mulle alati toeks!!!!! Ja mul on v\u00e4ga hea meel, et see t\u00f6\u00f6 on andnud mulle v\u00f5imaluse n\u00e4ha oma t\u00fctre kasvamist kodus.<\/p>\n<p><center><a href=\"\/pildid\/432\/IMG_3235u.jpg\"><img decoding=\"async\" src=\"\/pildid\/432\/IMG_3235uv.jpg\" alt=\"kirke\" \/><\/a><\/center><\/p>\n<p><center><a href=\"\/pildid\/432\/IMG_3240u.jpg\"><img decoding=\"async\" src=\"\/pildid\/432\/IMG_3240uv.jpg\" alt=\"kirke\" \/><\/a><\/center><\/p>\n<p>J\u00e4rgmisele pildile j\u00e4id peale enda varbad. P\u00e4evin\u00e4inud, nagu ka pl\u00e4tud. Sestap tekkis m\u00f5te panna nad vanasse kaadrisse :)<\/p>\n<p><center><a href=\"\/pildid\/432\/IMG_3221u.jpg\"><img decoding=\"async\" src=\"\/pildid\/432\/IMG_3221uv.jpg\" alt=\"varbad\" \/><\/a><\/center><\/p>\n<p>\u00dcks selle n\u00e4dala m\u00e4rgus\u00f5na v\u00f5iks olla ka veel toit :D Kuidagi on saanud seda suht palju tehtud ja tavap\u00e4raselt satub p\u00f5hiroogadesse mul alati k\u00f6\u00f6gis aukoha olev k\u00fc\u00fcslauk. Laimi&#8230;see kuulub \u00fche mu alkovaba kokteili koostisesse ja p\u00fc\u00fcan seda kapis ikka hoida. Lisakomponendina p\u00e4evin\u00e4inud vana plekk-kauss. <\/p>\n<p><center><a href=\"\/pildid\/432\/IMG_3253u.jpg\"><img decoding=\"async\" src=\"\/pildid\/432\/IMG_3253uv.jpg\" alt=\"kauss toiduga\" \/><\/a><\/center><\/p>\n<p>Kook&#8230;..sel n\u00e4dalavahetusel mandlikattega. Juba on otsas :P Soojalt ja piimaga oli eriti hea. <\/p>\n<p><center><a href=\"\/pildid\/432\/IMG_3255u.jpg\"><img decoding=\"async\" src=\"\/pildid\/432\/IMG_3255uv.jpg\" alt=\"kook\" \/><\/a><\/center><\/p>\n<p>Meie maja vastas, \u00fcle tee, on rida vanu ja v\u00e4\u00e4rikaid h\u00f5bepajusid. Kuidagi v\u00e4ga ilusad on nad t\u00e4navu. Soonelised t\u00fcved paistavad vanad, v\u00e4sinud, p\u00e4evin\u00e4inud ja k\u00f5iketeadvad&#8230;.h\u00f5bedaselt helklevad lehed aga kerged, kelmikad ja ulakad :)<\/p>\n<p><center><a href=\"\/pildid\/432\/IMG_3244u.jpg\"><img decoding=\"async\" src=\"\/pildid\/432\/IMG_3244uv.jpg\" alt=\"kirke\" \/><\/a><\/center><\/p>\n<p>T\u00e4na \u00f5htul arvas t\u00fctretirts, et kuni venna on vanaema juures, v\u00f5iks tema kolida oma voodiga tema tuppa. Vedas sinna k\u00f5ik oma loomad, settisime voodi venna voodi k\u00f5rvale. Karud v\u00f5eti enda k\u00f5rvale ja ilmselgelt olid nad lapsele t\u00e4nulikud kuulajad, kui neile raamatut ette &#8220;loeti&#8221;. Kui saabus aga magamise aeg&#8230;..otsustas see tirts, et n\u00fc\u00fcd veame selle voodi siiski tahatuppa tagasi :P Emme k\u00f5rval paistab talle veel turvalisem magada :) Saab k\u00e4sikaudu \u00f6\u00f6sel kontrolida, et ega ma kadunud pole :P<\/p>\n<p><center><a href=\"\/pildid\/432\/IMG_3266u.jpg\"><img decoding=\"async\" src=\"\/pildid\/432\/IMG_3266uv.jpg\" alt=\"kirke\" \/><\/a><\/center><\/p>\n","protected":false},"excerpt":{"rendered":"<p>Veider, aga seekord on n\u00e4dala m\u00e4rks\u00f5naks tavap\u00e4rase kiire ja kiire asemel hoopis, aeglane :D Vaikus, vihm, v\u00f5imalused, vabadus&#8230; Ei olnud midagi eriti kiiret ja pakilist. Enamuses olid kodused, m\u00f5nusad p\u00e4evad. \u00dcle hulga aja veidi pildistamist ja lihtsalt olemist. Meie t\u00e4navuaastased &hellip; <a href=\"https:\/\/www.kaldkriips.ee\/?p=432\">J\u00e4tka lugemist <span class=\"meta-nav\">&rarr;<\/span><\/a><\/p>\n","protected":false},"author":1,"featured_media":0,"comment_status":"open","ping_status":"open","sticky":false,"template":"","format":"standard","meta":{"footnotes":""},"categories":[5],"tags":[],"class_list":["post-432","post","type-post","status-publish","format-standard","hentry","category-mina-ise-ja-muud-loomad"],"_links":{"self":[{"href":"https:\/\/www.kaldkriips.ee\/index.php?rest_route=\/wp\/v2\/posts\/432"}],"collection":[{"href":"https:\/\/www.kaldkriips.ee\/index.php?rest_route=\/wp\/v2\/posts"}],"about":[{"href":"https:\/\/www.kaldkriips.ee\/index.php?rest_route=\/wp\/v2\/types\/post"}],"author":[{"embeddable":true,"href":"https:\/\/www.kaldkriips.ee\/index.php?rest_route=\/wp\/v2\/users\/1"}],"replies":[{"embeddable":true,"href":"https:\/\/www.kaldkriips.ee\/index.php?rest_route=%2Fwp%2Fv2%2Fcomments&post=432"}],"version-history":[{"count":0,"href":"https:\/\/www.kaldkriips.ee\/index.php?rest_route=\/wp\/v2\/posts\/432\/revisions"}],"wp:attachment":[{"href":"https:\/\/www.kaldkriips.ee\/index.php?rest_route=%2Fwp%2Fv2%2Fmedia&parent=432"}],"wp:term":[{"taxonomy":"category","embeddable":true,"href":"https:\/\/www.kaldkriips.ee\/index.php?rest_route=%2Fwp%2Fv2%2Fcategories&post=432"},{"taxonomy":"post_tag","embeddable":true,"href":"https:\/\/www.kaldkriips.ee\/index.php?rest_route=%2Fwp%2Fv2%2Ftags&post=432"}],"curies":[{"name":"wp","href":"https:\/\/api.w.org\/{rel}","templated":true}]}}