{"id":431,"date":"2009-06-10T23:11:39","date_gmt":"2009-06-10T21:11:39","guid":{"rendered":"http:\/\/blog.kaldkriips.ee\/?p=431"},"modified":"2009-06-10T23:13:23","modified_gmt":"2009-06-10T21:13:23","slug":"brrrr","status":"publish","type":"post","link":"https:\/\/www.kaldkriips.ee\/?p=431","title":{"rendered":"Brrrr"},"content":{"rendered":"<p>Kodus hakkab vaikselt jahedaks minema. Ilmad na jahedad, et hakka v\u00f5i kaminat k\u00fctma. Et tundub, nagu oleks s\u00fcgis k\u00e4es :D Hiljuti \u00fchel lahedal \u00fcritusel alustati juttu sellega, et&#8230;ilus s\u00fcgisene ilm t\u00e4na :D Veidral kombel mind iseenesest see jahedus nagu v\u00e4ga ei vaevagi. Midagi pole j\u00e4\u00e4nud tegemata ega n\u00e4gemata ja eriline kuumaarmastaja pole ma niikuinii. Toas v\u00f5iks siiski soojem olla.<br \/>\nPisipiiga hakkas j\u00e4lle k\u00e4ima lasteaias. Ise n\u00f5udis. Pool aastat vahet ja laps on palju k\u00fcpsem selleks sammuks. Ajab hommikuti oma unised silmakesed p\u00e4rani ja t\u00f5useb ilma suurema k\u00e4rata, sest&#8230;.temal on vaja minna s\u00f5pladega m\u00e4ngima :) T\u00e4na hommikul kell 8 ei \u00f5nnestunud mul teda kuidagi \u00fcles ajada. Magas, mis magas. No ja kui ta siis kell 10 \u00e4rkas, oli pahameel suur, et teda polegi lasteaeda viidud. Mis seal ikka, tops jogurtit k\u00f5htu ja viisin ta \u00e4ra. P\u00e4ev otsa seda viud kuulata, et tahan laste juurde, oleks ka olnud r\u00e4nk :D<\/p>\n<p>Esmasp\u00e4eval olin kutsutud \u00fchele koosolekule esinema. Iseenesest oli ilus ja tore k\u00f5ik, aga k\u00fcll on raske kusagile minna, kus sind oodatakse ja sulle on juba eelnevalt kuu selga m\u00f5eldud :O V\u00f5i on see mul mingi h\u00e4da k\u00fclges, et ma ei oska v\u00f5tta vastu endale suunatud kiitusekoori? Peaks vist selle \u00fcle m\u00f5tlema. <\/p>\n<p>Aga muidu on k\u00f5ik igati vahva. <\/p>\n<p>Lugesin t\u00e4na \u00fchest blogist v\u00e4lja sellised read: M\u00f5ned asjad s\u00fcnnivad selleks, et kiirelt oma l\u00f5pu poole liikuma hakata&#8230;..<\/p>\n<p>V\u00e4gagi s\u00fcgavam\u00f5tteline&#8230;..kui m\u00f5tlema hakata :D<\/p>\n<p>Homme l\u00e4hen viin majandusaata aruande \u00e4ra&#8230;&#8230;muidu unustan veel \u00e4ra :S<\/p>\n<p>Ja suvi tuleb niikuiniiiiii :P Mul on t\u00e4na naljakalt r\u00f5\u00f5mus tuju :)<\/p>\n","protected":false},"excerpt":{"rendered":"<p>Kodus hakkab vaikselt jahedaks minema. Ilmad na jahedad, et hakka v\u00f5i kaminat k\u00fctma. Et tundub, nagu oleks s\u00fcgis k\u00e4es :D Hiljuti \u00fchel lahedal \u00fcritusel alustati juttu sellega, et&#8230;ilus s\u00fcgisene ilm t\u00e4na :D Veidral kombel mind iseenesest see jahedus nagu v\u00e4ga &hellip; <a href=\"https:\/\/www.kaldkriips.ee\/?p=431\">J\u00e4tka lugemist <span class=\"meta-nav\">&rarr;<\/span><\/a><\/p>\n","protected":false},"author":1,"featured_media":0,"comment_status":"open","ping_status":"open","sticky":false,"template":"","format":"standard","meta":{"footnotes":""},"categories":[5],"tags":[],"class_list":["post-431","post","type-post","status-publish","format-standard","hentry","category-mina-ise-ja-muud-loomad"],"_links":{"self":[{"href":"https:\/\/www.kaldkriips.ee\/index.php?rest_route=\/wp\/v2\/posts\/431"}],"collection":[{"href":"https:\/\/www.kaldkriips.ee\/index.php?rest_route=\/wp\/v2\/posts"}],"about":[{"href":"https:\/\/www.kaldkriips.ee\/index.php?rest_route=\/wp\/v2\/types\/post"}],"author":[{"embeddable":true,"href":"https:\/\/www.kaldkriips.ee\/index.php?rest_route=\/wp\/v2\/users\/1"}],"replies":[{"embeddable":true,"href":"https:\/\/www.kaldkriips.ee\/index.php?rest_route=%2Fwp%2Fv2%2Fcomments&post=431"}],"version-history":[{"count":0,"href":"https:\/\/www.kaldkriips.ee\/index.php?rest_route=\/wp\/v2\/posts\/431\/revisions"}],"wp:attachment":[{"href":"https:\/\/www.kaldkriips.ee\/index.php?rest_route=%2Fwp%2Fv2%2Fmedia&parent=431"}],"wp:term":[{"taxonomy":"category","embeddable":true,"href":"https:\/\/www.kaldkriips.ee\/index.php?rest_route=%2Fwp%2Fv2%2Fcategories&post=431"},{"taxonomy":"post_tag","embeddable":true,"href":"https:\/\/www.kaldkriips.ee\/index.php?rest_route=%2Fwp%2Fv2%2Ftags&post=431"}],"curies":[{"name":"wp","href":"https:\/\/api.w.org\/{rel}","templated":true}]}}