{"id":4013,"date":"2015-01-17T13:14:47","date_gmt":"2015-01-17T11:14:47","guid":{"rendered":"http:\/\/www.kaldkriips.ee\/?p=4013"},"modified":"2015-01-17T13:18:24","modified_gmt":"2015-01-17T11:18:24","slug":"lapsel-oma-tuba","status":"publish","type":"post","link":"https:\/\/www.kaldkriips.ee\/?p=4013","title":{"rendered":"Lapsel oma tuba"},"content":{"rendered":"<p>Kui mina m\u00f5ne aja eest meie tagumisest toast v\u00e4lja kolisin, tekkis lapsele l\u00f5puks p\u00e4ris oma tuba. N\u00fc\u00fcd me siis olemegi kumbki oma territooriumil ja p\u00fc\u00fcame neid j\u00f5udu-jaksum\u00f6\u00f6da teha selliseks, nagu soovid on. Need on n\u00fc\u00fcd territooriumid, kuhu meil koera sehkendama ei lasta ja see t\u00e4hendab seda, et seal on v\u00f5imalik midagi korraldada ilma selleta, et k\u00f5ik kohad oleks vaatamata koristamisele pidevalt koera karvu t\u00e4is. Tore on ka see, et sellest ajast vastutab meil iga\u00fcks oma toa korrashoiu eest ise. Meie pere lastel on k\u00f5igil olnud see reegel, et alates koolist mina enam nende tubade koristamisega ei tegele. Kui ikka peab ise  tuba korras hoidma, siis ei l\u00e4hegi see enam nii lihtsalt segamini. Kirke jaoks pole igatahes mingi probleem hoida oma toas puhtust ja kui mina juhuslikult unustan ja astun sinna sussides, saan kohe pahandada, sest sussid toovad ju tuppa esikust koera karvu :P Tolmuimejat oskab ta k\u00e4sitseda ammu, tolmu p\u00fchkida samuti, niiet polegi mingit probleemi. <\/p>\n<p>Lapse toas esialgu tapeeti ei vaheta, aga eks aegamisi j\u00f5uame sellenigi. Hetkel on tapeet lihtsalt seinas t\u00e4iesti ok ja katsume tegeleda kulukamate asjadega \u00fches toas korraga. Tasahaaval saab aga ikka \u00fchte ja teist muuta.<br \/>\nKui ennem oli voodi lapsel vastu seina, siis n\u00fc\u00fcd saab k\u00f5ndida m\u00f5lemal pool voodit. Laps tahtis siiski, et voodi oleks aknale suhteliselt l\u00e4hedal, sest seal on tema legomaailm. Mina olin sellega n\u00f5us &#8211; peaasi, et legomajandus koliks elutoa aknalaualt tema tuppa. Plaanis on soetada varsti legodele alused, sest siis on p\u00f5randal samuti mugav oma v\u00e4ikest maailma arendada ja ruumi m\u00e4ngimiseks rohkem, kui aknalaual. P\u00f5randapinda ju ometi tema toas on k\u00fcllalt&#8230;ja tuleb juurde, kui m\u00f5ne asja toast \u00e4ra saab. Vanas versioonis oli akna ees \u00fcks minu vanaema heegeldatud kardin, mis tegelikult oli sellele aknale &#8230;.v\u00e4ike. Lihtsalt ta oli armas ja nostalgiline ja sellep\u00e4rast rippuski seal. <\/p>\n<p><center><a href=\"\/pildid\/1163\/IMG_4539.jpg\"><img decoding=\"async\" src=\"\/pildid\/1163\/IMG_4539.jpg\" alt=\"tuba\" \/><\/a><\/center><\/p>\n<p>Praegu on Kirke toas veel tema suur nukumaja alles, mis paistab, et on oma elu \u00e4ra elanud. Puudub huvi. Kirke on \u00fcritanud seda  pikemat aega \u00e4ra sokutada, aga tulutult. Preili on kasvanud nii suureks, et seda enam ei vaja ja n\u00fc\u00fcd ta ootab pikisilmi, et saaks selle maja p\u00e4randada edasi oma vennat\u00fctrele. Siiani polnud neil nukumaja jaoks lihtsalt ruumi, aga n\u00fc\u00fcd&#8230;.kohekohe kolivad suuremasse korterisse ja siis saab pisipiiga oma toa, kuhu mahub kindlasti see nukumaja \u00e4ra. See armas ja korras majake saab endale varsti uue perenaise. <\/p>\n<p><center><a href=\"\/pildid\/1163\/IMG_4548.jpg\"><img decoding=\"async\" src=\"\/pildid\/1163\/IMG_4548.jpg\" alt=\"tuba\" \/><\/a><\/center><\/p>\n<p>Kes on aga Kirkele endiselt armsad? Oojaa, tema pehmed m\u00e4nguasjad ja neid on minumeelest ilmselgelt liiga palju :D Vahepeal \u00fcritasime neid sokutada pere noorimale piigale, aga&#8230;.poeg sokutab neid vahest vargsi juba tagasi. Ega nendelgi m\u00e4nguasjadest puudust pole. <\/p>\n<p><center><a href=\"\/pildid\/1163\/IMG_4545.jpg\"><img decoding=\"async\" src=\"\/pildid\/1163\/IMG_4545.jpg\" alt=\"tuba\" \/><\/a><\/center><\/p>\n<p>Legod on siis nagu \u00f6eldud, hetkel vallutanud aknalaua. Lootuses, et varsti on neil rohkem ruumi. Ootame neid spetsiaalseid legode alusplaate.<\/p>\n<p><center><a href=\"\/pildid\/1163\/IMG_4516.jpg\"><img decoding=\"async\" src=\"\/pildid\/1163\/IMG_4516.jpg\" alt=\"tuba\" \/><\/a><\/center><\/p>\n<p>Vahepeal sai valmis tumbale uus kate, millest olen blogis eespool juba kirjutanud ja samal p\u00e4eval otsisin kapist v\u00e4lja kaks ammusest ajast seisvat v\u00e4iksemat valget kangajuppi, millest sai lapse tuppa uued &#8211; siiski ma arvan, et ajutised &#8211; kardinad. V\u00e4hemalt katavad kenasti terve akna \u00e4ra. Mulle meeldivad sellised h\u00e4sti lihtsad ja tagasihoidlikud kardinad ja mida v\u00e4hem, seda parem. Iga tekstiil tekitab ruumi lademetes tolmu ja seda pole ilmselgelt meile vaja.<br \/>\nMulle meeldib v\u00e4ga see nagi, mille ma kunagi p\u00e4ris ammu ostsin ja mis on n\u00fc\u00fcd leidnud koha Kirke toa seinal. Kirkele meeldib see samuti ja kummalisel kombel meeldivad talle \u00fcldse sinistes toonides asjad. Mina siis vaikselt j\u00e4lle sokutan sinise k\u00f5rvale natuke roosat ja natuke valget.<br \/>\nEks seda s\u00e4ttimist ja asjade vahetamist\/\u00fcmbert\u00f5stmist tuleb l\u00e4hiajal k\u00fcll ja rohkem. \u00dcks p\u00e4ev on nii, teine p\u00e4ev j\u00e4lle teisiti. Plaanis on teha juurde armsaid asju, mis teevad toa mugavamaks.<br \/>\nHetkel on voodikatteks k\u00fcll \u00fcks, k\u00fcll teine pleed v\u00f5i v\u00e4iksem lapitekk, aga m\u00f5tteis on saanud oma n\u00e4o ja vormi juba p\u00e4ris lapse oma ja suur voodikate. Kohe algab materjali kokkulappimine ja ma p\u00fc\u00fcan endale sisendada, et k\u00fcllap ta siis peagi valmis saab.<\/p>\n<p><center><a href=\"\/pildid\/1163\/IMG_4830.jpg\"><img decoding=\"async\" src=\"\/pildid\/1163\/IMG_4830.jpg\" alt=\"tuba\" \/><\/a><\/center><\/p>\n<p><center><a href=\"\/pildid\/1163\/IMG_4837.jpg\"><img decoding=\"async\" src=\"\/pildid\/1163\/IMG_4837.jpg\" alt=\"tuba\" \/><\/a><\/center><\/p>\n<p><center><a href=\"\/pildid\/1163\/IMG_4543.jpg\"><img decoding=\"async\" src=\"\/pildid\/1163\/IMG_4543.jpg\" alt=\"tuba\" \/><\/a><\/center><\/p>\n<p>Kui on t\u00e4itsa oma tuba, siis tundub, et laps tahab seal palju meelsamini aega veeta. Kogu aeg on tal seal pooleli mingid omad tegevused ja kui s\u00f5brad k\u00fclas, sulgutakse sinna m\u00e4ngima &#8211; koera eest peitu :P Vanasti, kui see oli meil \u00fchine tuba, see v\u00e4ga ei \u00f5nnestunud, sest siis tuli varsti emme urisema, et tema voodis ei tohi h\u00fcpata, eks. N\u00fc\u00fcd on oma tuba &#8211; oma luba ja hea suur ruum lastega m\u00e4ngimiseks ilma selleta, et koer kogu aeg kellegi k\u00f5rvataguseid peseks.<br \/>\n\u00d5htuti on meil kord, et kell 21 minnakse pessu ja magama. Siiski on kaks asja, mille puhul ma teen enamasti j\u00e4releandmisi. \u00dcks p\u00f5hjus on see, kui laps on peale pesemist unustanud ennast lugema ja lugemine on meie peres p\u00fcha tegevus, kus segada ei ole viisakas. Ei meeldiks ju endalegi, kui keset huvitavat lugemist kamandaks sind keegi magama. M\u00f5istliku kellaajani luban ma ikka ja alati lugeda. <\/p>\n<p><center><a href=\"\/pildid\/1163\/IMG_4840.jpg\"><img decoding=\"async\" src=\"\/pildid\/1163\/IMG_4840.jpg\" alt=\"tuba\" \/><\/a><\/center><\/p>\n<p>Teine p\u00f5hjus on siis, kui vahetult enne magamist tuleb lapsel peale muusikaline enesev\u00e4ljendushoog. Kui ikka t\u00fctarlaps setib ennast \u00fcheksa ajal vabal tahtel klaveri taha, harjutab l\u00e4bi oma koolilood ja siis veel hakkab ise mingeid lugusi komponeerima&#8230;.siis ma t\u00f5esti ei sekku. Pigem ma kuulan teisest toast ja tunnen r\u00f5\u00f5mu, et l\u00fchikese ajaga on tekkinud kuulamise ja loomise seos. Tekivad omad meloodiad, mis k\u00f5lavad kokku. Loodan siiralt, et soov pilli taha istuda ilma, et oleks vaja kohustuslikke palasid harjutada, j\u00e4\u00e4b kestma terveks eluks. <\/p>\n<p>Teise veerandi l\u00f5pus anti koolivaheajaks k\u00e4tte \u00fcks pala &#8211; Prel\u00fc\u00fcd. N\u00fc\u00fcd kolmanda veerandi alguses v\u00f5tsime selle kroonika tarbeks linti.<\/p>\n<p><iframe loading=\"lazy\" title=\"Kirke, muusikakooli esimene aasta, kolmanda veerandi algus.\" width=\"640\" height=\"360\" src=\"https:\/\/www.youtube.com\/embed\/Z8RDK66AvXw?feature=oembed\" frameborder=\"0\" allow=\"accelerometer; autoplay; clipboard-write; encrypted-media; gyroscope; picture-in-picture; web-share\" referrerpolicy=\"strict-origin-when-cross-origin\" allowfullscreen><\/iframe><\/p>\n","protected":false},"excerpt":{"rendered":"<p>Kui mina m\u00f5ne aja eest meie tagumisest toast v\u00e4lja kolisin, tekkis lapsele l\u00f5puks p\u00e4ris oma tuba. N\u00fc\u00fcd me siis olemegi kumbki oma territooriumil ja p\u00fc\u00fcame neid j\u00f5udu-jaksum\u00f6\u00f6da teha selliseks, nagu soovid on. Need on n\u00fc\u00fcd territooriumid, kuhu meil koera sehkendama &hellip; <a href=\"https:\/\/www.kaldkriips.ee\/?p=4013\">J\u00e4tka lugemist <span class=\"meta-nav\">&rarr;<\/span><\/a><\/p>\n","protected":false},"author":1,"featured_media":0,"comment_status":"open","ping_status":"open","sticky":false,"template":"","format":"standard","meta":{"footnotes":""},"categories":[5],"tags":[],"class_list":["post-4013","post","type-post","status-publish","format-standard","hentry","category-mina-ise-ja-muud-loomad"],"_links":{"self":[{"href":"https:\/\/www.kaldkriips.ee\/index.php?rest_route=\/wp\/v2\/posts\/4013"}],"collection":[{"href":"https:\/\/www.kaldkriips.ee\/index.php?rest_route=\/wp\/v2\/posts"}],"about":[{"href":"https:\/\/www.kaldkriips.ee\/index.php?rest_route=\/wp\/v2\/types\/post"}],"author":[{"embeddable":true,"href":"https:\/\/www.kaldkriips.ee\/index.php?rest_route=\/wp\/v2\/users\/1"}],"replies":[{"embeddable":true,"href":"https:\/\/www.kaldkriips.ee\/index.php?rest_route=%2Fwp%2Fv2%2Fcomments&post=4013"}],"version-history":[{"count":17,"href":"https:\/\/www.kaldkriips.ee\/index.php?rest_route=\/wp\/v2\/posts\/4013\/revisions"}],"predecessor-version":[{"id":4030,"href":"https:\/\/www.kaldkriips.ee\/index.php?rest_route=\/wp\/v2\/posts\/4013\/revisions\/4030"}],"wp:attachment":[{"href":"https:\/\/www.kaldkriips.ee\/index.php?rest_route=%2Fwp%2Fv2%2Fmedia&parent=4013"}],"wp:term":[{"taxonomy":"category","embeddable":true,"href":"https:\/\/www.kaldkriips.ee\/index.php?rest_route=%2Fwp%2Fv2%2Fcategories&post=4013"},{"taxonomy":"post_tag","embeddable":true,"href":"https:\/\/www.kaldkriips.ee\/index.php?rest_route=%2Fwp%2Fv2%2Ftags&post=4013"}],"curies":[{"name":"wp","href":"https:\/\/api.w.org\/{rel}","templated":true}]}}