{"id":372,"date":"2008-12-01T22:49:13","date_gmt":"2008-12-01T20:49:13","guid":{"rendered":"http:\/\/blog.kaldkriips.ee\/?p=372"},"modified":"2008-12-03T00:31:37","modified_gmt":"2008-12-02T22:31:37","slug":"esimene-advent","status":"publish","type":"post","link":"https:\/\/www.kaldkriips.ee\/?p=372","title":{"rendered":"Esimene advent"},"content":{"rendered":"<p>Eile oli juba. Ikka kuidagi ootamatult tuli see j\u00e4lle k\u00e4tte.<br \/>\nMa oleks tahtnud veeta seda kuidagi soojalt, hubaselt ja koduselt&#8230;..aga l\u00e4ks, nagu karta oligi.<br \/>\nNo ei s\u00f5ltu k\u00f5ik \u00fcldsegi siin minust ja minu lapsemeelsest tahtest uskuda p\u00e4kapikke ja headust.<br \/>\nMul meenus \u00f5htul \u00fcks aastatetagune metsask\u00e4ik perega&#8230;..oli t\u00e4iskuu\u00f6\u00f6, lund oli v\u00e4ga palju ja see sillerdas t\u00e4iesti muinasjutuliselt.<br \/>\nOtsisime metsas kuuske. Kuu oli nii ere, et valgust oli k\u00f5vasti. See olukord seal oli nii ehe, et ma olin absoluutselt kindel p\u00e4kapikkude olemasolus.<br \/>\nMiski kelluke helises mu hinges tol ajal&#8230;.<br \/>\nEile piirdusin l\u00f5puks laternas k\u00fc\u00fcnla s\u00fc\u00fctamisega, r\u00f5dul. <\/p>\n<p><center><a href=\"\/pildid\/372\/Christmas_Home.jpg\"><img decoding=\"async\" src=\"\/pildid\/372\/Christmas_Home.jpg\" alt=\"MK\" \/><\/a><\/center><\/p>\n<p>Vaatasin t\u00e4htedega laule, r\u00f5\u00f5mustasin, et v\u00f5itsid minu soosikud ja esimest korda selle saate jooksul lahistasin nende teise loo ajal nutta. S\u00fcdamest.<br \/>\nN\u00f5gistole oleks pannud vist kruvi p\u00fcksi tema t\u00e4iesti kohatu kommentaari eest. Aga see selleks. <\/p>\n<p>Inimesed, keda ma v\u00e4ga armastan, teavad seda, et \u00fcksk\u00f5ik, mis ka poleks, armastan ma neid ikka. Soovin s\u00fcdamest teile headust hinge! <\/p>\n<p>Ilusat J\u00f5ulukuud k\u00f5igile!<\/p>\n","protected":false},"excerpt":{"rendered":"<p>Eile oli juba. Ikka kuidagi ootamatult tuli see j\u00e4lle k\u00e4tte. Ma oleks tahtnud veeta seda kuidagi soojalt, hubaselt ja koduselt&#8230;..aga l\u00e4ks, nagu karta oligi. No ei s\u00f5ltu k\u00f5ik \u00fcldsegi siin minust ja minu lapsemeelsest tahtest uskuda p\u00e4kapikke ja headust. Mul &hellip; <a href=\"https:\/\/www.kaldkriips.ee\/?p=372\">J\u00e4tka lugemist <span class=\"meta-nav\">&rarr;<\/span><\/a><\/p>\n","protected":false},"author":1,"featured_media":0,"comment_status":"open","ping_status":"open","sticky":false,"template":"","format":"standard","meta":{"footnotes":""},"categories":[5],"tags":[],"class_list":["post-372","post","type-post","status-publish","format-standard","hentry","category-mina-ise-ja-muud-loomad"],"_links":{"self":[{"href":"https:\/\/www.kaldkriips.ee\/index.php?rest_route=\/wp\/v2\/posts\/372"}],"collection":[{"href":"https:\/\/www.kaldkriips.ee\/index.php?rest_route=\/wp\/v2\/posts"}],"about":[{"href":"https:\/\/www.kaldkriips.ee\/index.php?rest_route=\/wp\/v2\/types\/post"}],"author":[{"embeddable":true,"href":"https:\/\/www.kaldkriips.ee\/index.php?rest_route=\/wp\/v2\/users\/1"}],"replies":[{"embeddable":true,"href":"https:\/\/www.kaldkriips.ee\/index.php?rest_route=%2Fwp%2Fv2%2Fcomments&post=372"}],"version-history":[{"count":0,"href":"https:\/\/www.kaldkriips.ee\/index.php?rest_route=\/wp\/v2\/posts\/372\/revisions"}],"wp:attachment":[{"href":"https:\/\/www.kaldkriips.ee\/index.php?rest_route=%2Fwp%2Fv2%2Fmedia&parent=372"}],"wp:term":[{"taxonomy":"category","embeddable":true,"href":"https:\/\/www.kaldkriips.ee\/index.php?rest_route=%2Fwp%2Fv2%2Fcategories&post=372"},{"taxonomy":"post_tag","embeddable":true,"href":"https:\/\/www.kaldkriips.ee\/index.php?rest_route=%2Fwp%2Fv2%2Ftags&post=372"}],"curies":[{"name":"wp","href":"https:\/\/api.w.org\/{rel}","templated":true}]}}