{"id":364,"date":"2008-11-09T23:52:08","date_gmt":"2008-11-09T21:52:08","guid":{"rendered":"http:\/\/blog.kaldkriips.ee\/?p=364"},"modified":"2008-11-09T23:54:26","modified_gmt":"2008-11-09T21:54:26","slug":"nadalavahetus-tais-tralli","status":"publish","type":"post","link":"https:\/\/www.kaldkriips.ee\/?p=364","title":{"rendered":"N\u00e4dalavahetus t\u00e4is tralli"},"content":{"rendered":"<p>Jah, n\u00e4dalavahetus l\u00e4ks ja laulis :D<br \/>\nPidasime meie p\u00e4ikesej\u00e4nku s\u00fcnnip\u00e4eva :)<br \/>\nTirts oli uskumatult m\u00f5nus v\u00f5\u00f5rustaja. R\u00f5\u00f5mustas iga k\u00fclalise \u00fcle ja \u00e4ra saates jagas k\u00f5ikidele kallistusi ja kutsus j\u00e4lle k\u00fclla. T\u00f5eliselt armas.<br \/>\nTrall oli v\u00e4gev, kuigi lapsi pold just murdu. N\u00e4gin l\u00f5puks reaalselt ka seda, et poiste ja t\u00fcdrukute s\u00fcnnip\u00e4ev on siiski erinev. Poisid polnud kunagi oma s\u00fcnnip\u00e4evadel mul v\u00f5idu kiljunud :D<\/p>\n<p><center><a href=\"\/pildid\/364\/IMG_1365.jpg\"><img decoding=\"async\" src=\"\/pildid\/364\/IMG_1365v.jpg\" alt=\"Kirke s\u00fcnna\" \/><\/a><\/center><\/p>\n<p>Laup\u00e4eval algas meil pidu juba kell 12 p\u00e4eval ja l\u00f5ppes ikka peale 21 \u00f5htul. Ausalt, ma olin \u00f5htul \u00fcsna laip. Lapsekese sain magama \u00f5nneks kiiresti, sest ka tema jaoks oli p\u00e4ev v\u00e4sitav ning emotsiooniderohke.<br \/>\nLaup\u00e4eva \u00f5htul oli mul erandkorras kaks t\u00fctart. V\u00e4ikese preili \u00f5de oli ka meil.<\/p>\n<p><center><a href=\"\/pildid\/364\/IMG_1383.jpg\"><img decoding=\"async\" src=\"\/pildid\/364\/IMG_1383v.jpg\" alt=\"Kirke s\u00fcnna\" \/><\/a><\/center><\/p>\n<p> Enne und v\u00e4ikene raamatute lugemine ja siis tudumaale.  Niiet kui \u00fche t\u00fctrekese panin magama, siis teisega istusime lihtsalt puhkama ja vaatasime \u00fche m\u00f5nusa filmi.<br \/>\nV\u00e4ga, v\u00e4ga tore p\u00e4ev oli.<br \/>\nT\u00e4na aga oli s\u00fcnnip\u00e4eva j\u00e4tk ja isadep\u00e4ev. Ilus p\u00e4ev :)<\/p>\n","protected":false},"excerpt":{"rendered":"<p>Jah, n\u00e4dalavahetus l\u00e4ks ja laulis :D Pidasime meie p\u00e4ikesej\u00e4nku s\u00fcnnip\u00e4eva :) Tirts oli uskumatult m\u00f5nus v\u00f5\u00f5rustaja. R\u00f5\u00f5mustas iga k\u00fclalise \u00fcle ja \u00e4ra saates jagas k\u00f5ikidele kallistusi ja kutsus j\u00e4lle k\u00fclla. T\u00f5eliselt armas. Trall oli v\u00e4gev, kuigi lapsi pold just murdu. &hellip; <a href=\"https:\/\/www.kaldkriips.ee\/?p=364\">J\u00e4tka lugemist <span class=\"meta-nav\">&rarr;<\/span><\/a><\/p>\n","protected":false},"author":1,"featured_media":0,"comment_status":"open","ping_status":"open","sticky":false,"template":"","format":"standard","meta":{"footnotes":""},"categories":[5],"tags":[],"class_list":["post-364","post","type-post","status-publish","format-standard","hentry","category-mina-ise-ja-muud-loomad"],"_links":{"self":[{"href":"https:\/\/www.kaldkriips.ee\/index.php?rest_route=\/wp\/v2\/posts\/364"}],"collection":[{"href":"https:\/\/www.kaldkriips.ee\/index.php?rest_route=\/wp\/v2\/posts"}],"about":[{"href":"https:\/\/www.kaldkriips.ee\/index.php?rest_route=\/wp\/v2\/types\/post"}],"author":[{"embeddable":true,"href":"https:\/\/www.kaldkriips.ee\/index.php?rest_route=\/wp\/v2\/users\/1"}],"replies":[{"embeddable":true,"href":"https:\/\/www.kaldkriips.ee\/index.php?rest_route=%2Fwp%2Fv2%2Fcomments&post=364"}],"version-history":[{"count":0,"href":"https:\/\/www.kaldkriips.ee\/index.php?rest_route=\/wp\/v2\/posts\/364\/revisions"}],"wp:attachment":[{"href":"https:\/\/www.kaldkriips.ee\/index.php?rest_route=%2Fwp%2Fv2%2Fmedia&parent=364"}],"wp:term":[{"taxonomy":"category","embeddable":true,"href":"https:\/\/www.kaldkriips.ee\/index.php?rest_route=%2Fwp%2Fv2%2Fcategories&post=364"},{"taxonomy":"post_tag","embeddable":true,"href":"https:\/\/www.kaldkriips.ee\/index.php?rest_route=%2Fwp%2Fv2%2Ftags&post=364"}],"curies":[{"name":"wp","href":"https:\/\/api.w.org\/{rel}","templated":true}]}}