{"id":362,"date":"2008-11-05T20:47:31","date_gmt":"2008-11-05T18:47:31","guid":{"rendered":"http:\/\/blog.kaldkriips.ee\/?p=362"},"modified":"2008-11-05T20:52:56","modified_gmt":"2008-11-05T18:52:56","slug":"ring-taas-tais","status":"publish","type":"post","link":"https:\/\/www.kaldkriips.ee\/?p=362","title":{"rendered":"Ring taas t\u00e4is :)"},"content":{"rendered":"<p>Eile oli siis minu v\u00e4ikese silmar\u00f5\u00f5mu teine s\u00fcnnip\u00e4ev. Uskumatu, aga see fantastiline v\u00e4ike inimene on juba kahe aastane !!!!<br \/>\nAeg on lennanud linnutiivul ja kuhu ta l\u00e4inud on, pole aimugi. Tean ainult seda, et oleme oma hullematest aegadest r\u00f5\u00f5msalt \u00fcle kasvanud ja meil l\u00e4heb iga p\u00e4evaga elu paremaks ning huvitamaks :)<br \/>\nSee armastus ja r\u00f5\u00f5m, mida kiirgab \u00fcks v\u00e4ike inimene, \u00fcletab k\u00f5ik muud aeguvad ja aegamisi kaduvad armastuseliigid. See r\u00f5\u00f5m ja power, mida saad v\u00e4ikeselt lapselt, ei ole asendatav. Kuid teda mitte omades, on inimene vaesem ja v\u00e4ikesem. <\/p>\n<p><center><a href=\"\/pildid\/362\/IMG_1308.jpg\"><img decoding=\"async\" src=\"\/pildid\/362\/IMG_1308v.jpg\" alt=\"Kirke 2 aastane\" \/><\/a><\/center><\/p>\n<p>Kuiv\u00f5rd n\u00fc\u00fcd kahene ise oma s\u00fcnnip\u00e4evast juba jagab, aga midagi ta igatahes m\u00f5tleb. Kui r\u00e4\u00e4gid, et tal s\u00fcnnip\u00e4ev, hakkab m\u00f5nusalt muhelema ja itsitama. Eile hommikul \u00e4rkasime k\u00fclas ja sellep\u00e4rast ei olnud temale kohe ka s\u00fcnnip\u00e4evakinki k\u00e4tte anda. See eest ootasid meid ukse tagas hommikul v\u00f5\u00f5rustajad, kes laulsid s\u00fcnnip\u00e4evalaulu :) R\u00e4\u00e4kisin siis ise lapsele ka muidugi, et temal t\u00e4na s\u00fcnnip\u00e4ev ja kodus on kink ootamas. Ise \u00fctleb vanuseks \u00fcks-kaks :D N\u00e4itab r\u00f5\u00f5msalt ette oma parema ja vasaku k\u00e4e ja teab, et paremaga antakse tere.<br \/>\nKui \u00f5htuks koju j\u00f5udsime, siis minu \u00fcllatuseks polnudki laps unstanud oma s\u00fcnnip\u00e4eva-teatas kohe t\u00e4htsalt, et noh, s\u00fcnnikinki :)<br \/>\nSai oma Bay Born-i nuku koos vidinatega k\u00e4tte ja oli selle \u00fcle v\u00e4ga r\u00f5\u00f5mus. Terve \u00f5htu askeldas mul toas pisike &#8220;emme&#8221;, kes kohusetruult potitas oma lapsukest, kiitis ja kussutas, kallistas ja s\u00f6\u00f6tis. Kui aga peale s\u00f6\u00f6ki tema tita s\u00fclle pissis, oli suhteliselt n\u00f6rdinud :D<br \/>\n\u00dcllatuse osaliseks sain ma aga ka ise seoses piiga s\u00fcnnip\u00e4evaga. Vanem vend nimelt ei l\u00e4inud poodi ja ostnud lihtsalt m\u00f5nda lelu, vaid otsis \u00fcles enda lapsep\u00f5lvest p\u00e4rit roolikelgu, v\u00f5ttis selle osadeks, tuunis kenasti \u00e4ra ja pani ilusasti kokku. Mul tarvis n\u00fc\u00fcd veel uus nahast kate istmele \u00f5mmelda ja \u00f5eke saab vennalt p\u00e4randuseks tema lapsep\u00f5lve lemmikkelgu :)<\/p>\n<p>\u00d5htul k\u00e4is meil k\u00fclas veel t\u00e4di Aire. See on Kirke lemmikt\u00e4di :) ja lemmikt\u00e4did ilmselt teavad, mis on lapsel hetkel kuum teema :D Meil on see Elevantsi film :P T\u00e4di t\u00f5igi karvase Vantsiku ja Vantsiku pildiga suure tassi :P<\/p>\n<p>Suurema \u00fcrituse peame laup\u00e4eval. P\u00fchap\u00e4evaks jagub samuti k\u00fclarahvast :)<\/p>\n<p>Mul on fantastiline t\u00fctar ja pojad :)<\/p>\n","protected":false},"excerpt":{"rendered":"<p>Eile oli siis minu v\u00e4ikese silmar\u00f5\u00f5mu teine s\u00fcnnip\u00e4ev. Uskumatu, aga see fantastiline v\u00e4ike inimene on juba kahe aastane !!!! Aeg on lennanud linnutiivul ja kuhu ta l\u00e4inud on, pole aimugi. Tean ainult seda, et oleme oma hullematest aegadest r\u00f5\u00f5msalt \u00fcle &hellip; <a href=\"https:\/\/www.kaldkriips.ee\/?p=362\">J\u00e4tka lugemist <span class=\"meta-nav\">&rarr;<\/span><\/a><\/p>\n","protected":false},"author":1,"featured_media":0,"comment_status":"open","ping_status":"open","sticky":false,"template":"","format":"standard","meta":{"footnotes":""},"categories":[5],"tags":[],"class_list":["post-362","post","type-post","status-publish","format-standard","hentry","category-mina-ise-ja-muud-loomad"],"_links":{"self":[{"href":"https:\/\/www.kaldkriips.ee\/index.php?rest_route=\/wp\/v2\/posts\/362"}],"collection":[{"href":"https:\/\/www.kaldkriips.ee\/index.php?rest_route=\/wp\/v2\/posts"}],"about":[{"href":"https:\/\/www.kaldkriips.ee\/index.php?rest_route=\/wp\/v2\/types\/post"}],"author":[{"embeddable":true,"href":"https:\/\/www.kaldkriips.ee\/index.php?rest_route=\/wp\/v2\/users\/1"}],"replies":[{"embeddable":true,"href":"https:\/\/www.kaldkriips.ee\/index.php?rest_route=%2Fwp%2Fv2%2Fcomments&post=362"}],"version-history":[{"count":0,"href":"https:\/\/www.kaldkriips.ee\/index.php?rest_route=\/wp\/v2\/posts\/362\/revisions"}],"wp:attachment":[{"href":"https:\/\/www.kaldkriips.ee\/index.php?rest_route=%2Fwp%2Fv2%2Fmedia&parent=362"}],"wp:term":[{"taxonomy":"category","embeddable":true,"href":"https:\/\/www.kaldkriips.ee\/index.php?rest_route=%2Fwp%2Fv2%2Fcategories&post=362"},{"taxonomy":"post_tag","embeddable":true,"href":"https:\/\/www.kaldkriips.ee\/index.php?rest_route=%2Fwp%2Fv2%2Ftags&post=362"}],"curies":[{"name":"wp","href":"https:\/\/api.w.org\/{rel}","templated":true}]}}