{"id":361,"date":"2008-10-27T17:40:29","date_gmt":"2008-10-27T15:40:29","guid":{"rendered":"http:\/\/blog.kaldkriips.ee\/?p=361"},"modified":"2008-10-27T17:40:29","modified_gmt":"2008-10-27T15:40:29","slug":"haiged-ikka-veel-s","status":"publish","type":"post","link":"https:\/\/www.kaldkriips.ee\/?p=361","title":{"rendered":"Haiged, ikka veel :S"},"content":{"rendered":"<p>Eelk\u00f5ige t\u00e4nud k\u00f5igile, kes meile head paranemist soovisid.<br \/>\nHullem on vast m\u00f6\u00f6das, aga terved veel pole.<br \/>\nPalavikust oleme jagu saanud, aga suu teeb pisikesele ikka veel palju valu ja sellega kaasneb hommikust \u00f5htuni k\u00e4iv kiun ja ving.<br \/>\nS\u00fc\u00fca ju ei saa, kuigi k\u00f5ht t\u00fchi. S\u00f6\u00f6b tasahaaval ja nutab :(<br \/>\nN\u00fc\u00fcd veel lisaks k\u00f5igele on j\u00e4rsku l\u00e4inud pepu, kintsud, s\u00e4\u00e4red&#8230;.pisikesi t\u00e4ppe t\u00e4is :( S\u00fcgelevad ju ja siis kipub neid kratsima.<br \/>\nK\u00e4isime arstile n\u00e4itamas-arvasid, et allergia :S No millest k\u00fcll ??? Nemad arvasid, et kas n\u00fc\u00fcd astelpaju\u00f5list v\u00f5i Kamistadist. Oh jah. <\/p>\n<p>Ja siis me ostsime t\u00e4na toidupoest roosa, klapiga, peegliga ja kommidega vigiseva telefoni :) Laps nii v\u00e4ga tahtis sellist. Midagigi lohutab teda selles vastikus haigusperioodis. <\/p>\n<p>Ja kuna ma ei saa midagi asjalikku koos sellise haige lapsega teha, siis j\u00e4i pihku \u00fcks vana kalenderm\u00e4rkmik aastast 2006. Ma vist poleks pidanud seda lugema :S Kole palju nukrat oli seal. Noh, eks midagi oli ka sellist mida oli hea m\u00e4lus v\u00e4rskendada.<\/p>\n<p>Ja siis avastasin, et mul v\u00e4ike nimekiri nimedest, mis olid veel enne lapse soo teadasaamist meil kaalumisel :D<\/p>\n<p>Et siis sellised  nimed :)<\/p>\n<p>Mia<br \/>\nSirli<br \/>\nMarii<br \/>\nKirsi<br \/>\nHannele<br \/>\nKaris<br \/>\nHarriet<br \/>\nEmili<\/p>\n<p>Kirke oli \u00fcks esimesi variante ja j\u00e4i l\u00f5puks ka ainsana s\u00f5elale. Kui ta s\u00fcndis, siis oligi juba Kirke :)<\/p>\n","protected":false},"excerpt":{"rendered":"<p>Eelk\u00f5ige t\u00e4nud k\u00f5igile, kes meile head paranemist soovisid. Hullem on vast m\u00f6\u00f6das, aga terved veel pole. Palavikust oleme jagu saanud, aga suu teeb pisikesele ikka veel palju valu ja sellega kaasneb hommikust \u00f5htuni k\u00e4iv kiun ja ving. S\u00fc\u00fca ju ei &hellip; <a href=\"https:\/\/www.kaldkriips.ee\/?p=361\">J\u00e4tka lugemist <span class=\"meta-nav\">&rarr;<\/span><\/a><\/p>\n","protected":false},"author":1,"featured_media":0,"comment_status":"open","ping_status":"open","sticky":false,"template":"","format":"standard","meta":{"footnotes":""},"categories":[5],"tags":[],"class_list":["post-361","post","type-post","status-publish","format-standard","hentry","category-mina-ise-ja-muud-loomad"],"_links":{"self":[{"href":"https:\/\/www.kaldkriips.ee\/index.php?rest_route=\/wp\/v2\/posts\/361"}],"collection":[{"href":"https:\/\/www.kaldkriips.ee\/index.php?rest_route=\/wp\/v2\/posts"}],"about":[{"href":"https:\/\/www.kaldkriips.ee\/index.php?rest_route=\/wp\/v2\/types\/post"}],"author":[{"embeddable":true,"href":"https:\/\/www.kaldkriips.ee\/index.php?rest_route=\/wp\/v2\/users\/1"}],"replies":[{"embeddable":true,"href":"https:\/\/www.kaldkriips.ee\/index.php?rest_route=%2Fwp%2Fv2%2Fcomments&post=361"}],"version-history":[{"count":0,"href":"https:\/\/www.kaldkriips.ee\/index.php?rest_route=\/wp\/v2\/posts\/361\/revisions"}],"wp:attachment":[{"href":"https:\/\/www.kaldkriips.ee\/index.php?rest_route=%2Fwp%2Fv2%2Fmedia&parent=361"}],"wp:term":[{"taxonomy":"category","embeddable":true,"href":"https:\/\/www.kaldkriips.ee\/index.php?rest_route=%2Fwp%2Fv2%2Fcategories&post=361"},{"taxonomy":"post_tag","embeddable":true,"href":"https:\/\/www.kaldkriips.ee\/index.php?rest_route=%2Fwp%2Fv2%2Ftags&post=361"}],"curies":[{"name":"wp","href":"https:\/\/api.w.org\/{rel}","templated":true}]}}