{"id":360,"date":"2008-10-25T17:39:13","date_gmt":"2008-10-25T15:39:13","guid":{"rendered":"http:\/\/blog.kaldkriips.ee\/?p=360"},"modified":"2008-10-25T17:47:58","modified_gmt":"2008-10-25T15:47:58","slug":"urrrrrr","status":"publish","type":"post","link":"https:\/\/www.kaldkriips.ee\/?p=360","title":{"rendered":"Urrrrrr"},"content":{"rendered":"<p>Mu pisike silmar\u00f5\u00f5m on haige :(<br \/>\nTa on kohe nii haige, et kolmas p\u00e4ev on meil kodus vaid kiun ja ving. Mis kolmas, lausa neljas. Kolmap\u00e4eval oli meil v\u00e4ga pikk linnap\u00e4ev. Hommikuses rongis ei maga ta tavaliselt kunagi, aga seekord j\u00e4i magama. No t\u00f5usis hommikul suht vara, seega ei osanud peljata midagi. Linna j\u00f5udes \u00e4rkas ehmatades ja oli jube pahur. Isegi Musamaris ei l\u00e4inud tal tuju paremaks. P\u00e4rast olime linnas \u00f5ues ja ta j\u00e4i uuesti magama :O Laps, kes tore, kui ta kasv\u00f5i korra p\u00e4evaski magab natuke. Kui mina \u00f5htul oma asju ajasin, k\u00e4is tirts hoidjaga lustimas Stereo-s. Oli seal v\u00e4ikese Mahmastolipreilnaga m\u00fcranud. Igatahes taas kohtudes oli ta r\u00f5\u00f5mus ja kraps ja sellega mu mure sai otsa. Igaks juhuks j\u00e4tsin ta hommikul lasteaiast koju ja nagu selgus, \u00f5igustatult. \u00d5htuks t\u00f5usis palavik :( K\u00f5rge. Terve eilse p\u00e4eva oli meil ainult nutt ja hala ja palavik 40 \u00fcmber :( Mingi valemiga palavikust jagu ei saanud. \u00d5htuks l\u00f5id suu limaskestale punnikesed ja seega diagnoos midagi taolist nagu suu limaskesta p\u00f5letik v\u00f5i stomatiit :S P\u00fcha peetrus, kust sellised haigused t\u00e4nap\u00e4evl :S Kahe vanema lapse puhul ei olnud \u00fchtegi sellist jama !!!!<br \/>\n\u00d6\u00f6 oli t\u00e4na suht olematu ja t\u00e4nasest t\u00f6\u00f6tegemisest ei tulnud midagi v\u00e4lja :S K\u00f5ige kurvem on aga see, et vaatad oma pisikest ja ei saa teda aidata :( Oh ja ah. Laps tahab s\u00fc\u00fca, aga kuidas sa s\u00f6\u00f6d, kui k\u00f5ik teeb haiget :( Eks p\u00fc\u00fcan talle tasahaaval midagi vedelat pakkuda, et veidigi s\u00fc\u00fca saaks.<\/p>\n<p>Tervest\u00fckkis aga on selle n\u00e4dala l\u00f5pp olnud v\u00e4\u00e4\u00e4ga muljeterohke. Mis muljete, v\u00e4ga vapustusterohke oleks vist \u00f5igem \u00f6elda :O<br \/>\nHetkel ma ei oska neid isegi kusagile veel liigitada-kas positiivsete v\u00f5i negatiivsete hulka. V\u00f5taks alustuseks suuna positiivsema ja tervema elu poole :)<\/p>\n","protected":false},"excerpt":{"rendered":"<p>Mu pisike silmar\u00f5\u00f5m on haige :( Ta on kohe nii haige, et kolmas p\u00e4ev on meil kodus vaid kiun ja ving. Mis kolmas, lausa neljas. Kolmap\u00e4eval oli meil v\u00e4ga pikk linnap\u00e4ev. Hommikuses rongis ei maga ta tavaliselt kunagi, aga seekord &hellip; <a href=\"https:\/\/www.kaldkriips.ee\/?p=360\">J\u00e4tka lugemist <span class=\"meta-nav\">&rarr;<\/span><\/a><\/p>\n","protected":false},"author":1,"featured_media":0,"comment_status":"open","ping_status":"open","sticky":false,"template":"","format":"standard","meta":{"footnotes":""},"categories":[5],"tags":[],"class_list":["post-360","post","type-post","status-publish","format-standard","hentry","category-mina-ise-ja-muud-loomad"],"_links":{"self":[{"href":"https:\/\/www.kaldkriips.ee\/index.php?rest_route=\/wp\/v2\/posts\/360"}],"collection":[{"href":"https:\/\/www.kaldkriips.ee\/index.php?rest_route=\/wp\/v2\/posts"}],"about":[{"href":"https:\/\/www.kaldkriips.ee\/index.php?rest_route=\/wp\/v2\/types\/post"}],"author":[{"embeddable":true,"href":"https:\/\/www.kaldkriips.ee\/index.php?rest_route=\/wp\/v2\/users\/1"}],"replies":[{"embeddable":true,"href":"https:\/\/www.kaldkriips.ee\/index.php?rest_route=%2Fwp%2Fv2%2Fcomments&post=360"}],"version-history":[{"count":0,"href":"https:\/\/www.kaldkriips.ee\/index.php?rest_route=\/wp\/v2\/posts\/360\/revisions"}],"wp:attachment":[{"href":"https:\/\/www.kaldkriips.ee\/index.php?rest_route=%2Fwp%2Fv2%2Fmedia&parent=360"}],"wp:term":[{"taxonomy":"category","embeddable":true,"href":"https:\/\/www.kaldkriips.ee\/index.php?rest_route=%2Fwp%2Fv2%2Fcategories&post=360"},{"taxonomy":"post_tag","embeddable":true,"href":"https:\/\/www.kaldkriips.ee\/index.php?rest_route=%2Fwp%2Fv2%2Ftags&post=360"}],"curies":[{"name":"wp","href":"https:\/\/api.w.org\/{rel}","templated":true}]}}