{"id":358,"date":"2008-10-18T20:37:23","date_gmt":"2008-10-18T18:37:23","guid":{"rendered":"http:\/\/blog.kaldkriips.ee\/?p=358"},"modified":"2008-10-18T22:37:46","modified_gmt":"2008-10-18T20:37:46","slug":"vaiki-kui-void","status":"publish","type":"post","link":"https:\/\/www.kaldkriips.ee\/?p=358","title":{"rendered":"Vaiki, kui v\u00f5id&#8230;."},"content":{"rendered":"<p>Vaiki Kui V\u00f5id by Ruja:\t<\/p>\n<p><em>Vaiki kui v\u00f5id,j\u00e4\u00e4 tasa<br \/>\nsest s\u00f5nu ei kuule sa veel<br \/>\njah,vaiki kui v\u00f5id,vii kaasa<br \/>\nmu h\u00e4\u00e4l,mis sind saatma j\u00e4\u00e4b veel <\/p>\n<p>Kuulata vaid,kui tahad<br \/>\nsiis sinuni j\u00f5uda v\u00f5ib see<br \/>\njah,vaiki kui v\u00f5id,vii kaasa<br \/>\nmu h\u00e4\u00e4l,mis sind saatma j\u00e4\u00e4b veel <\/p>\n<p>Refr:<br \/>\nMu laulud elavad sus veel kui eilse kaja<br \/>\nmis t\u00e4naseni kostab sinu sees<br \/>\nja kui sa praegu tunned,et sa mind ei vaja<br \/>\nsiis tea,et k\u00f5ik on alles alguses <\/p>\n<p>Vaikuse h\u00e4\u00e4l on valus<br \/>\nkui kelluke hele ja hellus<br \/>\nsa vaiki kui v\u00f5id,ma palun<br \/>\nsest vaikne on h\u00e4\u00e4l,kellal sel <\/p>\n<p>Refr 2x<\/em><\/p>\n<p>Vaatasin \u00f5htul lapsega saadet T\u00e4hed muusikas ja sealt tuli. Ilus oli&#8230;.ka Margus Vaher-i esituses. Hinge l\u00e4ks.<br \/>\nAh, mulle on alati Ruja looming meeldinud. <\/p>\n","protected":false},"excerpt":{"rendered":"<p>Vaiki Kui V\u00f5id by Ruja: Vaiki kui v\u00f5id,j\u00e4\u00e4 tasa sest s\u00f5nu ei kuule sa veel jah,vaiki kui v\u00f5id,vii kaasa mu h\u00e4\u00e4l,mis sind saatma j\u00e4\u00e4b veel Kuulata vaid,kui tahad siis sinuni j\u00f5uda v\u00f5ib see jah,vaiki kui v\u00f5id,vii kaasa mu h\u00e4\u00e4l,mis sind &hellip; <a href=\"https:\/\/www.kaldkriips.ee\/?p=358\">J\u00e4tka lugemist <span class=\"meta-nav\">&rarr;<\/span><\/a><\/p>\n","protected":false},"author":1,"featured_media":0,"comment_status":"open","ping_status":"open","sticky":false,"template":"","format":"standard","meta":{"footnotes":""},"categories":[5],"tags":[],"class_list":["post-358","post","type-post","status-publish","format-standard","hentry","category-mina-ise-ja-muud-loomad"],"_links":{"self":[{"href":"https:\/\/www.kaldkriips.ee\/index.php?rest_route=\/wp\/v2\/posts\/358"}],"collection":[{"href":"https:\/\/www.kaldkriips.ee\/index.php?rest_route=\/wp\/v2\/posts"}],"about":[{"href":"https:\/\/www.kaldkriips.ee\/index.php?rest_route=\/wp\/v2\/types\/post"}],"author":[{"embeddable":true,"href":"https:\/\/www.kaldkriips.ee\/index.php?rest_route=\/wp\/v2\/users\/1"}],"replies":[{"embeddable":true,"href":"https:\/\/www.kaldkriips.ee\/index.php?rest_route=%2Fwp%2Fv2%2Fcomments&post=358"}],"version-history":[{"count":0,"href":"https:\/\/www.kaldkriips.ee\/index.php?rest_route=\/wp\/v2\/posts\/358\/revisions"}],"wp:attachment":[{"href":"https:\/\/www.kaldkriips.ee\/index.php?rest_route=%2Fwp%2Fv2%2Fmedia&parent=358"}],"wp:term":[{"taxonomy":"category","embeddable":true,"href":"https:\/\/www.kaldkriips.ee\/index.php?rest_route=%2Fwp%2Fv2%2Fcategories&post=358"},{"taxonomy":"post_tag","embeddable":true,"href":"https:\/\/www.kaldkriips.ee\/index.php?rest_route=%2Fwp%2Fv2%2Ftags&post=358"}],"curies":[{"name":"wp","href":"https:\/\/api.w.org\/{rel}","templated":true}]}}