{"id":353,"date":"2008-10-04T19:50:21","date_gmt":"2008-10-04T17:50:21","guid":{"rendered":"http:\/\/blog.kaldkriips.ee\/?p=353"},"modified":"2008-10-04T19:50:21","modified_gmt":"2008-10-04T17:50:21","slug":"niks-naks-ja-seelik-valmis","status":"publish","type":"post","link":"https:\/\/www.kaldkriips.ee\/?p=353","title":{"rendered":"Niks naks ja seelik valmis"},"content":{"rendered":"<p>Eile oli \u00fcks \u00f5mblemise p\u00e4ev. V\u00e4he sellest, et ma terve selle aja, mis laps lasteaias oli, \u00f5mblesin kardinaid&#8230;..siis \u00f5htul otsustasime tibiga koos, et oleks vaja temale \u00f5mmelda ka veel \u00fcks seelik. Nagu paistab, on lasteaias seelik kohati mugavam, kui p\u00fcksid v\u00f5i kleit. Ja meil garderoobis vaid \u00dcKS seelik !!!! Kus seda h\u00e4biotsa t\u00fctarlapsel, eks :D<br \/>\nLoomulikult vedas emme kapist v\u00e4lja meile juba armsaks saanud peenetriibulise velveti ja l\u00f5ikas seeliku v\u00e4lja. Sellestsamast, millest aasta tagasi tegime Laura-Annile pihikseeliku ja m\u00f5ne aja eest soni :) No lihtsalt v\u00e4ikesi asju saab \u00fchest kangajupist p\u00e4ris palju. J\u00e4i praegugi veel j\u00e4rgi :D<\/p>\n<p><center><a href=\"\/pildid\/353\/IMG_1200.jpg\"><img decoding=\"async\" src=\"\/pildid\/353\/IMG_1200v.jpg\" alt=\"seelik\" \/><\/a><\/center><\/p>\n<p>L\u00f5ige sai lihtne-passe ja kuue paaniga. Kaunistuseks paar \u00c5\u00a1enillservaga klappi ning v\u00e4rvlisse kummipael. Mugavam sellistel v\u00e4ikestel punnk\u00f5htudel :P<\/p>\n<p><center><a href=\"\/pildid\/353\/IMG_1199.jpg\"><img decoding=\"async\" src=\"\/pildid\/353\/IMG_1199v.jpg\" alt=\"seelik\" \/><\/a><\/center><\/p>\n<p>Ja no l\u00e4ks ikka kohe eputamiseks, koos soniga komplektis :D Plikade v\u00e4rk :P<\/p>\n<p><center><a href=\"\/pildid\/353\/IMG_1198.jpg\"><img decoding=\"async\" src=\"\/pildid\/353\/IMG_1198v.jpg\" alt=\"seelik\" \/><\/a><\/center><\/p>\n","protected":false},"excerpt":{"rendered":"<p>Eile oli \u00fcks \u00f5mblemise p\u00e4ev. V\u00e4he sellest, et ma terve selle aja, mis laps lasteaias oli, \u00f5mblesin kardinaid&#8230;..siis \u00f5htul otsustasime tibiga koos, et oleks vaja temale \u00f5mmelda ka veel \u00fcks seelik. Nagu paistab, on lasteaias seelik kohati mugavam, kui p\u00fcksid &hellip; <a href=\"https:\/\/www.kaldkriips.ee\/?p=353\">J\u00e4tka lugemist <span class=\"meta-nav\">&rarr;<\/span><\/a><\/p>\n","protected":false},"author":1,"featured_media":0,"comment_status":"open","ping_status":"open","sticky":false,"template":"","format":"standard","meta":{"footnotes":""},"categories":[1,5],"tags":[],"class_list":["post-353","post","type-post","status-publish","format-standard","hentry","category-1","category-mina-ise-ja-muud-loomad"],"_links":{"self":[{"href":"https:\/\/www.kaldkriips.ee\/index.php?rest_route=\/wp\/v2\/posts\/353"}],"collection":[{"href":"https:\/\/www.kaldkriips.ee\/index.php?rest_route=\/wp\/v2\/posts"}],"about":[{"href":"https:\/\/www.kaldkriips.ee\/index.php?rest_route=\/wp\/v2\/types\/post"}],"author":[{"embeddable":true,"href":"https:\/\/www.kaldkriips.ee\/index.php?rest_route=\/wp\/v2\/users\/1"}],"replies":[{"embeddable":true,"href":"https:\/\/www.kaldkriips.ee\/index.php?rest_route=%2Fwp%2Fv2%2Fcomments&post=353"}],"version-history":[{"count":0,"href":"https:\/\/www.kaldkriips.ee\/index.php?rest_route=\/wp\/v2\/posts\/353\/revisions"}],"wp:attachment":[{"href":"https:\/\/www.kaldkriips.ee\/index.php?rest_route=%2Fwp%2Fv2%2Fmedia&parent=353"}],"wp:term":[{"taxonomy":"category","embeddable":true,"href":"https:\/\/www.kaldkriips.ee\/index.php?rest_route=%2Fwp%2Fv2%2Fcategories&post=353"},{"taxonomy":"post_tag","embeddable":true,"href":"https:\/\/www.kaldkriips.ee\/index.php?rest_route=%2Fwp%2Fv2%2Ftags&post=353"}],"curies":[{"name":"wp","href":"https:\/\/api.w.org\/{rel}","templated":true}]}}