{"id":349,"date":"2008-09-27T17:29:22","date_gmt":"2008-09-27T15:29:22","guid":{"rendered":"http:\/\/blog.kaldkriips.ee\/?p=349"},"modified":"2008-10-04T18:43:07","modified_gmt":"2008-10-04T16:43:07","slug":"martela-design-event-under-the-tree","status":"publish","type":"post","link":"https:\/\/www.kaldkriips.ee\/?p=349","title":{"rendered":"Martela Design Event: under THE tree"},"content":{"rendered":"<p>K\u00e4isime eile \u00e4ra. Rahvusvahelise n\u00e4ituse avamisel, mis enne meid on juba k\u00e4inud Milanos ja Stockholmis ja n\u00fc\u00fcd peale Tallinna r\u00e4ndab Tokyosse.<br \/>\nSelle n\u00e4ituse t\u00f5id meile Soome m\u00f6\u00f6blitootja Martela ja Eesti sisustussalong Intera.<br \/>\nN\u00e4itusel on vaadata valik Martela 2008. aasta disaintoodetest: nende seas noore Norra disaineri Geir S\u00c3\u00a6tveit&#8217;I lounge toolid Skybar ja FlyMe, sohva U-Turn ja Rane Vaskivuori sohva Movie. V\u00e4ga vahvaid laudu oli ja toolidest ma parem ei r\u00e4\u00e4gigi. N\u00e4itust saab n\u00e4ha 10 oktoobrini,  seega kel disainikiiks k\u00fcljes, minge vaatama. <\/p>\n<p>&#8220;N\u00e4itus on nime saanud The Tree (Puu) j\u00e4rgi, tegemist on professor Eero Aarnio loodud ruumijagajaga. Milanos esitletakse esmakordselt avalikkusele The Tree\u00e2\u20ac\u2122d, mille s\u00fcnni kohta on disainer ise \u00f6elnud j\u00e4rgmist:<\/p>\n<p>&#8220;The Tree, nagu paljud muud tooted, mida olen disaininud, on osaliselt funktsionaalne tarbeese, osalt skulptuur. Loomulikult toimib The Tree kui ruumijagaja v\u00f5i ka nagi, ent inimesed leiavad sellele kindlasti ka muid funktsioone.<\/p>\n<p>Minu jaoks on The Tree alati olnud paradiisipuu. Keegi k\u00fcsis minult kunagi, miks minu puul ei ole \u00f5unu, ent see on midagi, mida peaksime k\u00fcsima Eevalt.\u00e2\u20ac\u009d &#8221; (www.intera.ee)<\/p>\n<p><center><a href=\"\/pildid\/349\/2640.jpg\"><img decoding=\"async\" src=\"\/pildid\/349\/2640v.jpg\" alt=\"professor\" \/><\/a><\/center><\/p>\n<p>Professor oli ise kenasti avamisel kohal ning loosi l\u00e4inud \u00fche puu signeeris ta kenasti \u00e4ra. Uhh, me Kirkega nii lootsime selle puu koju viia, aga noh, seekord naeratas loosi\u00f5nn \u00fchele meesterahvale. <\/p>\n<p>Kirke oli t\u00f5sine disainihuviline, pidas ennast kenasti \u00fcleval ja nautis v\u00e4ljapanekut t\u00e4iel rinnal. S\u00f6\u00f6mas pole ma oma last enam ammu sellisel hulgal n\u00e4inud :D Noh, ikkagi v\u00e4ike gurmaan ja kui pakutakse s\u00fc\u00fca piiramatul hulgal delikatesse, siis see piiga on raudselt esimesena kohal ja lahkub viimasena :D<\/p>\n<p>\u00d5htu jooksul \u00f5nnestus tal \u00e4ra v\u00f5luda nii auv\u00e4\u00e4rt professor oma abikaasaga, kui ka meie disainikor\u00fcfee pr. Maile Gr\u00fcnberg :D Martela direktor Veli-Matti Savo ei julgenud vist mulle oma visiitkaarti anda ja sokutas selle Kirkele :D<br \/>\nVat nii vahva \u00f5htu oli, t\u00f5esti vahva :)<br \/>\nKel rohkem huvi, saab pilte vaadata <a href=\"http:\/\/kodu.kaldkriips.ee\/g2\/main.php?g2_itemId=1750&#038;g2_page=1\">siit<\/a>. Kuna ma kaamera taga, siis kaamera ees mind ei kohta :D<\/p>\n","protected":false},"excerpt":{"rendered":"<p>K\u00e4isime eile \u00e4ra. Rahvusvahelise n\u00e4ituse avamisel, mis enne meid on juba k\u00e4inud Milanos ja Stockholmis ja n\u00fc\u00fcd peale Tallinna r\u00e4ndab Tokyosse. Selle n\u00e4ituse t\u00f5id meile Soome m\u00f6\u00f6blitootja Martela ja Eesti sisustussalong Intera. N\u00e4itusel on vaadata valik Martela 2008. aasta disaintoodetest: &hellip; <a href=\"https:\/\/www.kaldkriips.ee\/?p=349\">J\u00e4tka lugemist <span class=\"meta-nav\">&rarr;<\/span><\/a><\/p>\n","protected":false},"author":1,"featured_media":0,"comment_status":"open","ping_status":"open","sticky":false,"template":"","format":"standard","meta":{"footnotes":""},"categories":[1,5],"tags":[],"class_list":["post-349","post","type-post","status-publish","format-standard","hentry","category-1","category-mina-ise-ja-muud-loomad"],"_links":{"self":[{"href":"https:\/\/www.kaldkriips.ee\/index.php?rest_route=\/wp\/v2\/posts\/349"}],"collection":[{"href":"https:\/\/www.kaldkriips.ee\/index.php?rest_route=\/wp\/v2\/posts"}],"about":[{"href":"https:\/\/www.kaldkriips.ee\/index.php?rest_route=\/wp\/v2\/types\/post"}],"author":[{"embeddable":true,"href":"https:\/\/www.kaldkriips.ee\/index.php?rest_route=\/wp\/v2\/users\/1"}],"replies":[{"embeddable":true,"href":"https:\/\/www.kaldkriips.ee\/index.php?rest_route=%2Fwp%2Fv2%2Fcomments&post=349"}],"version-history":[{"count":0,"href":"https:\/\/www.kaldkriips.ee\/index.php?rest_route=\/wp\/v2\/posts\/349\/revisions"}],"wp:attachment":[{"href":"https:\/\/www.kaldkriips.ee\/index.php?rest_route=%2Fwp%2Fv2%2Fmedia&parent=349"}],"wp:term":[{"taxonomy":"category","embeddable":true,"href":"https:\/\/www.kaldkriips.ee\/index.php?rest_route=%2Fwp%2Fv2%2Fcategories&post=349"},{"taxonomy":"post_tag","embeddable":true,"href":"https:\/\/www.kaldkriips.ee\/index.php?rest_route=%2Fwp%2Fv2%2Ftags&post=349"}],"curies":[{"name":"wp","href":"https:\/\/api.w.org\/{rel}","templated":true}]}}