{"id":348,"date":"2008-09-26T08:48:42","date_gmt":"2008-09-26T06:48:42","guid":{"rendered":"http:\/\/blog.kaldkriips.ee\/?p=348"},"modified":"2008-09-26T08:50:06","modified_gmt":"2008-09-26T06:50:06","slug":"vahepealsest","status":"publish","type":"post","link":"https:\/\/www.kaldkriips.ee\/?p=348","title":{"rendered":"Vahepealsest"},"content":{"rendered":"<p>&#8230;ei ole k\u00fcll palju \u00f6elda, aga meil l\u00e4heb h\u00e4sti :)<br \/>\nIlmad on nii hunnitult ilusad, et hinge v\u00f5tab kinni :) Hetk sa viibi&#8230;..tahaks sosistada. Praegune v\u00e4rvikirevus ja p\u00e4ike on armsaim aeg s\u00fcgisest. Sellist s\u00fcgist v\u00f5ib l\u00f5putult armastada.<br \/>\nIgal \u00f5htul l\u00e4hen magama ja t\u00e4nan saatust oma t\u00fctre eest. Ta on v\u00f5rratu. Lasteaias on tubli ja kasvatajalt saan kommentaariks vaid&#8230;&#8230;ta on ju nii nunnu :)<br \/>\nOn k\u00fcll, nunnu, tore ja vahva laps. Mis sest, et vahest teeb sada sigadust sekundis ja jorrupoisski k\u00e4ib teinekord k\u00fclas. See k\u00e4ib asja juurde ja ajapikku m\u00f6\u00f6dub. Isegi suured vennad \u00fctlevad, et enam ei kujutaks ettegi, et teda ei oleks olemas :) Piiga muidugi on vendade suurim f\u00e4nnaja :)<br \/>\nK\u00e4isin hiljuti \u00fchel \u00fcritusel, kus sain k\u00f5vasti tarkust k\u00f5rvade vahele. Ma ei ole vist v\u00e4ga ammu kuulanud \u00fchtegi loengut suu ammuli :D Seda tasus kuulata. Hea teema ja v\u00e4ga s\u00e4ravad esinejad. Kasvasin isiksusena silmn\u00e4htavalt :D Mis ongi oluline, et ma hakkan juba iseendaks tagasi saama. Kusagile kaduma olin l\u00e4inud pikka aega. Tegelik mina oli liiga kaua kusagil olematuses.<br \/>\nKaks \u00f5mblust\u00f6\u00f6d vahepeal v\u00e4lja antud&#8230;..n\u00fc\u00fcd j\u00e4rg j\u00e4rgmiste k\u00e4es.<br \/>\nEndale oleks siva, siva vaja midagi \u00f5mmelda.<br \/>\nT\u00e4na l\u00e4heme koos t\u00fctrega disaini nuusutama. Mind kutsuti Martela n\u00e4ituse avamisele ja kuna suur vend meil nohune-t\u00f5bine ja v\u00e4ikevend peab olema \u00f5htul koolis \u00fcritusel, l\u00e4hemegi koos seda n\u00e4itust avama, head disaini ja muusikat nautima ning suupisteid mekkima. Disaini\u00f6\u00f6le ainult me edasi ei l\u00e4he, selleks on piiga veel veidi v\u00e4ike :D<br \/>\nHomme on laup\u00e4ev. \u00d5htul tuleb k\u00fclaline ja p\u00e4eval astub l\u00e4bi \u00fcks k\u00fclaline, seega k\u00fclalistep\u00e4ev.<br \/>\nElu on lill :)<\/p>\n<p>PS. Kristiina, kui sa vahest mu heietusi loed, v\u00f5ta palun \u00fchendust :) Mul pole \u00fchtegi Sinu kontakti, aga tahaks suhelda :)<\/p>\n","protected":false},"excerpt":{"rendered":"<p>&#8230;ei ole k\u00fcll palju \u00f6elda, aga meil l\u00e4heb h\u00e4sti :) Ilmad on nii hunnitult ilusad, et hinge v\u00f5tab kinni :) Hetk sa viibi&#8230;..tahaks sosistada. Praegune v\u00e4rvikirevus ja p\u00e4ike on armsaim aeg s\u00fcgisest. Sellist s\u00fcgist v\u00f5ib l\u00f5putult armastada. Igal \u00f5htul l\u00e4hen &hellip; <a href=\"https:\/\/www.kaldkriips.ee\/?p=348\">J\u00e4tka lugemist <span class=\"meta-nav\">&rarr;<\/span><\/a><\/p>\n","protected":false},"author":1,"featured_media":0,"comment_status":"open","ping_status":"open","sticky":false,"template":"","format":"standard","meta":{"footnotes":""},"categories":[5],"tags":[],"class_list":["post-348","post","type-post","status-publish","format-standard","hentry","category-mina-ise-ja-muud-loomad"],"_links":{"self":[{"href":"https:\/\/www.kaldkriips.ee\/index.php?rest_route=\/wp\/v2\/posts\/348"}],"collection":[{"href":"https:\/\/www.kaldkriips.ee\/index.php?rest_route=\/wp\/v2\/posts"}],"about":[{"href":"https:\/\/www.kaldkriips.ee\/index.php?rest_route=\/wp\/v2\/types\/post"}],"author":[{"embeddable":true,"href":"https:\/\/www.kaldkriips.ee\/index.php?rest_route=\/wp\/v2\/users\/1"}],"replies":[{"embeddable":true,"href":"https:\/\/www.kaldkriips.ee\/index.php?rest_route=%2Fwp%2Fv2%2Fcomments&post=348"}],"version-history":[{"count":0,"href":"https:\/\/www.kaldkriips.ee\/index.php?rest_route=\/wp\/v2\/posts\/348\/revisions"}],"wp:attachment":[{"href":"https:\/\/www.kaldkriips.ee\/index.php?rest_route=%2Fwp%2Fv2%2Fmedia&parent=348"}],"wp:term":[{"taxonomy":"category","embeddable":true,"href":"https:\/\/www.kaldkriips.ee\/index.php?rest_route=%2Fwp%2Fv2%2Fcategories&post=348"},{"taxonomy":"post_tag","embeddable":true,"href":"https:\/\/www.kaldkriips.ee\/index.php?rest_route=%2Fwp%2Fv2%2Ftags&post=348"}],"curies":[{"name":"wp","href":"https:\/\/api.w.org\/{rel}","templated":true}]}}