{"id":347,"date":"2008-09-16T23:15:06","date_gmt":"2008-09-16T21:15:06","guid":{"rendered":"http:\/\/blog.kaldkriips.ee\/?p=347"},"modified":"2008-09-16T23:20:10","modified_gmt":"2008-09-16T21:20:10","slug":"vaike-ja-veel-vaiksem","status":"publish","type":"post","link":"https:\/\/www.kaldkriips.ee\/?p=347","title":{"rendered":"V\u00e4ike ja veel v\u00e4iksem"},"content":{"rendered":"<p>N\u00e4dalavahetusel meil siin hakati k\u00fctma. No ikka k\u00f6eti, t\u00e4ie eest. Ustest ja akendest tuli v\u00e4lja lasta seda sooja, sest kellelgi oli ilmselge kavatsus meid \u00e4ra k\u00fcpsetada. Palavusega seoses v\u00f5tsin k\u00e4sile ammu plaanis olnud \u00f5mblust\u00f6\u00f6. T\u00fctrele \u00f6\u00f6s\u00e4rk. Otsisin v\u00e4lja kusagilt &#8220;Alt om Arbaite&#8221;-st \u00fche l\u00f5ike ja l\u00f5ikasin \u00f6\u00f6s\u00e4rgi v\u00e4lja. Kuni mina sahmerdasin muude asjadega, \u00fcritas piiga muidugi l\u00f5ikelehele juba omapoolseid t\u00e4iendusi teha. Ju tal seda va soolikat on :D<br \/>\nKapis tuulates avastasin, et minu kangakapist polegi nii lihtne leida puuvillatrikotaa\u00c5\u00bei :S Millegip\u00e4rast on seal lademetes venimatuid kangaid. \u00dcks siiski oli ja k\u00f5lbas t\u00e4itsa \u00f6\u00f6s\u00e4rgiks teha. Nunnult kollane. P\u00e4ikseline ja soe. Veidike j\u00e4i seda kangast isegi \u00fcle, aga piiisavalt veidike, et \u00f6\u00f6s\u00e4rgi sai endale ka nukk :) Pole k\u00fcll selle p\u00e4ris \u00f5ige nuku seljas see n\u00fc\u00fcd, aga \u00f5ige nukk tuleb ka varsti meie koju :P Krips-kraps ja v\u00e4ikesed naised olidki \u00f6\u00f6riietes :)<\/p>\n<p><center><a href=\"\/pildid\/347\/IMG-001.jpg\"><img decoding=\"async\" src=\"\/pildid\/347\/IMG-002.jpg\" alt=\"\u00f6\u00f6s\u00e4rk\" \/><\/a><\/center><\/p>\n<p>Preili \u00f6\u00f6s\u00e4rk sai n\u00fc\u00fcd piisava varuga \u00f5mmeldud, et kohe v\u00e4ikeseks ei j\u00e4\u00e4ks. Nukuga seda muret vist pole :P \u00d5htul on igatahes nii armas t\u00f5sta see v\u00e4ike unine \u00f6\u00f6s\u00e4rgis neiuke tudule. Minu uni on l\u00e4inud ainult rahutumaks, sest ma muudkui katsun, ega tal \u00f6\u00f6s\u00e4rk \u00fcle pea pole kolinud ja laps ei k\u00fclmeta :D Ok, ok, emme, l\u00f5peta muretsemine ja maga :P<\/p>\n","protected":false},"excerpt":{"rendered":"<p>N\u00e4dalavahetusel meil siin hakati k\u00fctma. No ikka k\u00f6eti, t\u00e4ie eest. Ustest ja akendest tuli v\u00e4lja lasta seda sooja, sest kellelgi oli ilmselge kavatsus meid \u00e4ra k\u00fcpsetada. Palavusega seoses v\u00f5tsin k\u00e4sile ammu plaanis olnud \u00f5mblust\u00f6\u00f6. T\u00fctrele \u00f6\u00f6s\u00e4rk. Otsisin v\u00e4lja kusagilt &#8220;Alt &hellip; <a href=\"https:\/\/www.kaldkriips.ee\/?p=347\">J\u00e4tka lugemist <span class=\"meta-nav\">&rarr;<\/span><\/a><\/p>\n","protected":false},"author":1,"featured_media":0,"comment_status":"open","ping_status":"open","sticky":false,"template":"","format":"standard","meta":{"footnotes":""},"categories":[5],"tags":[],"class_list":["post-347","post","type-post","status-publish","format-standard","hentry","category-mina-ise-ja-muud-loomad"],"_links":{"self":[{"href":"https:\/\/www.kaldkriips.ee\/index.php?rest_route=\/wp\/v2\/posts\/347"}],"collection":[{"href":"https:\/\/www.kaldkriips.ee\/index.php?rest_route=\/wp\/v2\/posts"}],"about":[{"href":"https:\/\/www.kaldkriips.ee\/index.php?rest_route=\/wp\/v2\/types\/post"}],"author":[{"embeddable":true,"href":"https:\/\/www.kaldkriips.ee\/index.php?rest_route=\/wp\/v2\/users\/1"}],"replies":[{"embeddable":true,"href":"https:\/\/www.kaldkriips.ee\/index.php?rest_route=%2Fwp%2Fv2%2Fcomments&post=347"}],"version-history":[{"count":0,"href":"https:\/\/www.kaldkriips.ee\/index.php?rest_route=\/wp\/v2\/posts\/347\/revisions"}],"wp:attachment":[{"href":"https:\/\/www.kaldkriips.ee\/index.php?rest_route=%2Fwp%2Fv2%2Fmedia&parent=347"}],"wp:term":[{"taxonomy":"category","embeddable":true,"href":"https:\/\/www.kaldkriips.ee\/index.php?rest_route=%2Fwp%2Fv2%2Fcategories&post=347"},{"taxonomy":"post_tag","embeddable":true,"href":"https:\/\/www.kaldkriips.ee\/index.php?rest_route=%2Fwp%2Fv2%2Ftags&post=347"}],"curies":[{"name":"wp","href":"https:\/\/api.w.org\/{rel}","templated":true}]}}