{"id":343,"date":"2008-09-03T08:51:13","date_gmt":"2008-09-03T06:51:13","guid":{"rendered":"http:\/\/blog.kaldkriips.ee\/?p=343"},"modified":"2008-09-03T08:51:13","modified_gmt":"2008-09-03T06:51:13","slug":"september","status":"publish","type":"post","link":"https:\/\/www.kaldkriips.ee\/?p=343","title":{"rendered":"September"},"content":{"rendered":"<p>Alati veidi nostalgiline.<br \/>\nAlati veidi \u00e4rev.<br \/>\nAlati veidi karge.<br \/>\nNostalgitsemiseks on p\u00f5hjust k\u00f5vasti. K\u00f5ik need enda k\u00e4idud kooliteed ja algused&#8230;..laste kooliminekud&#8230;.ja t\u00e4navu veel ootamatult suureks lapseks saanud pesamuna teed. Nimelt l\u00e4ks minu t\u00fctreke juba lasteaeda. Ei kujutanud ma seda ette ka oma halvemates unen\u00e4gudes ja tema tulekust teada saades olin kindel, et enne kolme aastat ta sinna ei l\u00e4he, kui siiski, aga v\u00f5ta n\u00e4pust. Siin ta mul on, t\u00e4itsa lasteaialaps. T\u00e4iesti juhuslikult saime omale seal koha, kuigi lubati alles j\u00e4rgmisest s\u00fcgisest, kui avalduse viisin. Elu teeb vahest ootamatuid p\u00f6\u00f6rdeid, mis sunnivad oma otsuseid muutma. Sellep\u00e4rast l\u00e4kski meil selle lasteaiaga nii nagu l\u00e4ks. Loodan siiski kogu s\u00fcdamest, et tal l\u00e4heb seal h\u00e4sti ja see valik ei tekita p\u00f6\u00f6rdumatuid probleeme. T\u00e4na harjutame teist hommikut. Algus on paljut\u00f5otav. Eile ei tahtnud laps peale 2,5 tundi sealt veel kuidagi \u00e4ra tulla. Kasvataja \u00fctles, et v\u00e4ga s\u00fcdikas laps ning emmetuska ei tulnud kordagi peale. Eks ma sellele olengi panustanud- suurele turvatundele, mida ta on koos minuga kasvades saanud. T\u00e4na j\u00e4\u00e4b tirts aeda l\u00f5unani-vaatame, kas ta n\u00f5ustub koos teistega ka s\u00f6\u00f6ma. Esialgu ma pikki p\u00e4evi temale ei plaanigi ja kolmap\u00e4eviti hakkame j\u00e4tkuvalt k\u00e4ima Tallinnas Musamaris. Saab piiga rahuldada oma lastega m\u00e4ngimise vajaduse ja saan mina teha hommikuti  midagi asjalikku. T\u00e4na v\u00f5tan veel esimest p\u00e4eva enda jaoks vabalt-naudin \u00fcle pika aja vaikust ja v\u00f5imalust s\u00fc\u00fca hommikust ilma, et tee tassis on J\u00c4LLE k\u00fclm, lapse poolt \u00e4ra joodud v\u00f5i sinna sisse midagi poetatud. Milline v\u00e4ike r\u00f5\u00f5m :D Homsest aga peab hakkama asjalikuks.<br \/>\nJah, alles ta siin oli pisike pamp&#8230;&#8230;ja juba lasteaias. Kaugel siis see koolgi enam :(<\/p>\n<p>\u00c4rev on kooliaasta algus samuti j\u00e4tkuvalt. Enda p\u00e4rast mitte&#8230;.vast veel m\u00f5ni aasta. Kui paari aasta p\u00e4rast on v\u00f5imalus minna \u00f5ppima edasi soovitud suunas riigieelarvelisele kohale, siis l\u00e4hen. M\u00f5tted liiguvad.<br \/>\nNoorem poeg l\u00e4ks n\u00fc\u00fcd esimest aastat keskkooli. Tema ees on lahti veel k\u00f5ik teed. Esimesel p\u00e4eval setiti ja vaadati, et k\u00f5ik seljasolev sobiks, uuris minu k\u00e4est, millised lilled \u00f5petajale osta :D No soovitasin osta need, mis endale meeldivad :) Eile tuli juba \u00e4revalt koolist, et ema, kas mul selliseid riideid on, mida v\u00f5ib \u00e4ra visata :D No teadagi, rebaste retsimine tulemas. Ei oska ma k\u00fcll m\u00f5ista, miks seda peab tegema nii radikaalsete vahenditega, et riided p\u00e4rast enam pidada ei k\u00f5lba :S Ju ma siis olen vana selle m\u00f5istmiseks :D Kooliminek oli poisil sellep\u00e4rast ka kole p\u00f5nev, et terve suve tehti koolimajas kapitaalremonti. Paistis teine mingi aja suisa l\u00e4bi :) Pidi kena olema. Urises ainult sellepeale, et juba teisel p\u00e4eval n\u00f5uti sisejalatseid, kuigi kooli p\u00f5randad pidid veel olema hetkel mustemad, kui tema v\u00e4lisjalatsid :D Teismelise torin :P<\/p>\n<p>Ja karge&#8230;..t\u00e4navu isegi v\u00e4ga karge on olnud septembri algus. Tegelikult oli seda juba ka osa augustist. Kuna ma pole suurt kuumuse armastaja, siis mulle see kargus isegi sobib. Panen sobivad riided selga ja naudin. Vihma v\u00f5iks veidi v\u00e4hem olla, aga pole seegi meid seganud. <\/p>\n<p>Et tunne selline, nagu algaks uus aasta septembrist, mitte jaanuarist :) Nii palju on m\u00f5tteid ja plaane. Isegi eesm\u00e4rke ja sihte. Ja r\u00f5\u00f5m, et \u00fcht-teist meeldivat ootab varsti ees. See on rubriigist, et aita inimesi siiralt ja sa saad r\u00f5\u00f5mu vastu. Ma olen j\u00e4lle balansis :P<\/p>\n<p>N\u00fc\u00fcd tassike teed, paar kiiret toimetust ja varsti v\u00f5ib hakata ootama taaskohtumist lastega&#8230;.et pidada r\u00f5\u00f5muga vestlusi nende  kordal\u00e4inud p\u00e4evast :)<br \/>\nMa armastan v\u00e4ga oma perekonda!!!<\/p>\n","protected":false},"excerpt":{"rendered":"<p>Alati veidi nostalgiline. Alati veidi \u00e4rev. Alati veidi karge. Nostalgitsemiseks on p\u00f5hjust k\u00f5vasti. K\u00f5ik need enda k\u00e4idud kooliteed ja algused&#8230;..laste kooliminekud&#8230;.ja t\u00e4navu veel ootamatult suureks lapseks saanud pesamuna teed. Nimelt l\u00e4ks minu t\u00fctreke juba lasteaeda. Ei kujutanud ma seda ette &hellip; <a href=\"https:\/\/www.kaldkriips.ee\/?p=343\">J\u00e4tka lugemist <span class=\"meta-nav\">&rarr;<\/span><\/a><\/p>\n","protected":false},"author":1,"featured_media":0,"comment_status":"open","ping_status":"open","sticky":false,"template":"","format":"standard","meta":{"footnotes":""},"categories":[5],"tags":[],"class_list":["post-343","post","type-post","status-publish","format-standard","hentry","category-mina-ise-ja-muud-loomad"],"_links":{"self":[{"href":"https:\/\/www.kaldkriips.ee\/index.php?rest_route=\/wp\/v2\/posts\/343"}],"collection":[{"href":"https:\/\/www.kaldkriips.ee\/index.php?rest_route=\/wp\/v2\/posts"}],"about":[{"href":"https:\/\/www.kaldkriips.ee\/index.php?rest_route=\/wp\/v2\/types\/post"}],"author":[{"embeddable":true,"href":"https:\/\/www.kaldkriips.ee\/index.php?rest_route=\/wp\/v2\/users\/1"}],"replies":[{"embeddable":true,"href":"https:\/\/www.kaldkriips.ee\/index.php?rest_route=%2Fwp%2Fv2%2Fcomments&post=343"}],"version-history":[{"count":0,"href":"https:\/\/www.kaldkriips.ee\/index.php?rest_route=\/wp\/v2\/posts\/343\/revisions"}],"wp:attachment":[{"href":"https:\/\/www.kaldkriips.ee\/index.php?rest_route=%2Fwp%2Fv2%2Fmedia&parent=343"}],"wp:term":[{"taxonomy":"category","embeddable":true,"href":"https:\/\/www.kaldkriips.ee\/index.php?rest_route=%2Fwp%2Fv2%2Fcategories&post=343"},{"taxonomy":"post_tag","embeddable":true,"href":"https:\/\/www.kaldkriips.ee\/index.php?rest_route=%2Fwp%2Fv2%2Ftags&post=343"}],"curies":[{"name":"wp","href":"https:\/\/api.w.org\/{rel}","templated":true}]}}