{"id":342,"date":"2008-09-02T22:59:52","date_gmt":"2008-09-02T20:59:52","guid":{"rendered":"http:\/\/blog.kaldkriips.ee\/?p=342"},"modified":"2008-09-07T18:23:42","modified_gmt":"2008-09-07T16:23:42","slug":"sugis-tuleb","status":"publish","type":"post","link":"https:\/\/www.kaldkriips.ee\/?p=342","title":{"rendered":"S\u00fcgis tuleb&#8230;&#8230;"},"content":{"rendered":"<p>\u00dcle pika aja oli meil \u00fcks v\u00e4ga m\u00f5nus n\u00e4dalal\u00f5pp. Tore seltskond, palju looduses veedetud aega ja tunne&#8230;..et elu on ilus :D<br \/>\nKui muidu kulgeb argip\u00e4ev pideva sahmimise saatel, siis n\u00e4dala l\u00f5pus k\u00e4is aeg t\u00e4iesti maha ja oli vaid rahu. Kui enamuse p\u00e4evast veedad metsades, loodust nautides, siis \u00fcsna selgelt hakkab terendama see tunne, kes ma olen ja kuhu ma kuulun. Oma mina  saab \u00fcles leitud.<\/p>\n<p><center><a href=\"\/pildid\/342\/IMG_0593.jpg\"><img decoding=\"async\" src=\"\/pildid\/342\/IMG_0593v.jpg\" alt=\"loodus\" \/><\/a><\/center><\/p>\n<p>Ilm soosis meid samuti ja kuigi karged hommikud panid esialgu \u00f5lgu v\u00e4ristama, siis veidi aja p\u00e4rast samblas \u00f5\u00f5tsudes tundsid, et soe tuleb sisse ning jalad saavad astumisest korraliku trenni. P\u00e4ike paitas pead ja samm sammult puges minusse tunne, kui v\u00e4he on ikkagi tarvis et tunda ennast \u00f5nnelikuna. Kui v\u00e4he on v\u00e4\u00e4rt igasugune maine vara ja kui palju on v\u00e4\u00e4rt hingerahu, puhas s\u00fcdametunnistus ja kallid inimesed. <\/p>\n<p><center><a href=\"\/pildid\/342\/IMG_0636.jpg\"><img decoding=\"async\" src=\"\/pildid\/342\/IMG_0636v.jpg\" alt=\"loodus\" \/><\/a><\/center><\/p>\n<p>Tegin k\u00f5ike seda, mida ammu pole saanud teha. Pildistasin s\u00fcdamest, loodust, loodust, loodust ja oma imelist t\u00fctart :)<br \/>\nS\u00f5in m\u00f5nuga pohli ja pistsin lapsele ka p\u00f5ske. Temal oli veidi raske seal samblas tatsata, aga vapper oli ta sellegipoolest.<br \/>\nJa seeni, s\u00f6\u00f6davaid ja mittes\u00f6\u00f6davaid&#8230;&#8230;..j\u00e4i palju pildile ning puravikke, kukeseeni sai ka talveks veidi s\u00fcgavk\u00fclma :)<\/p>\n<p><center><a href=\"\/pildid\/342\/IMG_0669.jpg\"><img decoding=\"async\" src=\"\/pildid\/342\/IMG_0669v.jpg\" alt=\"loodus\" \/><\/a><\/center><\/p>\n<p>Lapsega kodust v\u00e4ljas veedetud aeg on minule m\u00f5nus ja l\u00f5bus. Koduv\u00e4line keskkond on lapsele p\u00f5nev, palju on uurida ja k\u00f5ikjale saab pista oma pisikest teadmishimuslit nina. Ja looduses ei pea igal sammul \u00fctlema lapsele, \u00e4ra tee, ei tohi&#8230;..looduses on vabadust ja hingesuurust :)<\/p>\n<p><center><a href=\"\/pildid\/342\/IMG_0740.jpg\"><img decoding=\"async\" src=\"\/pildid\/342\/IMG_0740v.jpg\" alt=\"laps\" \/><\/a><\/center><\/p>\n","protected":false},"excerpt":{"rendered":"<p>\u00dcle pika aja oli meil \u00fcks v\u00e4ga m\u00f5nus n\u00e4dalal\u00f5pp. Tore seltskond, palju looduses veedetud aega ja tunne&#8230;..et elu on ilus :D Kui muidu kulgeb argip\u00e4ev pideva sahmimise saatel, siis n\u00e4dala l\u00f5pus k\u00e4is aeg t\u00e4iesti maha ja oli vaid rahu. Kui &hellip; <a href=\"https:\/\/www.kaldkriips.ee\/?p=342\">J\u00e4tka lugemist <span class=\"meta-nav\">&rarr;<\/span><\/a><\/p>\n","protected":false},"author":1,"featured_media":0,"comment_status":"open","ping_status":"open","sticky":false,"template":"","format":"standard","meta":{"footnotes":""},"categories":[1,5],"tags":[],"class_list":["post-342","post","type-post","status-publish","format-standard","hentry","category-1","category-mina-ise-ja-muud-loomad"],"_links":{"self":[{"href":"https:\/\/www.kaldkriips.ee\/index.php?rest_route=\/wp\/v2\/posts\/342"}],"collection":[{"href":"https:\/\/www.kaldkriips.ee\/index.php?rest_route=\/wp\/v2\/posts"}],"about":[{"href":"https:\/\/www.kaldkriips.ee\/index.php?rest_route=\/wp\/v2\/types\/post"}],"author":[{"embeddable":true,"href":"https:\/\/www.kaldkriips.ee\/index.php?rest_route=\/wp\/v2\/users\/1"}],"replies":[{"embeddable":true,"href":"https:\/\/www.kaldkriips.ee\/index.php?rest_route=%2Fwp%2Fv2%2Fcomments&post=342"}],"version-history":[{"count":0,"href":"https:\/\/www.kaldkriips.ee\/index.php?rest_route=\/wp\/v2\/posts\/342\/revisions"}],"wp:attachment":[{"href":"https:\/\/www.kaldkriips.ee\/index.php?rest_route=%2Fwp%2Fv2%2Fmedia&parent=342"}],"wp:term":[{"taxonomy":"category","embeddable":true,"href":"https:\/\/www.kaldkriips.ee\/index.php?rest_route=%2Fwp%2Fv2%2Fcategories&post=342"},{"taxonomy":"post_tag","embeddable":true,"href":"https:\/\/www.kaldkriips.ee\/index.php?rest_route=%2Fwp%2Fv2%2Ftags&post=342"}],"curies":[{"name":"wp","href":"https:\/\/api.w.org\/{rel}","templated":true}]}}