{"id":3409,"date":"2014-08-20T17:59:42","date_gmt":"2014-08-20T15:59:42","guid":{"rendered":"http:\/\/www.kaldkriips.ee\/?p=3409"},"modified":"2014-08-20T18:01:16","modified_gmt":"2014-08-20T16:01:16","slug":"ilmast","status":"publish","type":"post","link":"https:\/\/www.kaldkriips.ee\/?p=3409","title":{"rendered":"Ilmast"},"content":{"rendered":"<p>Viimastel p\u00e4evadel on olnud sellised paduvihmad, mida ma pole p\u00e4ris ammu enam n\u00e4inud. Kui tuleb vihmahoog, siis ikka selline nagu keegi kallaks taevav\u00e4ravatest suure \u00e4mbriga. Lisaks suur tuul ja sageli veel boonusena rahe. Ma siis alati m\u00f5tlen k\u00f5ikide nende ilusate lillede peale, mis inimestel aedades \u00f5itsevad&#8230;.ja loodan, et nad elavad looduse kiusu \u00fcle.<br \/>\n \u00c4ikestki jagatakse meile viimasel ajal ohtralt. Kui muidu ikka seostad \u00e4ikest palava ilmaga, et noh hautaski \u00f5htuks \u00e4ikest meile, siis&#8230;n\u00fc\u00fcd hakkab m\u00fcristama ja s\u00e4hvima vahest juba hommikul ja \u00f5ues on t\u00e4iesti k\u00fclm.<br \/>\nKoer on vanaduses m\u00f5tlema hakanud. Ilmselt lesib siin p\u00e4eval ja m\u00f5tiskleb elu \u00fcle j\u00e4rele. Vanasti ta ei kartnud \u00fchtegi pauku. Peale \u00fchte  \u00f5nnetut, n\u00f5medat ehmatamist  hakkas pauku kartma &#8211; seega ka \u00e4ikest. N\u00fc\u00fcd otsustas vanake hakata kartma veel vihmagi. T\u00f5en\u00e4oliselt on ta endale p\u00e4he v\u00f5tnud, et kui hakkab sadama, siis k\u00fcllap ka m\u00fcristama. No ja ongi n\u00fc\u00fcd nii, et kui \u00f5ues hakkab vihma krabistama, jookseb koer paanikas m\u00f6\u00f6da tube, et kuhu voodisse saaks kiirelt h\u00fcpata peitu. Miks voodis temameelest turvalisem on, seda ma ei tea. <\/p>\n<p>Kas on veel kellelgi m\u00f5ni koer, kes kardab vihma???<\/p>\n<p>Laps mul t\u00e4na siin \u00fcritab juba mitmendat korda \u00f5ue minna naabrimutikese lapselapsega&#8230;v\u00e4ga ei \u00f5nnestu. Saab aga riidesse ja \u00f5ue, kui j\u00e4lle tuleb suur \u00e4mbrit\u00e4is taevast alla. Veidi aja eest k\u00e4isingi teda naabertrepikojast vihmavarjuga p\u00e4\u00e4stmas. L\u00e4ks s\u00f5brannat \u00f5ue kutsuma ja j\u00e4i sinna trepikotta vihmavangi. S\u00f5brannal on karm kord &#8211; k\u00fclla ei lubata, k\u00fclalisi ei lubata, maja peale saali ka ei lubata. Ainult \u00f5ues tohivad m\u00e4ngida. Jube nukker, kui \u00f5ues sajune ilm. Lapsed saavad kokku harva, sest s\u00f5branna elab Tallinnas ja siis tahaks ju ometi koos m\u00e4ngida, kui ta siia satub. <\/p>\n<p>Iseenda seisukohast on vahest p\u00e4ris hea, kui \u00f5ues sajab. No mitte liiga palju loomulikult. N\u00e4iteks t\u00f6\u00f6le minna ja t\u00f6\u00f6lt tulla rattaga mulle vihmaga v\u00e4ga ei meeldi. M\u00f5ni p\u00e4ev tagasi  sain koju s\u00f5ites \u00fcsna m\u00e4rjaks. Kuiv oli vaid see osa, mis  veekindla purjetamisjope alla j\u00e4\u00e4b. Koju j\u00f5udes tuli m\u00f6\u00f6da nina alla pikk veenire, teksad olid kintsudest hammastega kinni hakanud ja kingad korralikult ennast vett t\u00e4is kaaninud. Eile hommikul aga meil Kirkega vedas, sest enne suurt raju j\u00f5udsime napilt t\u00f6\u00f6le ja otse s\u00fcnnip\u00e4evalauda. Kes kolleegidest t\u00f6\u00f6le hiljaks j\u00e4i, j\u00e4id juba vihma k\u00e4tte.<br \/>\n Kui ma kodus t\u00f6\u00f6d teen, \u00f5mblen v\u00f5i t\u00f6\u00f6tlen pilte, siis mulle vihm meeldib. Ei ole kiusatust \u00f5ue minna ja kuidagi m\u00f5nus on askeldada. Vikerkaar meeldib mulle ka. Seda ilma vihmata ei saa h\u00e4sti. P\u00e4ris mitmel p\u00e4eval oleme siin lapsega koos imetlenud \u00fcle meie maja kulgevat eredat vikerkaart ja vahest lausa topeltkaart. <\/p>\n<p>Uurisin ilmateadet&#8230;.ega me vihmast l\u00e4hin\u00e4dalatel v\u00e4ga ei p\u00e4\u00e4se. Mul \u00f5nneks praegu tubast t\u00f6\u00f6d k\u00f5vasti, aga kuu l\u00f5puks ma n\u00fc\u00fcd siis tellin v\u00e4ga ilusat ilma. On kohe mitu, mitu p\u00f5hjust!<\/p>\n<p>Alles eelmisel n\u00e4dalal oli nii soe, et laps m\u00e4ngis r\u00f5dul koos koeraga laevade ujutamist &#8230;praegu nuusutame juba tasakesi l\u00e4henevat v\u00e4rvilist s\u00fcgist.<\/p>\n<p><center><a href=\"\/pildid\/1111\/IMG_8379.jpg\"><img decoding=\"async\" src=\"\/pildid\/1111\/IMG_8379.jpg\" alt=\"r\u00f5dul\" \/><\/a><\/center><\/p>\n<p><center><a href=\"\/pildid\/1111\/IMG_8381.jpg\"><img decoding=\"async\" src=\"\/pildid\/1111\/IMG_8381.jpg\" alt=\"r\u00f5dul\" \/><\/a><\/center><\/p>\n","protected":false},"excerpt":{"rendered":"<p>Viimastel p\u00e4evadel on olnud sellised paduvihmad, mida ma pole p\u00e4ris ammu enam n\u00e4inud. Kui tuleb vihmahoog, siis ikka selline nagu keegi kallaks taevav\u00e4ravatest suure \u00e4mbriga. Lisaks suur tuul ja sageli veel boonusena rahe. Ma siis alati m\u00f5tlen k\u00f5ikide nende ilusate &hellip; <a href=\"https:\/\/www.kaldkriips.ee\/?p=3409\">J\u00e4tka lugemist <span class=\"meta-nav\">&rarr;<\/span><\/a><\/p>\n","protected":false},"author":1,"featured_media":0,"comment_status":"open","ping_status":"open","sticky":false,"template":"","format":"standard","meta":{"footnotes":""},"categories":[5],"tags":[],"class_list":["post-3409","post","type-post","status-publish","format-standard","hentry","category-mina-ise-ja-muud-loomad"],"_links":{"self":[{"href":"https:\/\/www.kaldkriips.ee\/index.php?rest_route=\/wp\/v2\/posts\/3409"}],"collection":[{"href":"https:\/\/www.kaldkriips.ee\/index.php?rest_route=\/wp\/v2\/posts"}],"about":[{"href":"https:\/\/www.kaldkriips.ee\/index.php?rest_route=\/wp\/v2\/types\/post"}],"author":[{"embeddable":true,"href":"https:\/\/www.kaldkriips.ee\/index.php?rest_route=\/wp\/v2\/users\/1"}],"replies":[{"embeddable":true,"href":"https:\/\/www.kaldkriips.ee\/index.php?rest_route=%2Fwp%2Fv2%2Fcomments&post=3409"}],"version-history":[{"count":8,"href":"https:\/\/www.kaldkriips.ee\/index.php?rest_route=\/wp\/v2\/posts\/3409\/revisions"}],"predecessor-version":[{"id":3417,"href":"https:\/\/www.kaldkriips.ee\/index.php?rest_route=\/wp\/v2\/posts\/3409\/revisions\/3417"}],"wp:attachment":[{"href":"https:\/\/www.kaldkriips.ee\/index.php?rest_route=%2Fwp%2Fv2%2Fmedia&parent=3409"}],"wp:term":[{"taxonomy":"category","embeddable":true,"href":"https:\/\/www.kaldkriips.ee\/index.php?rest_route=%2Fwp%2Fv2%2Fcategories&post=3409"},{"taxonomy":"post_tag","embeddable":true,"href":"https:\/\/www.kaldkriips.ee\/index.php?rest_route=%2Fwp%2Fv2%2Ftags&post=3409"}],"curies":[{"name":"wp","href":"https:\/\/api.w.org\/{rel}","templated":true}]}}