{"id":3346,"date":"2014-08-22T08:23:06","date_gmt":"2014-08-22T06:23:06","guid":{"rendered":"http:\/\/www.kaldkriips.ee\/?p=3346"},"modified":"2014-08-22T08:33:38","modified_gmt":"2014-08-22T06:33:38","slug":"lastega-on-lobus-ja-muudest-asjadest","status":"publish","type":"post","link":"https:\/\/www.kaldkriips.ee\/?p=3346","title":{"rendered":"Lastega on l\u00f5bus ja muudest asjadest"},"content":{"rendered":"<p>Suvi on ikka selleks, et l\u00f5butseda ja nagu ma ennegi olen maininud, siis teen k\u00fcll kogu aeg t\u00f6\u00f6d, aga v\u00f5tan endale aega teha koos lastega k\u00f5ike seda, mida suvel on hea teha ja lausa peab tegema.<br \/>\nLugesin hiljuti oma keskmise lapse algklassides kirjutatud jutukest, mille ta oli kirjutanud omajoonistatud perepildi taha. Viimane lause oli &#8211;  sooviks, et ema teeks v\u00e4hem t\u00f6\u00f6d ja oleks rohkem kodus. Jaa, valus t\u00f5demus, et suur osa lapsevanema ajast lendab t\u00f6\u00f6tegemise t\u00e4he all, et ellu j\u00e4\u00e4da&#8230;.eks noorimgi praegu n\u00e4eb sageli ema just t\u00f6\u00f6d tegemas ja sellep\u00e4rast ma p\u00fc\u00fcangi igat vaba hetke p\u00fchendada lastele. Eks nad kasvavad ise ka, aga ma ei tahaks t\u00f5deda \u00fchel p\u00e4eval, et nende lapsep\u00f5lve ma ei n\u00e4inudki ja lastel pole mida emaga koos tegemistest meenutada ja ema pole midagi neile \u00f5petanud.<br \/>\nVanima lapse jaoks oli mul ehk k\u00f5ige lahedamalt aega, sest tema suurim lapseiga j\u00e4i nn n\u00f5ukaaega ja siis oli kuidagi aega enda jaoks rohkem. Kui olin lapsepuhkusel, siis olingi lapsepuhkusel, mitte ei teinud t\u00f6\u00f6d, et oleks millest elada. Peale t\u00f6\u00f6d polnud vaja ka enamasti teha veel t\u00f6\u00f6d, nagu praegu.  Tol ajal polnud k\u00fcll nii palju lustimisv\u00f5imalusi v\u00e4ljapool kodu, aga see eest veetsime me n\u00e4iteks iga suvi kuni minu t\u00f6\u00f6leminekuni kuu aega Narvas minu vanemate juures ja siis ma vedasin last sisuliselt iga p\u00e4ev Narva &#8211; J\u00f5esuu imelisse randa mere \u00e4\u00e4rde ja kodu oli meil j\u00f5e \u00e4\u00e4res. Ja k\u00fcll oli lapsel tore veeta aega koos vanavanematega, keda enamus aastast ei saanud ju n\u00e4ha. Minu isa on siiani tema m\u00e4lus see vanaisa, kes temaga autodega laua all m\u00e4ngis. Kahjuks l\u00e4ks see superlahe vanaisa manalateed juba siis, kui vanem laps oli 7 aastaseks saanud ja teine laps vaid m\u00f5ne kuune. Niisama koosolemise aega oli meil ka k\u00f5vasti, kuni s\u00fcndis v\u00e4ikevend ja selleks ajaks oli vanim juba koolilaps.<br \/>\nKeskmise lapse lapsep\u00f5lv j\u00e4i sellesse aega, kus tuli Eesti vabariik ja kroon. Esilagu oli meil keeruline, aga kosusime ja sai lastega juba m\u00e4rksa rohkem ette v\u00f5tta. \u00dcks hetk, kui ta oli kuskil 5-ne ja vanem 12, tegin oma firma ja&#8230;.see ongi ilmselt see aeg, millep\u00e4rast laps soovis, et ema oleks rohkem kodus. Kes teab, mis on oma \u00e4ri viieliikmelise pere ja k\u00f5rgkooli k\u00f5rvalt, kui \u00e4ri osad asuvad eri linnades&#8230;siis teab, millest ma r\u00e4\u00e4gin. Samas j\u00e4i sellesse aega meil ka palju reise ja toredaid k\u00e4imisi.<br \/>\nNoorimaga on j\u00e4lle k\u00f5ik asjad isemoodi. Ma k\u00fcll olen pidevalt rakkes, aga laps on minuga koos igal pool sabas. Niiet eks teeme t\u00f6\u00f6d ja oleme koos. Jah, eks seda aega tahaks ikka pisut rohkem, et ma saaks n\u00e4iteks \u00f5petada last maalima v\u00f5i \u00f5petaks midagi huvitavat veel tegema. Igatahes on nii, nagu on ja meil on tore. Kui p\u00e4eval on olnud v\u00e4he aega r\u00e4\u00e4kimiseks, teeme seda enne und. R\u00e4gime k\u00f5igest. Mis on teinud r\u00f5\u00f5mu, mis tuska, mis on l\u00e4inud h\u00e4sti, mis halvasti, mida saaks paremini teha, mida oleme l\u00f5ppevas p\u00e4evas \u00f5ppinud ja mille \u00fcle lihtsalt \u00f5nnelikud.<br \/>\nK\u00f5ige selle kokkuv\u00f5tteks aga j\u00f5uan j\u00e4lle sinna, et kui v\u00e4\u00e4rtuslik on mulle see aeg, mil saan midagi koos lastega ette v\u00f5tta v\u00f5i siis lihtsalt istuda ja r\u00e4\u00e4kida maailma asjadest. Lisaboonuseks on see, kui meie tegemistesse on kaasatud ka vanemad &#8220;lapsed&#8221;, sest nendega on juba paras tegu kokku saada, kui igal on oma elu. Ma olen nendele suurtele &#8220;lastele&#8221; siiralt t\u00e4nulik, et nad leiavad aega ja tahavad koos minu ja v\u00e4ike\u00f5ega koos aega veeta. <\/p>\n<p>T\u00e4naseks on augustikuu juba vaikselt \u00fcle poole tiksunud. \u00d5ues oli hommikul nii jahe, et s\u00f5itsin  rattaga t\u00f6\u00f6le jope seljas. Palav ei hakanud. Huvitaval kombel mind see jahedus ei sega, sest puhkuse ajal olid nii soojad ilmad, et akud said kenasti laetud ja selline m\u00f5nus jahedapoolne ilm sobib mulle hiigelh\u00e4sti just praegu, kui peab p\u00e4eviti olema juba 8 tundi ruumis t\u00f6\u00f6l. Hommikuti t\u00f6\u00f6le s\u00f5ites vaatan ringi, et m\u00e4rgata looduse tasast muutumist ja m\u00f5elda ilusaid m\u00f5tteid. Ma ei m\u00f5tle ennast veel \u00fcldse ruumi pildistama, kuigi kevadel soetatud uus fototehnika on selle k\u00f5vasti lihtsamaks teinud. Ikka tahan veel olla v\u00e4ljas. P\u00fc\u00fcdmas s\u00fcgisesi madalaid p\u00e4ikesekiiri, kastem\u00e4rga rohtu, punavaid pihlamarju ja ehedaid emotsioone. Ja ma tahan alati v\u00f5tta aega, et seda k\u00f5ike nautida. Aeg, on \u00fcks oluline v\u00f5tmes\u00f5na minu fotosessioonidel. Kes minuga koos tahavad pildistamist nautida, neil pole m\u00f5tet planeerida endale tunnikest  vaid just nii palju, kui meil seda aega tarvis l\u00e4heb. Ma ei kuulu nende fotograafide hulka, kes teevad fotosessioone ajalise t\u00e4psusega, sest mulle on olulised muud asjad. Ma ei taha kammitseda ei ennast ei pildistatavat ajaraamidesse, vaid v\u00f5tan just nii palju aega, et inimene l\u00e4heks lahti ja tunneks ennast m\u00f5nusalt ja kui meie koost\u00f6\u00f6 klapib, kui tekib see m\u00f5nus s\u00fcnergia, siis t\u00f5epoolest &#8211;  pildistame v\u00f5i \u00f6\u00f6ni. S\u00f5ltuda saab ehk vaid m\u00f5ne kindla koha ajalisest piirangust v\u00f5i ilma seatud \u00fcllatustest.<br \/>\nNii ma siis s\u00f5idangi hommikuti ja \u00f5htuti rattaga t\u00f6\u00f6le &#8211; koju ning m\u00f5tlen m\u00f5tteid, genereerin ideid ja lasen fantaasial lennata. Naeratamiseks on p\u00f5hjuseid k\u00fcll ja enam. Iga p\u00e4ev. Eriti veel siis, kui<br \/>\n  peale suviseid pildistamisi tulevad telefonile klientidelt armsad t\u00e4nus\u00f5nad&#8230;..vahest lausa \u00f6\u00f6sel :). K\u00fcllap on nad siis p\u00e4eval postit\u00e4di toodud \u00fcmbriku cd-ga k\u00e4tte saanud. Eriti armsad on s\u00f5nad &#8211;  j\u00e4rgmise taaskohtumiseni :) Eks need head emotsioonid tulevadki siis, kui teed oma asju s\u00fcdamega. Olgu see siis mis tegevus tahes. <\/p>\n<p>\u00dchel suvisel h\u00e4sti palaval p\u00e4eval s\u00f5itsime Kirkega hommikul vara linna, et teha \u00f5htuni koos midagi p\u00f5nevat. Vanem poeg oma perega oli maal puhkust veetmas, noorem oma t\u00fcdrukuga oli parasjagu pealinnas. Nii me siis kambakesi v\u00f5tsime ette k\u00e4igu <a href=\"http:\/\/www.energiakeskus.ee\/\">Energiakeskusesse.<\/a> Sinna oli mul plaanis minna juba p\u00e4ris ammu, sest seal t\u00f6\u00f6tas ka mu kunagine \u00fclikooliaegne \u00f5ppej\u00f5ud, kes ikka kutsus sinna majja. J\u00f5udsime siiski seda toredat keskust vaatama alles n\u00fc\u00fcd. Keskus tegi hiljuti l\u00e4bi t\u00f5sise uuenduskuuri ja paistab, et see koht on populaarne nii eestlaste kui ka v\u00e4lisk\u00fclaliste seas. Rahvast oli seal igatahes k\u00f5vasti ja teada saime me kohe p\u00e4ris palju uut ja huvitavat. No v\u00e4hemalt meie seltskonna naised :D F\u00fc\u00fcsikat \u00f5ppiv noormees teab meist sel alal ilmselgelt rohkem ja meil oli muidugi hea tema k\u00e4est k\u00f5ike k\u00fcsida, millest me ise sotti ei saanud. Oo, ja \u00f5ues valitseva p\u00f5rgukuumuse eest oli see v\u00e4gagi meeldiv pelgupaik. Igatahes veetsime Energiakeskuses v\u00e4ga huvitavad tunnid ja julgen seda kohta soojalt soovitada. Huvitav endale ja ka 7-sele lapsele. Eriti huvitavaks teeb  k\u00fclastuse see, et seal on v\u00f5imalik v\u00e4ga palju asju ise proovida ja katsetada. <\/p>\n<p><center><a href=\"\/pildid\/1107\/IMG_7190.jpg\"><img decoding=\"async\" src=\"\/pildid\/1107\/IMG_7190.jpg\" alt=\"energiakeskus\" \/><\/a><\/center><\/p>\n<p>Enne sisenemist<\/p>\n<p><center><a href=\"\/pildid\/1202\/IMG_7190.jpg\"><img decoding=\"async\" src=\"\/pildid\/1107\/IMG_7202.jpg\" alt=\"energiakeskus\" \/><\/a><\/center><\/p>\n<p>K\u00f5ik videoesitlused kaevandustest vaatasime \u00fcle<\/p>\n<p><center><a href=\"\/pildid\/1107\/IMG_7213.jpg\"><img decoding=\"async\" src=\"\/pildid\/1107\/IMG_7213.jpg\" alt=\"energiakeskus\" \/><\/a><\/center><\/p>\n<p>V\u00e4lguv\u00e4rgi vaatasime samuti \u00fcle<\/p>\n<p><center><a href=\"\/pildid\/1107\/IMG_7220.jpg\"><img decoding=\"async\" src=\"\/pildid\/1107\/IMG_7220.jpg\" alt=\"energiakeskus\" \/><\/a><\/center><\/p>\n<p>K\u00f5iki stende uuriti t\u00f5sise n\u00e4oga ja p\u00f5hjalikult<\/p>\n<p><center><a href=\"\/pildid\/1107\/IMG_7225.jpg\"><img decoding=\"async\" src=\"\/pildid\/1107\/IMG_7225.jpg\" alt=\"energiakeskus\" \/><\/a><\/center><\/p>\n<p>Ja v\u00e4ndata tuli nii, et keel suust v\u00e4ljas &#8211; muidu ei l\u00e4inud pirn ju p\u00f5lema :)<\/p>\n<p><center><a href=\"\/pildid\/1107\/IMG_7232.jpg\"><img decoding=\"async\" src=\"\/pildid\/1107\/IMG_7232.jpg\" alt=\"energiakeskus\" \/><\/a><\/center><\/p>\n<p>Laps oli nii \u00f5hinas k\u00f5ige uurimisega ja lugemisega, et ega ta pildistavat ema enam m\u00e4rganudki&#8230;<\/p>\n<p><center><a href=\"\/pildid\/1107\/IMG_7235.jpg\"><img decoding=\"async\" src=\"\/pildid\/1107\/IMG_7235.jpg\" alt=\"energiakeskus\" \/><\/a><\/center><\/p>\n<p>Teadusteatri ukse taga k\u00e4isime \u00e4ra, aga teatrit seekord ei n\u00e4idatud<\/p>\n<p><center><a href=\"\/pildid\/1107\/IMG_7248.jpg\"><img decoding=\"async\" src=\"\/pildid\/1107\/IMG_7248.jpg\" alt=\"energiakeskus\" \/><\/a><\/center><\/p>\n<p>Peeglitega sai palju nalja<\/p>\n<p><center><a href=\"\/pildid\/1107\/IMG_7265.jpg\"><img decoding=\"async\" src=\"\/pildid\/1107\/IMG_7265.jpg\" alt=\"energiakeskus\" \/><\/a><\/center><\/p>\n<p>See toru, kuhu sai &#8221; uhhuu&#8221; teha, oli ilmatuma pikk, aga heli j\u00f5udis k\u00f5rva tagasi ikka v\u00e4ga ruttu.<\/p>\n<p><center><a href=\"\/pildid\/1107\/IMG_7272.jpg\"><img decoding=\"async\" src=\"\/pildid\/1107\/IMG_7272.jpg\" alt=\"energiakeskus\" \/><\/a><\/center><\/p>\n<p>Palju Kirkesi<\/p>\n<p><center><a href=\"\/pildid\/1107\/IMG_7283.jpg\"><img decoding=\"async\" src=\"\/pildid\/1107\/IMG_7283.jpg\" alt=\"energiakeskus\" \/><\/a><\/center><\/p>\n<p>ja palju suuri lapsi<\/p>\n<p><center><a href=\"\/pildid\/1107\/IMG_7300.jpg\"><img decoding=\"async\" src=\"\/pildid\/1107\/IMG_7300.jpg\" alt=\"energiakeskus\" \/><\/a><\/center><\/p>\n<p>Kui ennast pildistada, saab n\u00e4ha, mis temperatuuriga ja kus on sul k\u00f5ige soojamed kehaosad. Igatahes fotokas oli jahe :P<\/p>\n<p>Kui meil Energiakeskuses k\u00f5ik risti ja p\u00f5iki sai \u00fcle vaadatud, tuli l\u00f5puks m\u00f5nusast jahedusest tagasi \u00fclipalavasse linna sukelduda. Tegime otsuse, et ronime linnahalli katusele maailma kaema ja n\u00e4gime suurt \u00f5hupalli&#8230;ei olnud sinine, aga siiski&#8230;taevas ju oli :)<\/p>\n<p><center><a href=\"\/pildid\/1107\/IMG_7311-2.jpg\"><img decoding=\"async\" src=\"\/pildid\/1107\/IMG_7311-2.jpg\" alt=\"energiakeskus\" \/><\/a><\/center><\/p>\n<p>Pojale meeldisid hirmsasti k\u00f5ik kaldpinnad istumiseks ja ronimiseks&#8230;.no ja ega ema s\u00fcda siis v\u00e4ga h\u00f5isanud. Emad ju ikka soovivad vahest, et lapsed k\u00e4iks turvaliselt kahe jalaga maa peal, kuid&#8230;.las nad siiski julgevad ja v\u00f5tavad veidi riske. Elu on ju p\u00f5nev! Kui me sel muretsemise teemal r\u00e4\u00e4kisime, siis tuli v\u00e4lja, et ega temagi enam murevabalt ela, tema muretsevat v\u00e4ike\u00f5e p\u00e4rast. Tuleb v\u00e4lja et ei peagi endal alati lapsed olema, et m\u00f5ista ema s\u00fcdant:)<\/p>\n<p><center><a href=\"\/pildid\/1107\/IMG_7314.jpg\"><img decoding=\"async\" src=\"\/pildid\/1107\/IMG_7314.jpg\" alt=\"energiakeskus\" \/><\/a><\/center><\/p>\n<p>Ja vennaga keerutada oli nii l\u00f5bus<\/p>\n<p><center><a href=\"\/pildid\/1107\/IMG_7323.jpg\"><img decoding=\"async\" src=\"\/pildid\/1107\/IMG_7323.jpg\" alt=\"energiakeskus\" \/><\/a><\/center><\/p>\n<p>ja tugevusproovi tehti samuti. On j\u00f5udu k\u00fcll tirtsul.<\/p>\n<p><center><a href=\"\/pildid\/1107\/IMG_7325.jpg\"><img decoding=\"async\" src=\"\/pildid\/1107\/IMG_7325.jpg\" alt=\"energiakeskus\" \/><\/a><\/center><\/p>\n<p>K\u00f5rgelt linnahalli katuselt olid kenasti n\u00e4ha kaks suurt kruiisilaeva. Ilusad ja v\u00e4gevad. Nad on seal k\u00f5rvuti, tuleb h\u00e4sti hoolega vaadata.<\/p>\n<p><center><a href=\"\/pildid\/1107\/IMG_7310.jpg\"><img decoding=\"async\" src=\"\/pildid\/1107\/IMG_7310.jpg\" alt=\"energiakeskus\" \/><\/a><\/center><\/p>\n<p>Peale l\u00f5busat ajaveetmist jalutasime koos kesklinna, kus noored l\u00e4ksid oma s\u00f5pradega kinno ja meie Kirkega suundusime Pirita randa ujuma. Kui ilm ilus, siis me kasutasime alati igat v\u00f5imalust, et ennast kuskil vette kasta. Randa j\u00f5udes selgus aga t\u00f5siasi, et&#8230;merel on \u00e4ike :) Ilm \u00f5nneks oli soe ja vesi oli samuti soe ning  \u00fcks t\u00fchine merel kauguses olev \u00e4ike meid ei heidutanud. Paremal all nurgas suundubki tips ujuma.<\/p>\n<p><center><a href=\"\/pildid\/1107\/IMG_7328.jpg\"><img decoding=\"async\" src=\"\/pildid\/1107\/IMG_7328.jpg\" alt=\"energiakeskus\" \/><\/a><\/center><\/p>\n<p>Enne, kui ma ise laintesse sukeldusin, oli pilt rannas juba selline, nagu alloleval fotol n\u00e4ha. Ilus oli. Tegin kiirelt pildi ja sain joosta ujuma. Ei julenud v\u00e4ga kauaks j\u00e4\u00e4da sellise \u00e4hvardava taevaga. Varsti p\u00f5genesime kiirelt rannast linna tagasi ja seal polnud enam pilvedest haisugi. Ilus p\u00e4ev sai j\u00e4tkuda.  <\/p>\n<p><center><a href=\"\/pildid\/1107\/IMG_7331.jpg\"><img decoding=\"async\" src=\"\/pildid\/1107\/IMG_7331.jpg\" alt=\"energiakeskus\" \/><\/a><\/center><\/p>\n<p>Magamise ajaks j\u00f5udsime kenasti koju tagasi ja ise olime hirmus \u00f5nnelikud kordal\u00e4inud p\u00e4evast.<\/p>\n","protected":false},"excerpt":{"rendered":"<p>Suvi on ikka selleks, et l\u00f5butseda ja nagu ma ennegi olen maininud, siis teen k\u00fcll kogu aeg t\u00f6\u00f6d, aga v\u00f5tan endale aega teha koos lastega k\u00f5ike seda, mida suvel on hea teha ja lausa peab tegema. Lugesin hiljuti oma keskmise &hellip; <a href=\"https:\/\/www.kaldkriips.ee\/?p=3346\">J\u00e4tka lugemist <span class=\"meta-nav\">&rarr;<\/span><\/a><\/p>\n","protected":false},"author":1,"featured_media":0,"comment_status":"open","ping_status":"open","sticky":false,"template":"","format":"standard","meta":{"footnotes":""},"categories":[5],"tags":[],"class_list":["post-3346","post","type-post","status-publish","format-standard","hentry","category-mina-ise-ja-muud-loomad"],"_links":{"self":[{"href":"https:\/\/www.kaldkriips.ee\/index.php?rest_route=\/wp\/v2\/posts\/3346"}],"collection":[{"href":"https:\/\/www.kaldkriips.ee\/index.php?rest_route=\/wp\/v2\/posts"}],"about":[{"href":"https:\/\/www.kaldkriips.ee\/index.php?rest_route=\/wp\/v2\/types\/post"}],"author":[{"embeddable":true,"href":"https:\/\/www.kaldkriips.ee\/index.php?rest_route=\/wp\/v2\/users\/1"}],"replies":[{"embeddable":true,"href":"https:\/\/www.kaldkriips.ee\/index.php?rest_route=%2Fwp%2Fv2%2Fcomments&post=3346"}],"version-history":[{"count":54,"href":"https:\/\/www.kaldkriips.ee\/index.php?rest_route=\/wp\/v2\/posts\/3346\/revisions"}],"predecessor-version":[{"id":3426,"href":"https:\/\/www.kaldkriips.ee\/index.php?rest_route=\/wp\/v2\/posts\/3346\/revisions\/3426"}],"wp:attachment":[{"href":"https:\/\/www.kaldkriips.ee\/index.php?rest_route=%2Fwp%2Fv2%2Fmedia&parent=3346"}],"wp:term":[{"taxonomy":"category","embeddable":true,"href":"https:\/\/www.kaldkriips.ee\/index.php?rest_route=%2Fwp%2Fv2%2Fcategories&post=3346"},{"taxonomy":"post_tag","embeddable":true,"href":"https:\/\/www.kaldkriips.ee\/index.php?rest_route=%2Fwp%2Fv2%2Ftags&post=3346"}],"curies":[{"name":"wp","href":"https:\/\/api.w.org\/{rel}","templated":true}]}}