{"id":3335,"date":"2014-08-14T18:32:54","date_gmt":"2014-08-14T16:32:54","guid":{"rendered":"http:\/\/www.kaldkriips.ee\/?p=3335"},"modified":"2014-08-15T09:48:16","modified_gmt":"2014-08-15T07:48:16","slug":"suve-lopp-ja-meestemoos","status":"publish","type":"post","link":"https:\/\/www.kaldkriips.ee\/?p=3335","title":{"rendered":"Suve l\u00f5pp ja meestemoos"},"content":{"rendered":"<p>Meil k\u00e4ivad juba teist aastat need kaks asja kenasti koos. Augusti keskpaik ja meestemoosi keetmine. Eile tegime valmis esimese portsu. Vanem poeg tuli oma perega k\u00fclla, ise hoidis meie v\u00e4ikest p\u00e4kapikupreilit ja minia aitas mul hakkida meestemoosi materjali. Nii sai k\u00f5ik vajalik potti \u00fcsna kiiresti. M\u00f5nusa t\u00f6\u00f6jaotusega. Mina kastsin keeduvette ja koorisin tomateid, Kaire ja Kirke hakkisid samal ajal paprika, t\u0161illikaunad ja k\u00fc\u00fcslaugu. Kuna meil beebi peres, siis aastaga on kogunenud ports suuremaid beebimehude purke. Nendesse on n\u00fc\u00fcd igavesti m\u00f5nus panna sisse seda head, v\u00fcrtsikat kastet. Retsepti ma uuesti kirjutama ei hakka, sest selle leiab \u00fchest <a href=\"http:\/\/www.kaldkriips.ee\/?p=2489\">eelmise aasta postitusest<\/a>. T\u00e4navune moos sai ikka \u00fcsna v\u00fcrtsikas. Poeg n\u00e4ris otsast \u00fchte t\u0161illikauna ja nentis, et pole tal teravust v\u00e4ga ollagi. Nii ma siis v\u00f5tsin ja lisasin T\u00fcrgist toodud kuivatatud t\u0161illipiprapuru&#8230;..j\u00e4rgmise laari teeme vist pisut v\u00e4hem v\u00fcrtsikama :)<\/p>\n<p><center><a href=\"\/pildid\/1105\/IMG_8352.jpg\"><img decoding=\"async\" src=\"\/pildid\/1105\/IMG_8352.jpg\" alt=\"moos\" \/><\/a><\/center><\/p>\n<p><center><a href=\"\/pildid\/1105\/IMG_8356.jpg\"><img decoding=\"async\" src=\"\/pildid\/1105\/IMG_8356.jpg\" alt=\"moos\" \/><\/a><\/center><\/p>\n","protected":false},"excerpt":{"rendered":"<p>Meil k\u00e4ivad juba teist aastat need kaks asja kenasti koos. Augusti keskpaik ja meestemoosi keetmine. Eile tegime valmis esimese portsu. Vanem poeg tuli oma perega k\u00fclla, ise hoidis meie v\u00e4ikest p\u00e4kapikupreilit ja minia aitas mul hakkida meestemoosi materjali. Nii sai &hellip; <a href=\"https:\/\/www.kaldkriips.ee\/?p=3335\">J\u00e4tka lugemist <span class=\"meta-nav\">&rarr;<\/span><\/a><\/p>\n","protected":false},"author":1,"featured_media":0,"comment_status":"open","ping_status":"open","sticky":false,"template":"","format":"standard","meta":{"footnotes":""},"categories":[5,8],"tags":[],"class_list":["post-3335","post","type-post","status-publish","format-standard","hentry","category-mina-ise-ja-muud-loomad","category-toidust-nii-ja-naa"],"_links":{"self":[{"href":"https:\/\/www.kaldkriips.ee\/index.php?rest_route=\/wp\/v2\/posts\/3335"}],"collection":[{"href":"https:\/\/www.kaldkriips.ee\/index.php?rest_route=\/wp\/v2\/posts"}],"about":[{"href":"https:\/\/www.kaldkriips.ee\/index.php?rest_route=\/wp\/v2\/types\/post"}],"author":[{"embeddable":true,"href":"https:\/\/www.kaldkriips.ee\/index.php?rest_route=\/wp\/v2\/users\/1"}],"replies":[{"embeddable":true,"href":"https:\/\/www.kaldkriips.ee\/index.php?rest_route=%2Fwp%2Fv2%2Fcomments&post=3335"}],"version-history":[{"count":2,"href":"https:\/\/www.kaldkriips.ee\/index.php?rest_route=\/wp\/v2\/posts\/3335\/revisions"}],"predecessor-version":[{"id":3337,"href":"https:\/\/www.kaldkriips.ee\/index.php?rest_route=\/wp\/v2\/posts\/3335\/revisions\/3337"}],"wp:attachment":[{"href":"https:\/\/www.kaldkriips.ee\/index.php?rest_route=%2Fwp%2Fv2%2Fmedia&parent=3335"}],"wp:term":[{"taxonomy":"category","embeddable":true,"href":"https:\/\/www.kaldkriips.ee\/index.php?rest_route=%2Fwp%2Fv2%2Fcategories&post=3335"},{"taxonomy":"post_tag","embeddable":true,"href":"https:\/\/www.kaldkriips.ee\/index.php?rest_route=%2Fwp%2Fv2%2Ftags&post=3335"}],"curies":[{"name":"wp","href":"https:\/\/api.w.org\/{rel}","templated":true}]}}