{"id":3251,"date":"2014-08-12T19:06:44","date_gmt":"2014-08-12T17:06:44","guid":{"rendered":"http:\/\/www.kaldkriips.ee\/?p=3251"},"modified":"2014-08-13T06:56:24","modified_gmt":"2014-08-13T04:56:24","slug":"jalutuskaik-terviserajal","status":"publish","type":"post","link":"https:\/\/www.kaldkriips.ee\/?p=3251","title":{"rendered":"Jalutusk\u00e4ik terviserajal"},"content":{"rendered":"<p>Meil on kodu l\u00e4hedal kooli taga \u00fcks tore terviserada, kus raja k\u00f5rval lookleb  Vigala j\u00f5gi ja on saviaugud. Selline tore ja \u00fcpriski pikk rada, kus liigub palju niisama jalutajaid ja tervisesportlasi. Meie saame sinna rajale tegelikult ka otse maja tagant minnes, aga seekord eelistasime pikemat teed ja sukeldusime rajale koolimaja k\u00f5rvalt.<br \/>\nLapsi oli sedakorda kodus kaks ja vastu \u00f5htut, peale s\u00f6\u00f6ki, s\u00fcndis otsus minna jalutama ning v\u00f5tta koergi kaasa. Oli selline suhteliselt tubaste tegevustega laup\u00e4ev ja \u00f5htuks hakkas tekkima parasjagu suur vajadus minna v\u00e4lja. Iseenesest oli see \u00fcks suur ime, et me juhtusime olema k\u00f5ik kodus ja veel laup\u00e4evasel p\u00e4eval. Seda juhtub ikka v\u00e4ga harva. Nii me siis l\u00e4ksimegi, jalutama.<br \/>\n Kirke teatas, et tema on saanud nii v\u00e4he kanda oma lasteaia l\u00f5petamise kleiti ja otsustas, et see on n\u00fc\u00fcd \u00f5ige asi, mida metsa minnes selga panna. Mis sa siis kostad. Ega kleit ei pea t\u00f5epoolest kapis seisma seni, kuni v\u00e4ikeseks j\u00e4\u00e4b. Arvestasin lihtsalt sellega, et koju j\u00f5udes v\u00f5ib sel olla m\u00f5ni plekk, aga lohutasin ennast, et \u00f5nneks on olemas plekieemaldusvahendid.<br \/>\nNii me siis l\u00e4ksime ja jalutasime ja mina tegin pilte. <\/p>\n<p><center><a href=\"\/pildid\/1101\/IMG_8080.jpg\"><img decoding=\"async\" src=\"\/pildid\/1101\/IMG_8080.jpg\" alt=\"koeraga \u00f5ues\" \/><\/a><\/center><\/p>\n<p><center><a href=\"\/pildid\/1101\/IMG_8082.jpg\"><img decoding=\"async\" src=\"\/pildid\/1101\/IMG_8082.jpg\" alt=\"koeraga \u00f5ues\" \/><\/a><\/center><\/p>\n<p>Nagu n\u00e4ha, suudab meie \u00fclienergiline koer vahest isegi paigal istuda.<\/p>\n<p><center><a href=\"\/pildid\/1101\/IMG_8084.jpg\"><img decoding=\"async\" src=\"\/pildid\/1101\/IMG_8084.jpg\" alt=\"koeraga \u00f5ues\" \/><\/a><\/center><\/p>\n<p>&#8230;ja valge kleidiga tuleb ju ometi puu otsa ronida :P Mis lapsep\u00f5lv see muidu ikka oleks.<\/p>\n<p><center><a href=\"\/pildid\/1101\/IMG_8088.jpg\"><img decoding=\"async\" src=\"\/pildid\/1101\/IMG_8088.jpg\" alt=\"koeraga \u00f5ues\" \/><\/a><\/center><\/p>\n<p><center><a href=\"\/pildid\/1101\/IMG_8090.jpg\"><img decoding=\"async\" src=\"\/pildid\/1101\/IMG_8090.jpg\" alt=\"koeraga \u00f5ues\" \/><\/a><\/center><\/p>\n<p>Sildu on sellel metsarajal p\u00e4ris mitmeid ja ega me vist \u00fchtegi vahele k\u00fcll ei j\u00e4tnud.<\/p>\n<p><center><a href=\"\/pildid\/1101\/IMG_8092.jpg\"><img decoding=\"async\" src=\"\/pildid\/1101\/IMG_8092.jpg\" alt=\"koeraga \u00f5ues\" \/><\/a><\/center><\/p>\n<p><center><a href=\"\/pildid\/1101\/IMG_8093.jpg\"><img decoding=\"async\" src=\"\/pildid\/1101\/IMG_8093.jpg\" alt=\"koeraga \u00f5ues\" \/><\/a><\/center><\/p>\n<p>Koeral k\u00e4is ikka keel vahepeal \u00fcle nina lipms ja limps, sest poja taskus olid koera kr\u00f5buskid, mis l\u00f5hnasid niiiii h\u00e4sti :P<\/p>\n<p><center><a href=\"\/pildid\/1101\/IMG_8100.jpg\"><img decoding=\"async\" src=\"\/pildid\/1101\/IMG_8100.jpg\" alt=\"koeraga \u00f5ues\" \/><\/a><\/center><\/p>\n<p><center><a href=\"\/pildid\/1101\/IMG_8101.jpg\"><img decoding=\"async\" src=\"\/pildid\/1101\/IMG_8101.jpg\" alt=\"koeraga \u00f5ues\" \/><\/a><\/center><\/p>\n<p><center><a href=\"\/pildid\/1101\/IMG_8119.jpg\"><img decoding=\"async\" src=\"\/pildid\/1101\/IMG_8119.jpg\" alt=\"koeraga \u00f5ues\" \/><\/a><\/center><\/p>\n<p>Kui enamus metsateid ja radu l\u00e4bi k\u00e4idud, panid lapsed ja koer silgates kooli k\u00f5rvale trenniplatsile. Ma isegi ei \u00fcritanud nendega v\u00f5istelda, kole kiired on.<\/p>\n<p><center><a href=\"\/pildid\/1101\/IMG_8121.jpg\"><img decoding=\"async\" src=\"\/pildid\/1101\/IMG_8121.jpg\" alt=\"koeraga \u00f5ues\" \/><\/a><\/center><\/p>\n<p>Jaaaaa&#8230;. ja trenniplatsi k\u00f5rval l\u00e4ks meie koer \u00fcle pika aja ujuma. Ma ei oska \u00f6elda, kas ta plaanis meile \u00f5htus\u00f6\u00f6giks parti tuua v\u00f5i p\u00fc\u00fcdis ta nendega s\u00f5braks saada, aga tundes tema iseloomu, eeldan ma siiski seda viimast varianti.<br \/>\nPardid ise aga eelistasid teha k\u00f5va kisa ja ujuda eemale.<\/p>\n<p><center><a href=\"\/pildid\/1101\/IMG_8131.jpg\"><img decoding=\"async\" src=\"\/pildid\/1101\/IMG_8131.jpg\" alt=\"koeraga \u00f5ues\" \/><\/a><\/center><\/p>\n<p>Oh, kui koer veest v\u00e4lja tuli, pidi Kirke jooksuga p\u00f5genema. Kes see ikka tahab j\u00e4\u00e4da selle veesaju alla, mida koer ennast raputades tekitab.<\/p>\n<p><center><a href=\"\/pildid\/1101\/IMG_8125.jpg\"><img decoding=\"async\" src=\"\/pildid\/1101\/IMG_8125.jpg\" alt=\"koeraga \u00f5ues\" \/><\/a><\/center><\/p>\n<p>Peale ujumist tuli koer siduda varbseina k\u00fclge kuivama.<\/p>\n<p><center><a href=\"\/pildid\/1101\/IMG_8133.jpg\"><img decoding=\"async\" src=\"\/pildid\/1101\/IMG_8133.jpg\" alt=\"koeraga \u00f5ues\" \/><\/a><\/center><\/p>\n<p>L\u00f5puks otsustasid lapsed trenni tegema hakata. Venna n\u00e4itas ette, \u00f5eke proovis teha j\u00e4rgi&#8230;<br \/>\nMinul k\u00e4sti ka vahepeal rippuda ja pulkipidi edasi liikuda k\u00e4te j\u00f5ul&#8230;.nooh, natuke jaksasin. Natuke :)<\/p>\n<p><center><a href=\"\/pildid\/1101\/IMG_8135.jpg\"><img decoding=\"async\" src=\"\/pildid\/1101\/IMG_8135.jpg\" alt=\"koeraga \u00f5ues\" \/><\/a><\/center><\/p>\n<p>Kui j\u00e4rgi teha ei \u00f5nnestunud, n\u00e4itas tirts vennale ette, kuidas ta kukerpalle teeb. Venna oma hoolivuses otsustas igaks juhuks ikka k\u00f5rval turvata, aga eks neid kukerpalle r\u00f6\u00f6baspuudel tehakse meil maja taga \u00fcsna tihedasti. Seega trenni tehtud juba k\u00fcll nende kukerpallidega.<\/p>\n<p><center><a href=\"\/pildid\/1101\/IMG_8136.jpg\"><img decoding=\"async\" src=\"\/pildid\/1101\/IMG_8136.jpg\" alt=\"koeraga \u00f5ues\" \/><\/a><\/center><\/p>\n<p><center><a href=\"\/pildid\/1101\/IMG_8139.jpg\"><img decoding=\"async\" src=\"\/pildid\/1101\/IMG_8139.jpg\" alt=\"koeraga \u00f5ues\" \/><\/a><\/center><\/p>\n<p>Kui lapsed ennast nagu kanad \u00f5rrele istuma settisid, et mina saaksin pilti teha, arvas koer, et tema peaks ka ikka kaadrisse h\u00fcppama&#8230;<\/p>\n<p><center><a href=\"\/pildid\/1101\/IMG_8143.jpg\"><img decoding=\"async\" src=\"\/pildid\/1101\/IMG_8143.jpg\" alt=\"koeraga \u00f5ues\" \/><\/a><\/center><\/p>\n<p>Ja k\u00e4es oligi kodutee. Enne maja ette j\u00f5udmist veel m\u00f5ned kuulekusharjutused&#8230;<\/p>\n<p><center><a href=\"\/pildid\/1101\/IMG_8147.jpg\"><img decoding=\"async\" src=\"\/pildid\/1101\/IMG_8147.jpg\" alt=\"koeraga \u00f5ues\" \/><\/a><\/center><\/p>\n<p>Nagu n\u00e4iteks maius nina peal hoidmine ja siis selle endale suhu lennutamine :)<\/p>\n<p>J\u00f5udsimegi koju tagasi. Koer tuli muidugi peale ujumist kodus kenasti \u00e4ra pesta, aga ta oli sellega vist \u00fcsna rahul. Peale seda k\u00f5ike oli meie varsti 11 aastane vanakene piisavalt v\u00e4sinud, et minna magama. Meie jaksasime veel isegi \u00fche lauam\u00e4ngu kampas teha.<br \/>\nIlus \u00f5htu oli.<\/p>\n<p>Kleit muide, j\u00e4i peaaegu puhtaks. Peaaegu :) \u00dche triibu sai ikka saba peale, aga see oli rohkem koera kapsaaeda, kes jooksis lapse tagant l\u00e4bi ja tema kaelarihm oli pisut mudane :) Puhastusvahend tegi puhtaks ja kleit on endiselt ilus ja valge ja puhas. Sellest moraal &#8211; valge kleidiga v\u00f5ib metsa minna k\u00fcll.<\/p>\n","protected":false},"excerpt":{"rendered":"<p>Meil on kodu l\u00e4hedal kooli taga \u00fcks tore terviserada, kus raja k\u00f5rval lookleb Vigala j\u00f5gi ja on saviaugud. Selline tore ja \u00fcpriski pikk rada, kus liigub palju niisama jalutajaid ja tervisesportlasi. Meie saame sinna rajale tegelikult ka otse maja tagant &hellip; <a href=\"https:\/\/www.kaldkriips.ee\/?p=3251\">J\u00e4tka lugemist <span class=\"meta-nav\">&rarr;<\/span><\/a><\/p>\n","protected":false},"author":1,"featured_media":0,"comment_status":"open","ping_status":"open","sticky":false,"template":"","format":"standard","meta":{"footnotes":""},"categories":[5],"tags":[],"class_list":["post-3251","post","type-post","status-publish","format-standard","hentry","category-mina-ise-ja-muud-loomad"],"_links":{"self":[{"href":"https:\/\/www.kaldkriips.ee\/index.php?rest_route=\/wp\/v2\/posts\/3251"}],"collection":[{"href":"https:\/\/www.kaldkriips.ee\/index.php?rest_route=\/wp\/v2\/posts"}],"about":[{"href":"https:\/\/www.kaldkriips.ee\/index.php?rest_route=\/wp\/v2\/types\/post"}],"author":[{"embeddable":true,"href":"https:\/\/www.kaldkriips.ee\/index.php?rest_route=\/wp\/v2\/users\/1"}],"replies":[{"embeddable":true,"href":"https:\/\/www.kaldkriips.ee\/index.php?rest_route=%2Fwp%2Fv2%2Fcomments&post=3251"}],"version-history":[{"count":15,"href":"https:\/\/www.kaldkriips.ee\/index.php?rest_route=\/wp\/v2\/posts\/3251\/revisions"}],"predecessor-version":[{"id":3266,"href":"https:\/\/www.kaldkriips.ee\/index.php?rest_route=\/wp\/v2\/posts\/3251\/revisions\/3266"}],"wp:attachment":[{"href":"https:\/\/www.kaldkriips.ee\/index.php?rest_route=%2Fwp%2Fv2%2Fmedia&parent=3251"}],"wp:term":[{"taxonomy":"category","embeddable":true,"href":"https:\/\/www.kaldkriips.ee\/index.php?rest_route=%2Fwp%2Fv2%2Fcategories&post=3251"},{"taxonomy":"post_tag","embeddable":true,"href":"https:\/\/www.kaldkriips.ee\/index.php?rest_route=%2Fwp%2Fv2%2Ftags&post=3251"}],"curies":[{"name":"wp","href":"https:\/\/api.w.org\/{rel}","templated":true}]}}