{"id":3208,"date":"2014-07-30T22:35:37","date_gmt":"2014-07-30T20:35:37","guid":{"rendered":"http:\/\/www.kaldkriips.ee\/?p=3208"},"modified":"2014-07-31T08:52:32","modified_gmt":"2014-07-31T06:52:32","slug":"kutsud","status":"publish","type":"post","link":"https:\/\/www.kaldkriips.ee\/?p=3208","title":{"rendered":"Kutsud"},"content":{"rendered":"<p>Kiisudest ma juba kirjutasin. Kutsudega on mul aga hoopis teised suhted.<br \/>\nLapsena ma igatsesin endale alati koera. Mingi aja meil oligi v\u00e4ike karvane valge koer, bolonkaks nimetati vist seda t\u00f5ugu. Tuti nimeks. Oli meil selline r\u00f5\u00f5mupall p\u00e4ris hulga aastaid, kuni leidis oma otsa mingi paha v\u00f5\u00f5ra k\u00e4e l\u00e4bi :( Igatahes \u00fchel p\u00e4eval oli meie kutsu kutu. See koer oli meil aga siis, kui ma hakkasin juba p\u00f5hikooli l\u00f5petama. Varem ma muudkui igatsesin koera, aga vanemad ei v\u00f5tnud. Tuti polnud otseselt minu koer ja erilist sidet mul seel\u00e4bi temaga ei tekkinud.<br \/>\n\u00dckskord, palju aega enne Tutit, leidsin hulkuva hundikoera ja v\u00f5tsin ta endale koju oma v\u00e4ikese lapse aruga. Tegin esikusse talle pesa ja puha. No ja siis tuli ema t\u00f6\u00f6lt ja algas suur pahandus :D Nojah, nagu arvata on, ei lubatud mul seda koera endale j\u00e4tta, kuigi minumeelest oli kutsa nii kurb ja koduta olemisega. Eks ma siis unistasin vahepeal edasi. Vahelduseks t\u00f5in tuppa \u00fche siili elama, aga see k\u00e4sti \u00f5ue tagasi viia.<br \/>\nOma esimese koera v\u00f5tsime t\u00e4iskasvanuelus aga varsti 11 aastat tagasi. Meie t\u00e4piline s\u00f5ber on olnud v\u00e4ga hea koer. See, et karvad ei l\u00f5pe kodus kunagi, et liiv ja muda tuleb alati tuppa, et igale poole kantakse suus vett laiali, et vahest s\u00fc\u00fcakse \u00e4ra m\u00f5ni tarviline asi v\u00f5i lapse nukk, et diivanid on 10 aastaga lihtsalt l\u00e4bi kulunud, et niikui sa tahad kasv\u00f5i kaheks p\u00e4evaks kodunt \u00e4ra minna, tuleb leida keegi, kes koera \u00f5ue viib ja s\u00fc\u00fca annab ja palju muud&#8230;see k\u00f5ik on vaid t\u00fchine asi selle k\u00f5rval, kui palju emotsionaalset r\u00f5\u00f5mu ta meile on toonud, kuidas ta on koos Kirkegas kasvanud ja teda hoidnud ja ka see, et kodu pole olnud kunagi t\u00fchi vaid alati ootab siin \u00fcks truu hing.<\/p>\n<p> N\u00fc\u00fcd on aeg sealmaal, et meie suur s\u00f5ber hakkab vanaks j\u00e4\u00e4ma. Vahest vaatad teda, et hing on veel nii noor, aga keha hakkab vaikselt j\u00e4rgi andma. Loodan, et k\u00f5ige hullem ei juhtu veel niipea, sest Kirke lubas juba, et siis ta nutab p\u00e4ris kaua aega. <\/p>\n<p>\u00dchel n\u00e4dalavahetusel k\u00e4isime vaatamas s\u00f5branna juures v\u00e4ikeseid kahekuiseid dalmaatslasi. Need on meie Carro lapselapsed. Tema t\u00fctre kutsikad. Enamus pesakonnast on leidnud endale juba uue kodu. Meie k\u00fclask\u00e4igu ajal oli neid seal veel j\u00e4rel 4, aga praeguseks on veel kaks t\u00e4pikut leidnud uue kodu. <\/p>\n<p>2 armsat pruunit\u00e4pilist dalmaatsalst ootavad aga endale armastavat perekonda ja lubavad olla r\u00f5\u00f5msameelsed ning toredad s\u00f5brad. Kui tead kedagi, kes sooviks endale sellist aktiivse eluviisiga s\u00f5pra v\u00f5i oled see inimene ise &#8211; v\u00f5ta \u00fchendust :)<\/p>\n<p><center><a href=\"\/pildid\/1096\/IMG_4411.jpg\"><img decoding=\"async\" src=\"\/pildid\/1096\/IMG_4411.jpg\" alt=\"koerad\" \/><\/a><\/center><\/p>\n<p><center><a href=\"\/pildid\/1096\/IMG_4421.jpg\"><img decoding=\"async\" src=\"\/pildid\/1096\/IMG_4421.jpg\" alt=\"koerad\" \/><\/a><\/center><\/p>\n<p><center><a href=\"\/pildid\/1096\/IMG_4423.jpg\"><img decoding=\"async\" src=\"\/pildid\/1096\/IMG_4423.jpg\" alt=\"koerad\" \/><\/a><\/center><\/p>\n<p><center><a href=\"\/pildid\/1096\/IMG_4424.jpg\"><img decoding=\"async\" src=\"\/pildid\/1096\/IMG_4424.jpg\" alt=\"koerad\" \/><\/a><\/center><\/p>\n<p><center><a href=\"\/pildid\/1096\/IMG_4427.jpg\"><img decoding=\"async\" src=\"\/pildid\/1096\/IMG_4427.jpg\" alt=\"koerad\" \/><\/a><\/center><\/p>\n<p><center><a href=\"\/pildid\/1096\/IMG_4428.jpg\"><img decoding=\"async\" src=\"\/pildid\/1096\/IMG_4428.jpg\" alt=\"koerad\" \/><\/a><\/center><\/p>\n<p><center><a href=\"\/pildid\/1096\/IMG_4410.jpg\"><img decoding=\"async\" src=\"\/pildid\/1096\/IMG_4410.jpg\" alt=\"koerad\" \/><\/a><\/center><\/p>\n","protected":false},"excerpt":{"rendered":"<p>Kiisudest ma juba kirjutasin. Kutsudega on mul aga hoopis teised suhted. Lapsena ma igatsesin endale alati koera. Mingi aja meil oligi v\u00e4ike karvane valge koer, bolonkaks nimetati vist seda t\u00f5ugu. Tuti nimeks. Oli meil selline r\u00f5\u00f5mupall p\u00e4ris hulga aastaid, kuni &hellip; <a href=\"https:\/\/www.kaldkriips.ee\/?p=3208\">J\u00e4tka lugemist <span class=\"meta-nav\">&rarr;<\/span><\/a><\/p>\n","protected":false},"author":1,"featured_media":0,"comment_status":"open","ping_status":"open","sticky":false,"template":"","format":"standard","meta":{"footnotes":""},"categories":[5],"tags":[],"class_list":["post-3208","post","type-post","status-publish","format-standard","hentry","category-mina-ise-ja-muud-loomad"],"_links":{"self":[{"href":"https:\/\/www.kaldkriips.ee\/index.php?rest_route=\/wp\/v2\/posts\/3208"}],"collection":[{"href":"https:\/\/www.kaldkriips.ee\/index.php?rest_route=\/wp\/v2\/posts"}],"about":[{"href":"https:\/\/www.kaldkriips.ee\/index.php?rest_route=\/wp\/v2\/types\/post"}],"author":[{"embeddable":true,"href":"https:\/\/www.kaldkriips.ee\/index.php?rest_route=\/wp\/v2\/users\/1"}],"replies":[{"embeddable":true,"href":"https:\/\/www.kaldkriips.ee\/index.php?rest_route=%2Fwp%2Fv2%2Fcomments&post=3208"}],"version-history":[{"count":7,"href":"https:\/\/www.kaldkriips.ee\/index.php?rest_route=\/wp\/v2\/posts\/3208\/revisions"}],"predecessor-version":[{"id":3216,"href":"https:\/\/www.kaldkriips.ee\/index.php?rest_route=\/wp\/v2\/posts\/3208\/revisions\/3216"}],"wp:attachment":[{"href":"https:\/\/www.kaldkriips.ee\/index.php?rest_route=%2Fwp%2Fv2%2Fmedia&parent=3208"}],"wp:term":[{"taxonomy":"category","embeddable":true,"href":"https:\/\/www.kaldkriips.ee\/index.php?rest_route=%2Fwp%2Fv2%2Fcategories&post=3208"},{"taxonomy":"post_tag","embeddable":true,"href":"https:\/\/www.kaldkriips.ee\/index.php?rest_route=%2Fwp%2Fv2%2Ftags&post=3208"}],"curies":[{"name":"wp","href":"https:\/\/api.w.org\/{rel}","templated":true}]}}