{"id":285,"date":"2007-11-15T00:22:09","date_gmt":"2007-11-14T22:22:09","guid":{"rendered":"http:\/\/blog.kaldkriips.ee\/?p=285"},"modified":"2008-02-20T21:38:23","modified_gmt":"2008-02-20T19:38:23","slug":"valge-pakk","status":"publish","type":"post","link":"https:\/\/www.kaldkriips.ee\/?p=285","title":{"rendered":"Valge pakk"},"content":{"rendered":"<p>Olen v\u00f5lgu \u00fche v\u00e4ikese lookese. Nimelt, hiljuti oli meil <a href=\"http:\/\/www.kullaketrajad.net\/index.php\">Kullakeste<\/a> foorumis armas pakivahetus. Teemaks-<a href=\"http:\/\/www.kullaketrajad.net\/viewtopic.php?id=908\">Valge pakk, hingede ajaks<\/a>.<br \/>\nSaatuse tahtel tegi mulle paki <strong>Priima- Tiina<\/strong> :) Pean \u00fctlema, et pakk oli imekena. Seda enam, et valge meeldib mulle v\u00e4ga ja ka eelmises pakivahetuses valisin ma valge v\u00e4rvi. Tiina oli n\u00e4inud k\u00f5vasti vaeva ja selle tulemusena olen ma n\u00fc\u00fcd superkena valge kolmnurkse \u00f5lasalli \u00f5nnelik omanik. Veel oli pakis keraamiline inglike, valge \u00c5\u00a1okolaad ja Valge tee Tetley-lt. Suur, suur t\u00e4nu Sulle, Tiina, veelkord.<\/p>\n<p><center><a href=\"\/pildid\/285\/IMG_6396k.jpg\"><img decoding=\"async\" src=\"\/pildid\/285\/IMG_6396v.jpg\" alt=\"valge pakk\" \/><\/a><\/center><\/p>\n<p>Ise olin paki tegemisega t\u00f5tt\u00f6elda h\u00e4das :S Nagu kiuste langes samasse aega lapse esimene s\u00fcnnip\u00e4ev ja seoses sellega mitte v\u00e4he sebimist. Muul ajal ajavad t\u00f6\u00f6 ja kodused toimetused pidevalt takka :S Oleks tahtnud palju enam endast paki tegemisse anda, aga seekord jah, kahjuks sedaviisi. T\u00f5es\u00f5na, kripeldab v\u00e4ga. Nii kiire oli, et isegi pilti ei j\u00f5udnud teha :S Postkontorisse saatsin ka poja. Aga <a href=\"http:\/\/erin.lap.ee\/kitsekylalised\/?p=117\">Erru<\/a> selle paki sai ja tema blogist saab ka pilti n\u00e4ha. <\/p>\n","protected":false},"excerpt":{"rendered":"<p>Olen v\u00f5lgu \u00fche v\u00e4ikese lookese. Nimelt, hiljuti oli meil Kullakeste foorumis armas pakivahetus. Teemaks-Valge pakk, hingede ajaks. Saatuse tahtel tegi mulle paki Priima- Tiina :) Pean \u00fctlema, et pakk oli imekena. Seda enam, et valge meeldib mulle v\u00e4ga ja ka &hellip; <a href=\"https:\/\/www.kaldkriips.ee\/?p=285\">J\u00e4tka lugemist <span class=\"meta-nav\">&rarr;<\/span><\/a><\/p>\n","protected":false},"author":1,"featured_media":0,"comment_status":"open","ping_status":"closed","sticky":false,"template":"","format":"standard","meta":{"footnotes":""},"categories":[5],"tags":[],"class_list":["post-285","post","type-post","status-publish","format-standard","hentry","category-mina-ise-ja-muud-loomad"],"_links":{"self":[{"href":"https:\/\/www.kaldkriips.ee\/index.php?rest_route=\/wp\/v2\/posts\/285"}],"collection":[{"href":"https:\/\/www.kaldkriips.ee\/index.php?rest_route=\/wp\/v2\/posts"}],"about":[{"href":"https:\/\/www.kaldkriips.ee\/index.php?rest_route=\/wp\/v2\/types\/post"}],"author":[{"embeddable":true,"href":"https:\/\/www.kaldkriips.ee\/index.php?rest_route=\/wp\/v2\/users\/1"}],"replies":[{"embeddable":true,"href":"https:\/\/www.kaldkriips.ee\/index.php?rest_route=%2Fwp%2Fv2%2Fcomments&post=285"}],"version-history":[{"count":0,"href":"https:\/\/www.kaldkriips.ee\/index.php?rest_route=\/wp\/v2\/posts\/285\/revisions"}],"wp:attachment":[{"href":"https:\/\/www.kaldkriips.ee\/index.php?rest_route=%2Fwp%2Fv2%2Fmedia&parent=285"}],"wp:term":[{"taxonomy":"category","embeddable":true,"href":"https:\/\/www.kaldkriips.ee\/index.php?rest_route=%2Fwp%2Fv2%2Fcategories&post=285"},{"taxonomy":"post_tag","embeddable":true,"href":"https:\/\/www.kaldkriips.ee\/index.php?rest_route=%2Fwp%2Fv2%2Ftags&post=285"}],"curies":[{"name":"wp","href":"https:\/\/api.w.org\/{rel}","templated":true}]}}