{"id":284,"date":"2007-11-11T20:30:41","date_gmt":"2007-11-11T18:30:41","guid":{"rendered":"http:\/\/blog.kaldkriips.ee\/?p=284"},"modified":"2008-08-10T22:21:45","modified_gmt":"2008-08-10T20:21:45","slug":"kleidikesed","status":"publish","type":"post","link":"https:\/\/www.kaldkriips.ee\/?p=284","title":{"rendered":"Kleidikesed"},"content":{"rendered":"<p>Viimase aja k\u00e4sit\u00f6\u00f6alaseks saavutuseks on kaks v\u00e4ikest kleidikest kahele aastasele preilile.<br \/>\nTegelikult on mul v\u00e4ga ammu olnud soov disainida ja \u00f5mmelda r\u00f5ivaid v\u00e4ikelastele. N\u00fc\u00fcd, kui endal on \u00fcle pika aja majas v\u00e4ike laps, on vajadus selle j\u00e4rgi kasvanud. Ei rahulda kahjuks meie kaubandusv\u00f5rgus ei valik ei hinnatase. Ajaga on juba pikemat aega nii nagu on, aga l\u00f5puks said kaks pihikseelikut valmis. \u00dcks t\u00fctrele enne esimest s\u00fcnnip\u00e4eva ja teine t\u00fctre pisikesele s\u00f5brannale aastase s\u00fcnnip\u00e4eva kingituseks. <\/p>\n<p>Esimesena sai valmis t\u00fctre kleit. Selle l\u00f5petamisega oli probleem, sest puudusid minu dekoratiivsed kiiksun\u00f6\u00f6bid ja esimene pilt saigi  ilma nendeta.<\/p>\n<p><center><a href=\"\/pildid\/284\/IMG_6197k.jpg\"><img decoding=\"async\" src=\"\/pildid\/284\/IMG_6197v.jpg\" alt=\"kleit\" \/><\/a><\/center><\/p>\n<p>Kleidil on all\u00e4\u00e4res puuvillasest mustrilisest kangast all\u00e4\u00e4repikendus ja \u00c5\u00a1enilltehnikas ribadest kaunistused. Kleit ise on peenetriibulisest velvetist.<br \/>\nKinnitus on n\u00f6\u00f6pidega selja tagant. <\/p>\n<p><center><a href=\"\/pildid\/284\/IMG_6198k.jpg\"><img decoding=\"async\" src=\"\/pildid\/284\/IMG_6198v.jpg\" alt=\"kaunistus\" \/><\/a><\/center><\/p>\n<p>V\u00e4ike modellihakatis ronis k\u00f5rgemale, et n\u00e4idata oma kleidikest :)<\/p>\n<p><center><a href=\"\/pildid\/284\/IMG_6362k.jpg\"><img decoding=\"async\" src=\"\/pildid\/284\/IMG_6362v.jpg\" alt=\"Kirke\" \/><\/a><\/center><\/p>\n<p>Sellel pildil on aga piiga koos kavaleriga oma s\u00fcnnip\u00e4evapeol. N\u00fc\u00fcd on n\u00e4ha ka Tartu Liannist ostetud kaks s\u00fcdamekujulist n\u00f6\u00f6pi, dekoreerimaks esiosa.<\/p>\n<p><center><a href=\"\/pildid\/284\/IMG_6367k.jpg\"><img decoding=\"async\" src=\"\/pildid\/284\/IMG_6367v.jpg\" alt=\"kleit\" \/><\/a><\/center><\/p>\n<p>J\u00e4rgmisena sai valmis kleit \u00fchele teisele aastasele t\u00fcdrukule.<br \/>\nSamuti peenetriibulisest velvetist, esiosal n\u00f6\u00f6rvoldid ja paelkaunistus. All\u00e4\u00e4res pikendus puuvillasest kangast ja samuti paelkaunistus.<\/p>\n<p><center><a href=\"\/pildid\/284\/IMG_6196k.jpg\"><img decoding=\"async\" src=\"\/pildid\/284\/IMG_6196v.jpg\" alt=\"kleit\" \/><\/a><\/center><\/p>\n<p>M\u00f5lemad kleidid on viimistletud k\u00e4eaukudest ja kaelusest voodriga puuvillasest kangast. <\/p>\n<p><center><a href=\"\/pildid\/284\/IMG_6194k.jpg\"><img decoding=\"async\" src=\"\/pildid\/284\/IMG_6194v.jpg\" alt=\"kaktus\" \/><\/a><\/center><\/p>\n<p>N\u00fc\u00fcd on siis algus tehtud ja loodan, et r\u00f5ivaid v\u00e4ikestele inimestele tuleb veel :)<\/p>\n","protected":false},"excerpt":{"rendered":"<p>Viimase aja k\u00e4sit\u00f6\u00f6alaseks saavutuseks on kaks v\u00e4ikest kleidikest kahele aastasele preilile. Tegelikult on mul v\u00e4ga ammu olnud soov disainida ja \u00f5mmelda r\u00f5ivaid v\u00e4ikelastele. N\u00fc\u00fcd, kui endal on \u00fcle pika aja majas v\u00e4ike laps, on vajadus selle j\u00e4rgi kasvanud. Ei rahulda &hellip; <a href=\"https:\/\/www.kaldkriips.ee\/?p=284\">J\u00e4tka lugemist <span class=\"meta-nav\">&rarr;<\/span><\/a><\/p>\n","protected":false},"author":1,"featured_media":0,"comment_status":"open","ping_status":"closed","sticky":false,"template":"","format":"standard","meta":{"footnotes":""},"categories":[5],"tags":[],"class_list":["post-284","post","type-post","status-publish","format-standard","hentry","category-mina-ise-ja-muud-loomad"],"_links":{"self":[{"href":"https:\/\/www.kaldkriips.ee\/index.php?rest_route=\/wp\/v2\/posts\/284"}],"collection":[{"href":"https:\/\/www.kaldkriips.ee\/index.php?rest_route=\/wp\/v2\/posts"}],"about":[{"href":"https:\/\/www.kaldkriips.ee\/index.php?rest_route=\/wp\/v2\/types\/post"}],"author":[{"embeddable":true,"href":"https:\/\/www.kaldkriips.ee\/index.php?rest_route=\/wp\/v2\/users\/1"}],"replies":[{"embeddable":true,"href":"https:\/\/www.kaldkriips.ee\/index.php?rest_route=%2Fwp%2Fv2%2Fcomments&post=284"}],"version-history":[{"count":0,"href":"https:\/\/www.kaldkriips.ee\/index.php?rest_route=\/wp\/v2\/posts\/284\/revisions"}],"wp:attachment":[{"href":"https:\/\/www.kaldkriips.ee\/index.php?rest_route=%2Fwp%2Fv2%2Fmedia&parent=284"}],"wp:term":[{"taxonomy":"category","embeddable":true,"href":"https:\/\/www.kaldkriips.ee\/index.php?rest_route=%2Fwp%2Fv2%2Fcategories&post=284"},{"taxonomy":"post_tag","embeddable":true,"href":"https:\/\/www.kaldkriips.ee\/index.php?rest_route=%2Fwp%2Fv2%2Ftags&post=284"}],"curies":[{"name":"wp","href":"https:\/\/api.w.org\/{rel}","templated":true}]}}