{"id":2499,"date":"2013-10-04T20:21:25","date_gmt":"2013-10-04T18:21:25","guid":{"rendered":"http:\/\/blog.kaldkriips.ee\/?p=2499"},"modified":"2014-07-10T18:24:05","modified_gmt":"2014-07-10T16:24:05","slug":"sussikott","status":"publish","type":"post","link":"https:\/\/www.kaldkriips.ee\/?p=2499","title":{"rendered":"Sussikott"},"content":{"rendered":"<p>\u00dcleeile \u00f5htul t\u00f6\u00f6lt tulles oli kallal mingi jube v\u00e4simus ja kui ma peale s\u00f6\u00f6ki l\u00e4ksin veidikeseks lugema, siis j\u00e4in m\u00f5ne aja p\u00e4rast lihtsalt magama&#8230;ja magasin vist liiga kaua. Mis seal salata, tempo on praegu hull.  Igatahes, kui p\u00e4rast lapsele raamat ette loetud ja musid kallid enne und olid tehtud, polnud minul enam uneraasugi. L\u00f5petasin k\u00f6\u00f6gis vajalikud tegemised ja&#8230;otsustasin, et teen \u00fche tarviliku asja \u00e4ra. Tirts k\u00e4ib kaks korda n\u00e4dalas laulmas ja veab pidevalt oma vahetusjalatseid. Kord \u00fche, kord teise kotiga. Nii otsustasingi, et teen \u00fche konkreetse sussikoti, kus need vahetusjalatsid v\u00f5ivad alati sees olla. Eks varsti tuleb vist ujumisasjade kott ka teha, sest teisip\u00e4evast hakkab lastel lasteaias ujumine :) Hommikul l\u00e4ksin loomulikult t\u00f6\u00f6le Une Mati \u00f5lal kaasas, sest k\u00e4sit\u00f6\u00f6line tegevus venis \u00f6\u00f6sse.<\/p>\n<p>Kott ise on puhtalt minu lemmik ja Kirkele \u00f5nneks meeldivad ka t\u00e4pid ja triibud :) \u00dchelt poolt must, teiselt mururoheline. Seest hoopist\u00fckki triibuline. Kaunistuseks&#8230;.Edelweiss, edelweiss &#8211; kaunis lilleke v\u00e4ike&#8230;<\/p>\n<p>Hommikul oli laps oma uue koti \u00fcle siiralt \u00f5nnelik ja p\u00e4eval k\u00e4is juba sellega laulmas. \u00d5htul pannakse kott n\u00fc\u00fcd kenasti voodiotsale rippu. <\/p>\n<p><center><a href=\"\/pildid\/1014\/IMG_7836.jpg\"><img decoding=\"async\" src=\"\/pildid\/1014\/IMG_7836.jpg\" alt=\"kott\" \/><\/a><\/center><\/p>\n<p><center><a href=\"\/pildid\/1014\/IMG_7827.jpg\"><img decoding=\"async\" src=\"\/pildid\/1014\/IMG_7827.jpg\" alt=\"kott\" \/><\/a><\/center><\/p>\n<p><center><a href=\"\/pildid\/1014\/IMG_7828.jpg\"><img decoding=\"async\" src=\"\/pildid\/1014\/IMG_7828.jpg\" alt=\"kott\" \/><\/a><\/center><\/p>\n<p><center><a href=\"\/pildid\/1014\/IMG_7822.jpg\"><img decoding=\"async\" src=\"\/pildid\/1014\/IMG_7822.jpg\" alt=\"kott\" \/><\/a><\/center><\/p>\n<p><center><a href=\"\/pildid\/1014\/IMG_7823.jpg\"><img decoding=\"async\" src=\"\/pildid\/1014\/IMG_7823.jpg\" alt=\"kott\" \/><\/a><\/center><\/p>\n<p><center><a href=\"\/pildid\/1014\/IMG_7829.jpg\"><img decoding=\"async\" src=\"\/pildid\/1014\/IMG_7829.jpg\" alt=\"kott\" \/><\/a><\/center><\/p>\n<p>Natuke on n\u00fc\u00fcd juba sellest kotiloo kirjutamisest aega m\u00f6\u00f6das ja vahepeal on tekkinud vajadus veel lasteaeda spordiriiete ehk sports\u00e4rgi ja l\u00fchikeste p\u00fckste koti j\u00e4rele. Kasvatajad eile koosolekul avaldasid arvamust, et lapsed ei leia oma spordiriideid \u00fcles ja m\u00f5nel pole neid \u00fcldse ja et v\u00f5iks olla miski kott nende jaoks. Ma pole teiste kappidesse kunagi piilunud, aga meil on k\u00fcll spordiriietega k\u00f5ik korras. Hooaja algusest on kapis alati olemas sports\u00e4rk ja l\u00fchikesed p\u00fcksid, mis vastavalt vajadusele k\u00e4ivad kodus pesus ja sassis pole nad tal ka kapis kunagi olnud, vaid kenasti \u00fclemisel riiulil koos. Noh, aga ega mul pole siis raske veel \u00fchte kotti talle teha. Pealegi t\u00e4na palus \u00fche lasteaiakaaslase ema ja veel m\u00f5ni tuttav, et teeksin nende lastele ka  kotikese :) Niiet kaks kotti v\u00f5i kolm &#8211; neli kotti koos teha pole k\u00fcll mingi probleem. Pealegi on nende tegemine mulle puhas r\u00f5\u00f5m ja teraapia p\u00e4evat\u00f6\u00f6st :) Kui hommse kiire m\u00f6\u00f6da saan, siis ehk juba p\u00fchap\u00e4eval tulebki lisa. <\/p>\n","protected":false},"excerpt":{"rendered":"<p>\u00dcleeile \u00f5htul t\u00f6\u00f6lt tulles oli kallal mingi jube v\u00e4simus ja kui ma peale s\u00f6\u00f6ki l\u00e4ksin veidikeseks lugema, siis j\u00e4in m\u00f5ne aja p\u00e4rast lihtsalt magama&#8230;ja magasin vist liiga kaua. Mis seal salata, tempo on praegu hull. Igatahes, kui p\u00e4rast lapsele raamat &hellip; <a href=\"https:\/\/www.kaldkriips.ee\/?p=2499\">J\u00e4tka lugemist <span class=\"meta-nav\">&rarr;<\/span><\/a><\/p>\n","protected":false},"author":1,"featured_media":0,"comment_status":"open","ping_status":"open","sticky":false,"template":"","format":"standard","meta":{"footnotes":""},"categories":[5,33],"tags":[],"class_list":["post-2499","post","type-post","status-publish","format-standard","hentry","category-mina-ise-ja-muud-loomad","category-minu-kasitoo"],"_links":{"self":[{"href":"https:\/\/www.kaldkriips.ee\/index.php?rest_route=\/wp\/v2\/posts\/2499"}],"collection":[{"href":"https:\/\/www.kaldkriips.ee\/index.php?rest_route=\/wp\/v2\/posts"}],"about":[{"href":"https:\/\/www.kaldkriips.ee\/index.php?rest_route=\/wp\/v2\/types\/post"}],"author":[{"embeddable":true,"href":"https:\/\/www.kaldkriips.ee\/index.php?rest_route=\/wp\/v2\/users\/1"}],"replies":[{"embeddable":true,"href":"https:\/\/www.kaldkriips.ee\/index.php?rest_route=%2Fwp%2Fv2%2Fcomments&post=2499"}],"version-history":[{"count":15,"href":"https:\/\/www.kaldkriips.ee\/index.php?rest_route=\/wp\/v2\/posts\/2499\/revisions"}],"predecessor-version":[{"id":3035,"href":"https:\/\/www.kaldkriips.ee\/index.php?rest_route=\/wp\/v2\/posts\/2499\/revisions\/3035"}],"wp:attachment":[{"href":"https:\/\/www.kaldkriips.ee\/index.php?rest_route=%2Fwp%2Fv2%2Fmedia&parent=2499"}],"wp:term":[{"taxonomy":"category","embeddable":true,"href":"https:\/\/www.kaldkriips.ee\/index.php?rest_route=%2Fwp%2Fv2%2Fcategories&post=2499"},{"taxonomy":"post_tag","embeddable":true,"href":"https:\/\/www.kaldkriips.ee\/index.php?rest_route=%2Fwp%2Fv2%2Ftags&post=2499"}],"curies":[{"name":"wp","href":"https:\/\/api.w.org\/{rel}","templated":true}]}}