{"id":2471,"date":"2013-09-30T19:27:49","date_gmt":"2013-09-30T17:27:49","guid":{"rendered":"http:\/\/blog.kaldkriips.ee\/?p=2471"},"modified":"2013-09-30T19:43:01","modified_gmt":"2013-09-30T17:43:01","slug":"uks-hulkurite-paev","status":"publish","type":"post","link":"https:\/\/www.kaldkriips.ee\/?p=2471","title":{"rendered":"\u00dcks hulkurite p\u00e4ev"},"content":{"rendered":"<p>Meile meeldib koos lapsega vahest minna lihtsalt kusagile hulkuma. Veel parem, kui on kaashulkujaid. Kuigi me oleme Tallinnas oitaevas, kui palju k\u00e4inud, siis minumeelest on linna alati uus ja huvitav. Muutuv ja \u00fcllatav. Vahest heast, vahest kehvemast k\u00fcljest. M\u00f5ni n\u00e4dal tagasi septembris olime 12-ks linnas, varsti saime kokku minu s\u00f5branna ja tema pojaga, kes on p\u00e4ev Kirkest noorem ja avastusretk linnas v\u00f5iski alata. Etteruttavalt v\u00f5in \u00f6elda, et me sedasi marssisimegi m\u00f6\u00f6da linna \u00f5htul kaheksani. Vaid korra, kui s\u00f5ime, siis istusime. Lapsed ei istunud sedagi, aina tuiskasid ringi. J\u00e4rgmisel p\u00e4eval sain mina igatahes aru, et olin vist liiga palju k\u00f5ndinud. Lapsed on sitked, Kirkel polnud h\u00e4da midagi.<br \/>\nAlustasime sellega, et seiklesime Kirkega natuke aega kangapoes. Jajaaa, ma ostsin sealt ikka m\u00f5ne jupi, mida oli H\u00c4DASTI vaja :) Naaaatukene, sest kangaid pole just l\u00f5bus p\u00e4ev otsa seljas vedada. Edasi saimegi s\u00f5pradega kokku. Matkasime lapsed kahekesi ees ja meie s\u00f5brannaga sabas otse Kadriorgu. Kuna NOP-i hoovis oli mahetoidu laat, siis sinna me ka suundusime. Ma ei teinud seal \u00fchtegi pilti, sest seal oli liiga palju, mida maitsta ja vaadata. Ostuta ma ei lahkunud  &#8211; m\u00f5ned ingveritooted ja talunikult ostetud k\u00fc\u00fcslaugupekisink said kotti k\u00fcll.<br \/>\nEdasi l\u00e4ksime Kadrioru parki. Lapsed j\u00e4id Miia &#8211; Milla &#8211; Manda ette m\u00e4nguv\u00e4ljakule m\u00e4ngima ja meie l\u00e4ksime parki ning Kumusse jalutama. <\/p>\n<p>Enne KUMU-t oli \u00fcks aiake, kus kasvasid imelised daaliad ja j\u00f6rjenid. \u00dcks usin mesilanegi tegi veel t\u00f6\u00f6d.<\/p>\n<p><center><a href=\"\/pildid\/1012\/IMG_7224.jpg\"><img decoding=\"async\" src=\"\/pildid\/1012\/IMG_7224.jpg\" alt=\"linakolamised\" \/><\/a><\/center><\/p>\n<p>KUMU sissep\u00e4\u00e4s oli s\u00fcgisv\u00e4rvidest \u00fcmbritsetud ja ilutses oma peegeldustes.<\/p>\n<p><center><a href=\"\/pildid\/1012\/IMG_7227.jpg\"><img decoding=\"async\" src=\"\/pildid\/1012\/IMG_7227.jpg\" alt=\"linnakolamised\" \/><\/a><\/center><\/p>\n<p>Majas sees kohe peale sissep\u00e4\u00e4su oli hetkel \u00fcks huvitavate t\u00fcnnide ekspositsioon. Huvitavad vormid tekkisid. Jooned ja t\u00fcnn&#8230;<\/p>\n<p><center><a href=\"\/pildid\/1012\/IMG_7246.jpg\"><img decoding=\"async\" src=\"\/pildid\/1012\/IMG_7246.jpg\" alt=\"linnakolamised\" \/><\/a><\/center><\/p>\n<p>Kauaks me sisse pidama ei j\u00e4\u00e4nud ja varsti olime teisest uksest juba sise\u00f5ues. Treppidelt pildistasin hoonet oma peegeldustega p\u00e4ikeses&#8230;ja kodus avastasin ennastki sealt peegelpildilt :)<\/p>\n<p><center><a href=\"\/pildid\/1012\/IMG_7255.jpg\"><img decoding=\"async\" src=\"\/pildid\/1012\/IMG_7255.jpg\" alt=\"linnakolamised\" \/><\/a><\/center><\/p>\n<p>S\u00f5branna sihtis parasjagu mingit olulist kaadrit&#8230;<\/p>\n<p><center><a href=\"\/pildid\/1012\/IMG_7253.jpg\"><img decoding=\"async\" src=\"\/pildid\/1012\/IMG_7253.jpg\" alt=\"linnakolamised\" \/><\/a><\/center><\/p>\n<p>P\u00f6\u00f6rasime l\u00f5puks otsa ringi ja l\u00e4ksime laste juurde m\u00e4nguplatsile. Pargis j\u00e4i silma ilus s\u00fcgisene vahtraleht. \u00dcksik, paljude omasuguste seas. S\u00fcgis oli juba oma kirju poole meieni toonud, aga ilm oli veel suviselt soe. M\u00f5ne p\u00e4eva p\u00e4rast algas kalendris\u00fcgis ja kohal olid kohe ka k\u00fclmad ilmad. <\/p>\n<p><center><a href=\"\/pildid\/1012\/IMG_7222.jpg\"><img decoding=\"async\" src=\"\/pildid\/1012\/IMG_7222.jpg\" alt=\"linnakolamised\" \/><\/a><\/center><\/p>\n<p>Kadriorukant l\u00e4bi hulgutud, suundusime sujuvalt hoopist\u00fckki Kalamaja poole. K\u00f5igepealt s\u00f6\u00f6ma, sest lastel olid k\u00f5hud v\u00e4rskes \u00f5hus trallimisest t\u00fchjad ja eks me isegi polnud enam v\u00e4ikese supi vastu. S\u00f6\u00f6dud, joodud ning puhatud, suundusime edasi Kalamaja s\u00fcgavustesse. K\u00e4isime vaatamas s\u00f5branna kunagist lapsep\u00f5lvekodu ja sealt edasi l\u00e4ksime Kalmistuparki. Sinna sattusin ma elus esimest korda. <\/p>\n<p>Enne parki s\u00e4ras p\u00e4ikeses \u00fclesvuntsitud vana Volta hoone. <\/p>\n<p><center><a href=\"\/pildid\/1012\/IMG_7278.jpg\"><img decoding=\"async\" src=\"\/pildid\/1012\/IMG_7278.jpg\" alt=\"linnakolamised\" \/><\/a><\/center><\/p>\n<p>Pargis sees oli \u00fcks ilus purskkaev, mis tekitas udu. <\/p>\n<p><center><a href=\"\/pildid\/1012\/IMG_7288.jpg\"><img decoding=\"async\" src=\"\/pildid\/1012\/IMG_7288.jpg\" alt=\"linnakolamised\" \/><\/a><\/center><\/p>\n<p><center><a href=\"\/pildid\/1012\/IMG_7307.jpg\"><img decoding=\"async\" src=\"\/pildid\/1012\/IMG_7307.jpg\" alt=\"linnakolamised\" \/><\/a><\/center><\/p>\n<p>V\u00e4ike tutvus kohaliku kabeliga ja peagi olime pargi teises servas.<\/p>\n<p>Peale pargitiire olime \u00e4kki mere kaldal Lennusadama ja Patareivangla juures. Seal me siis kolasime edasi. <\/p>\n<p>Patareis piirdusime ainult \u00f5uel kondamisega. Mina ja s\u00f5branna olime m\u00f5lemad siseruumides k\u00e4inud. Mina nii ekskursioonil kui ka fotokoolitusel ja t\u00f5tt\u00f6elda pole mul enam isu sinna m\u00fc\u00fcride vahele sattuda. Veel v\u00e4hem koos lastega. Viimane k\u00e4ik p\u00f5hjustas mulle terveks \u00f5htuks ebameeldiva k\u00f6ha ja vastiku klombi kurgus. Niiskus ja hallitus teevad seal ilmselgelt oma t\u00f6\u00f6d. <\/p>\n<p>\u00d5uepeal oli aga p\u00e4ike ja p\u00e4ikeses n\u00e4gime kunagiste kohalike asukate ja ilmselt veel kellegi kunstilisi v\u00e4ljendusi. <\/p>\n<p><center><a href=\"\/pildid\/1012\/IMG_7311.jpg\"><img decoding=\"async\" src=\"\/pildid\/1012\/IMG_7311.jpg\" alt=\"linnakolamised\" \/><\/a><\/center><\/p>\n<p><center><a href=\"\/pildid\/1012\/IMG_7322.jpg\"><img decoding=\"async\" src=\"\/pildid\/1012\/IMG_7322.jpg\" alt=\"linnakolamised\" \/><\/a><\/center><\/p>\n<p><center><a href=\"\/pildid\/1012\/IMG_7313.jpg\"><img decoding=\"async\" src=\"\/pildid\/1012\/IMG_7313.jpg\" alt=\"linnakolamised\" \/><\/a><\/center><\/p>\n<p><center><a href=\"\/pildid\/1012\/IMG_7321.jpg\"><img decoding=\"async\" src=\"\/pildid\/1012\/IMG_7321.jpg\" alt=\"linnakolamised\" \/><\/a><\/center><\/p>\n<p>Ja hetk, kus kohtuvad merepoolne vabadus ja traadist sissepoole&#8230;vabaduse kaotus&#8230;<\/p>\n<p><center><a href=\"\/pildid\/1012\/IMG_7317.jpg\"><img decoding=\"async\" src=\"\/pildid\/1012\/IMG_7317.jpg\" alt=\"linnakolamised\" \/><\/a><\/center><\/p>\n<p>J\u00e4tsime vangla seljataha <\/p>\n<p><center><a href=\"\/pildid\/1012\/IMG_7327.jpg\"><img decoding=\"async\" src=\"\/pildid\/1012\/IMG_7327.jpg\" alt=\"linnakolamised\" \/><\/a><\/center><\/p>\n<p>Ja veidi linnapoole minnes, n\u00e4gime sellise kirjaga treppi&#8230;nojah, s\u00fcgavam\u00f5tteline v\u00e4ljenuds.<\/p>\n<p><center><a href=\"\/pildid\/1012\/IMG_7330.jpg\"><img decoding=\"async\" src=\"\/pildid\/1012\/IMG_7330.jpg\" alt=\"linnakolamised\" \/><\/a><\/center><\/p>\n<p>Patareist l\u00e4ksime m\u00f6\u00f6da serva edasi kuni Linnahallini. Millegip\u00e4rast meenub mulle sellist pilti rannal n\u00e4hes ammu loetud raamat &#8221; Krahv Monte Cristo&#8221; Ma ei oskagi \u00f6elda miks, aga meenub.<\/p>\n<p><center><a href=\"\/pildid\/1012\/IMG_7337.jpg\"><img decoding=\"async\" src=\"\/pildid\/1012\/IMG_7337.jpg\" alt=\"linnakolamised\" \/><\/a><\/center><\/p>\n<p>Ja teisele poole vaadates vaatas juba vastu n\u00f5ukaaegne legendaarne Linnahall, sadamakai \u00e4\u00e4res truult seismas LindaLine punased laevad.<\/p>\n<p><center><a href=\"\/pildid\/1012\/IMG_7342.jpg\"><img decoding=\"async\" src=\"\/pildid\/1012\/IMG_7342.jpg\" alt=\"linnakolamised\" \/><\/a><\/center><\/p>\n<p>Natuke veel ja olimegi ise ka Linnahalli k\u00f5rval.<\/p>\n<p> Oleks meeleldi teinud tiiru vaaterattal, aga emal- lapsel oleks 4 minuti s\u00f5idu eest olnud vaja k\u00e4ia v\u00e4lja 8 raha sulas&#8230;meil oli ainult 3 :) Noh, seekord siis imetlesime ratast eemalt. <\/p>\n<p><center><a href=\"\/pildid\/1012\/IMG_7347.jpg\"><img decoding=\"async\" src=\"\/pildid\/1012\/IMG_7347.jpg\" alt=\"linnakolamised\" \/><\/a><\/center><\/p>\n<p><center><a href=\"\/pildid\/1012\/IMG_7353.jpg\"><img decoding=\"async\" src=\"\/pildid\/1012\/IMG_7353.jpg\" alt=\"linnakolamised\" \/><\/a><\/center><\/p>\n<p>S\u00f5branna oma pojaga saatsime sealt trammile, aga ise l\u00e4ksime veel l\u00e4bi Rotermanni kvartali kesklinna, et tuua \u00e4ra Virust \u00fcks sinna j\u00e4etud pakk ning siis juba jalutades l\u00e4bi vanalinna \u00fcle Raekoja platsi&#8230;minna rongile. <\/p>\n<p>Kirke tellis roosa kastiga pildi :)<\/p>\n<p><center><a href=\"\/pildid\/1012\/IMG_7361.jpg\"><img decoding=\"async\" src=\"\/pildid\/1012\/IMG_7361.jpg\" alt=\"linnakolamised\" \/><\/a><\/center><\/p>\n<p>Nii j\u00f5udsime oma r\u00e4nnakutega tagasi kesklinna ja \u00fcle Raekoja platsi rongijaama minnes polnud \u00fcldse tunnet, et s\u00fcgis on kohe kohal. Nii palju oli linnas turiste ja kohvikutes l\u00f5busat sagimist&#8230;<\/p>\n<p><center><a href=\"\/pildid\/1012\/IMG_7367.jpg\"><img decoding=\"async\" src=\"\/pildid\/1012\/IMG_7367.jpg\" alt=\"linnakolamised\" \/><\/a><\/center><\/p>\n<p>Olime kohal. Rong juba ootas, et viia meid koju<\/p>\n<p>Eiei, koju s\u00f5ites me ei maganud :) Ajasime lapsega juttu ja vahetasime p\u00e4evaseid muljeid. Kodus olime juba pimedas ja k\u00f5igest paar tundi enne kesk\u00f6\u00f6d. Jah, mis seal salata &#8211; uni oli sel \u00f6\u00f6l hea :)<\/p>\n","protected":false},"excerpt":{"rendered":"<p>Meile meeldib koos lapsega vahest minna lihtsalt kusagile hulkuma. Veel parem, kui on kaashulkujaid. Kuigi me oleme Tallinnas oitaevas, kui palju k\u00e4inud, siis minumeelest on linna alati uus ja huvitav. Muutuv ja \u00fcllatav. Vahest heast, vahest kehvemast k\u00fcljest. M\u00f5ni n\u00e4dal &hellip; <a href=\"https:\/\/www.kaldkriips.ee\/?p=2471\">J\u00e4tka lugemist <span class=\"meta-nav\">&rarr;<\/span><\/a><\/p>\n","protected":false},"author":1,"featured_media":0,"comment_status":"open","ping_status":"open","sticky":false,"template":"","format":"standard","meta":{"footnotes":""},"categories":[5],"tags":[],"class_list":["post-2471","post","type-post","status-publish","format-standard","hentry","category-mina-ise-ja-muud-loomad"],"_links":{"self":[{"href":"https:\/\/www.kaldkriips.ee\/index.php?rest_route=\/wp\/v2\/posts\/2471"}],"collection":[{"href":"https:\/\/www.kaldkriips.ee\/index.php?rest_route=\/wp\/v2\/posts"}],"about":[{"href":"https:\/\/www.kaldkriips.ee\/index.php?rest_route=\/wp\/v2\/types\/post"}],"author":[{"embeddable":true,"href":"https:\/\/www.kaldkriips.ee\/index.php?rest_route=\/wp\/v2\/users\/1"}],"replies":[{"embeddable":true,"href":"https:\/\/www.kaldkriips.ee\/index.php?rest_route=%2Fwp%2Fv2%2Fcomments&post=2471"}],"version-history":[{"count":17,"href":"https:\/\/www.kaldkriips.ee\/index.php?rest_route=\/wp\/v2\/posts\/2471\/revisions"}],"predecessor-version":[{"id":2488,"href":"https:\/\/www.kaldkriips.ee\/index.php?rest_route=\/wp\/v2\/posts\/2471\/revisions\/2488"}],"wp:attachment":[{"href":"https:\/\/www.kaldkriips.ee\/index.php?rest_route=%2Fwp%2Fv2%2Fmedia&parent=2471"}],"wp:term":[{"taxonomy":"category","embeddable":true,"href":"https:\/\/www.kaldkriips.ee\/index.php?rest_route=%2Fwp%2Fv2%2Fcategories&post=2471"},{"taxonomy":"post_tag","embeddable":true,"href":"https:\/\/www.kaldkriips.ee\/index.php?rest_route=%2Fwp%2Fv2%2Ftags&post=2471"}],"curies":[{"name":"wp","href":"https:\/\/api.w.org\/{rel}","templated":true}]}}